{"id":992308,"date":"2025-12-01T16:04:12","date_gmt":"2025-12-01T19:04:12","guid":{"rendered":"https:\/\/www.cnbb.org.br\/?p=992308"},"modified":"2025-12-02T11:49:32","modified_gmt":"2025-12-02T14:49:32","slug":"faleceu-o-bispo-emerito-de-marilia-sp-dom-osvaldo-giuntini","status":"publish","type":"post","link":"https:\/\/www.cnbb.org.br\/faleceu-o-bispo-emerito-de-marilia-sp-dom-osvaldo-giuntini\/","title":{"rendered":"Faleceu o bispo em\u00e9rito de Mar\u00edlia (SP), dom Osvaldo Giuntini"},"content":{"rendered":"<p style=\"text-align: justify;\">O bispo da diocese de Mar\u00edlia (SP), dom Luiz Antonio Cipolini, <span style=\"font-size: 16px;\">divulgou uma nota sobre o falecimento do bispo em\u00e9rito da diocese de Mar\u00edlia, dom Osvaldo Giuntini, na tarde deste dia 1\u00ba de dezembro. Dom Osvaldo, 89 anos de idade, seguia internado na Unidade de Terapia Intensiva (UTI), dom Hospital Beneficente do Hospital de Mar\u00edlia (HBU), em Mar\u00edlia, desde o \u00faltimo dia 13 de novembro.\u00a0<\/span><\/p>\n<p style=\"text-align: justify;\">O funeral ocorrer\u00e1 na Catedral Bas\u00edlica de S\u00e3o Bento Abade com previs\u00e3o para o in\u00edcio da noite deste dia 1\u00b0 dezembro. Mais detalhes ser\u00e3o divulgados nos canais oficiais da diocese.\u00a0 <span style=\"font-size: 16px;\">A Confer\u00eancia Nacional dos Bispos do Brasil (CNBB) enviou uma Nota de Condol\u00eancia ao bispo de Mar\u00edlia, aos familiares e amigos de dom Osvaldo.\u00a0<\/span><\/p>\n<h3 style=\"text-align: justify;\">Nota de Condol\u00eancia da CNBB<\/h3>\n<p>&nbsp;<\/p>\n<p>Estimado irm\u00e3o, Dom Luiz Antonio Cipolini<\/p>\n<p style=\"text-align: justify;\">Recebemos, com pesar, a not\u00edcia do falecimento de nosso irm\u00e3o Dom Osvaldo Giuntini, que por mais de 38 anos anos serviu \u00e0 Igreja Particular de Mar\u00edlia (SP) como Pastor dedicado e zeloso pela miss\u00e3o da Igreja e o cuidado pastoral de seu povo.<\/p>\n<p style=\"text-align: justify;\">Dom \u00a0Osvaldo, como expressa o seu pr\u00f3prio lema episcopal, \u201cDou-vos a minha vida\u201d (Vitam meam do vobis), doou a sua vida \u00e0 Igrejas particulares no Regional Sul 1 de nossa Confer\u00eancia.\u00a0Dentre os momentos importantes na diocese de Mar\u00edlia, durante seu bispado, est\u00e1 a inaugura\u00e7\u00e3o do novo pr\u00e9dio do semin\u00e1rio diocesano S\u00e3o Pio X, em 1\u00ba de maio de 1996, e a revis\u00e3o ampla da Pastoral, a partir da qual surgiram propostas para a A\u00e7\u00e3o Evangelizadora das comunidades, pastorais, movimentos e associa\u00e7\u00f5es.<\/p>\n<p style=\"text-align: justify;\">Confiantes na esperan\u00e7a cheia de imortalidade, unimo-nos em prece a Dom Luiz Antonio Cipolini,\u00a0 aos familiares e a todo Povo de Deus da diocese de Mar\u00edlia e pedimos a Deus que d\u00ea a Dom <span style=\"font-size: 16px;\">Osvaldo <\/span><span style=\"font-size: 16px;\">o descanso eterno.<\/span><\/p>\n<p><em>Em Cristo,<\/em><\/p>\n<p><strong>Dom Jaime Cardeal Spengler<\/strong><br \/>\nArcebispo de Porto Alegre (RS)<br \/>\nPresidente da CNBB<\/p>\n<p><strong>Dom Jo\u00e3o Justino de Medeiros Silva<\/strong><br \/>\nArcebispo de Goi\u00e2nia (GO)<br \/>\nPrimeiro Vice-Presidente da CNBB<\/p>\n<p><strong>Dom Paulo Jackson N\u00f3brega de Sousa<\/strong><br \/>\nArcebispo de Olinda e Recife (PE)<br \/>\nSegundo Vice-Presidente da CNBB<\/p>\n<p><strong>Dom Ricardo Hoepers<\/strong><br \/>\nBispo Auxiliar de Bras\u00edlia (DF)<br \/>\nSecret\u00e1rio-geral da CNBB<\/p>\n<p>&nbsp;<\/p>\n<p><span style=\"font-size: 1.5em;\">Trajet\u00f3ria de Dom Osvaldo Giuntini<\/span><\/p>\n<div class=\"vc_custom_heading_wrap \">\n<div class=\"clear\"><\/div>\n<\/div>\n<div class=\"uncode_text_column\">\n<p>Dom Osvaldo Giuntini nasceu em S\u00e3o Paulo, em 24 de outubro de 1936, e cursou o 1\u00ba e o 2\u00ba graus na capital paulista e em S\u00e3o Roque, no Semin\u00e1rio Metropolitano Imaculado Cora\u00e7\u00e3o de Maria. De 1956 a 1963 estudou filosofia e teologia no Semin\u00e1rio Central da Imaculada Concei\u00e7\u00e3o, no Ipiranga, e na Faculdade de Teologia Nossa Senhora da Assun\u00e7\u00e3o.<\/p>\n<p style=\"text-align: justify;\">A voca\u00e7\u00e3o de Dom Osvaldo teve in\u00edcio quando crian\u00e7a, no primeiro ano da escola. Sendo de fam\u00edlia religiosa, depois de fazer a primeira comunh\u00e3o e de ser orientado para a pr\u00e1tica religiosa, sentiu o chamado de Deus, por volta de 1947. \u201cTerminei a quarta s\u00e9rie do prim\u00e1rio e pedi ao meu p\u00e1roco, da Par\u00f3quia S\u00e3o Jos\u00e9 de Bel\u00e9m, em S\u00e3o Paulo, que me orientasse para ingressar no semin\u00e1rio\u201d, declarou Dom Osvaldo.<\/p>\n<p>Sua ordena\u00e7\u00e3o sacerdotal ocorreu em 8 de dezembro de 1963. O minist\u00e9rio foi exercido primeiramente na capital paulista e, em seguida, foi p\u00e1roco das cidades de Salto e Itu. Ap\u00f3s a cria\u00e7\u00e3o da diocese de Jundia\u00ed, Dom Osvaldo foi nomeado p\u00e1roco da Catedral de Nossa Senhora do Desterro, chanceler do bispado e, posteriormente, Vig\u00e1rio Geral da diocese.<\/p>\n<p>Em 1975, o Papa Paulo VI concedeu-lhe o t\u00edtulo de Monsenhor. Seis anos depois, Dom Osvaldo foi para Roma com o objetivo de fazer um curso de atualiza\u00e7\u00e3o em Direito Matrimonial.<\/p>\n<p>No ano seguinte, em 1982, o ent\u00e3o Monsenhor recebeu a nomea\u00e7\u00e3o de bispo auxiliar. A sagra\u00e7\u00e3o episcopal ocorreu em Jundia\u00ed, no dia 12 de setembro do mesmo ano. O lema escolhido para o seu episcopado foi \u201cDou-vos a minha vida\u201d (Vitam meam do vobis). Dom Osvaldo veio a Mar\u00edlia como bispo auxiliar do ent\u00e3o bispo diocesano, Dom Frei Daniel Tomasella, e assumiu as visitas pastorais e a coordena\u00e7\u00e3o da pastoral diocesana.<\/p>\n<p style=\"text-align: justify;\">Dom Osvaldo Giuntini permaneceu por cinco anos como bispo auxiliar. Em 1987, a pedido de Dom Frei Daniel, Dom Osvaldo foi nomeado bispo coadjutor, com direito \u00e0 sucess\u00e3o.<\/p>\n<p>Cinco anos depois, em decorr\u00eancia da ren\u00fancia do bispo diocesano, Dom Osvaldo tomou posse como bispo da diocese de Mar\u00edlia, em 9 de dezembro de 1992. Como bispo diocesano, Dom Osvaldo deu continuidade \u00e0s iniciativas anteriores, tendo a assessoria dos diversos conselhos diocesanos.<\/p>\n<p>Dentre os momentos importantes da diocese, durante seu bispado, est\u00e1 a inaugura\u00e7\u00e3o do novo pr\u00e9dio do Semin\u00e1rio Diocesano S\u00e3o Pio X, em 1\u00ba de maio de 1996, e a Revis\u00e3o Ampla da Pastoral na diocese, a partir da qual surgiram propostas para a A\u00e7\u00e3o Evangelizadora das comunidades, pastorais, movimentos e associa\u00e7\u00f5es.<\/p>\n<p>Outro momento importante que motivou a diocese e todos os crist\u00e3os foi a celebra\u00e7\u00e3o dos 2.000 anos do nascimento de Jesus Cristo e a comemora\u00e7\u00e3o do Jubileu de Ouro da Diocese de Mar\u00edlia.<\/p>\n<p style=\"text-align: justify;\">Aos 8 de maio de 2013, o Papa Francisco aceitou a ren\u00fancia de Dom Osvaldo para o governo da Diocese de Mar\u00edlia\u00a0em conformidade com o c\u00e2non 401\u00a7 1\u00ba do C\u00f3digo de Direito Can\u00f4nico, passando a ser Bispo Em\u00e9rito.<\/p>\n<\/div>\n","protected":false},"excerpt":{"rendered":"<p>O funeral ocorrer\u00e1 na Catedral Bas\u00edlica de S\u00e3o Bento Abade com previs\u00e3o para o in\u00edcio da noite deste dia 1\u00b0 dezembro. Mais detalhes ser\u00e3o divulgados nos canais oficiais da diocese.\u00a0 A Confer\u00eancia Nacional dos Bispos do Brasil (CNBB) enviou uma Nota de Condol\u00eancia ao bispo de Mar\u00edlia, aos familiares e amigos de dom Osvaldo<\/p>\n","protected":false},"author":142,"featured_media":992310,"comment_status":"closed","ping_status":"closed","sticky":false,"template":"","format":"standard","meta":{"site-sidebar-layout":"default","site-content-layout":"default","ast-global-header-display":"","ast-banner-title-visibility":"","ast-main-header-display":"","ast-hfb-above-header-display":"","ast-hfb-below-header-display":"","ast-hfb-mobile-header-display":"","site-post-title":"","ast-breadcrumbs-content":"","ast-featured-img":"","footer-sml-layout":"","theme-transparent-header-meta":"default","adv-header-id-meta":"","stick-header-meta":"","header-above-stick-meta":"","header-main-stick-meta":"","header-below-stick-meta":""},"categories":[1840],"tags":[4108],"acf":[],"_links":{"self":[{"href":"https:\/\/www.cnbb.org.br\/cnbb-app\/wp\/v2\/posts\/992308"}],"collection":[{"href":"https:\/\/www.cnbb.org.br\/cnbb-app\/wp\/v2\/posts"}],"about":[{"href":"https:\/\/www.cnbb.org.br\/cnbb-app\/wp\/v2\/types\/post"}],"author":[{"embeddable":true,"href":"https:\/\/www.cnbb.org.br\/cnbb-app\/wp\/v2\/users\/142"}],"replies":[{"embeddable":true,"href":"https:\/\/www.cnbb.org.br\/cnbb-app\/wp\/v2\/comments?post=992308"}],"version-history":[{"count":4,"href":"https:\/\/www.cnbb.org.br\/cnbb-app\/wp\/v2\/posts\/992308\/revisions"}],"predecessor-version":[{"id":992337,"href":"https:\/\/www.cnbb.org.br\/cnbb-app\/wp\/v2\/posts\/992308\/revisions\/992337"}],"wp:featuredmedia":[{"embeddable":true,"href":"https:\/\/www.cnbb.org.br\/cnbb-app\/wp\/v2\/media\/992310"}],"wp:attachment":[{"href":"https:\/\/www.cnbb.org.br\/cnbb-app\/wp\/v2\/media?parent=992308"}],"wp:term":[{"taxonomy":"category","embeddable":true,"href":"https:\/\/www.cnbb.org.br\/cnbb-app\/wp\/v2\/categories?post=992308"},{"taxonomy":"post_tag","embeddable":true,"href":"https:\/\/www.cnbb.org.br\/cnbb-app\/wp\/v2\/tags?post=992308"}],"curies":[{"name":"wp","href":"https:\/\/api.w.org\/{rel}","templated":true}]}}