{"id":992319,"date":"2025-12-03T08:00:45","date_gmt":"2025-12-03T11:00:45","guid":{"rendered":"https:\/\/www.cnbb.org.br\/?p=992319"},"modified":"2025-12-02T18:27:04","modified_gmt":"2025-12-02T21:27:04","slug":"papa-leao-xiv-nomeia-novo-bispo-auxiliar-para-a-arquidiocese-de-belo-horizonte","status":"publish","type":"post","link":"https:\/\/www.cnbb.org.br\/papa-leao-xiv-nomeia-novo-bispo-auxiliar-para-a-arquidiocese-de-belo-horizonte\/","title":{"rendered":"Papa Le\u00e3o XIV\u00a0nomeia novo bispo auxiliar para a arquidiocese de Belo Horizonte\u00a0\u00a0"},"content":{"rendered":"<p style=\"text-align: justify;\"><span data-contrast=\"none\">A Nunciatura Apost\u00f3lica no Brasil comunicou nesta quarta-feira, 3 de dezembro, que o Papa Le\u00e3o XIV nomeou o monsenhor Evandro Campos Maria, do clero de Belo Horizonte, como bispo auxiliar, atendendo \u00e0 solicita\u00e7\u00e3o de dom Walmor Oliveira de Azevedo.<\/span><\/p>\n<p style=\"text-align: justify;\"><span data-contrast=\"none\">A\u00a0Presid\u00eancia da\u00a0Confer\u00eancia\u00a0Nacional dos\u00a0Bispos do\u00a0Brasil\u00a0(CNBB)\u00a0enviou sauda\u00e7\u00e3o ao novo nomeado:<\/span><br \/>\n<span data-ccp-props=\"{&quot;134233117&quot;:false,&quot;134233118&quot;:false,&quot;335551550&quot;:6,&quot;335551620&quot;:6,&quot;335559738&quot;:240,&quot;335559739&quot;:240}\">\u00a0<\/span><\/p>\n<h4 style=\"text-align: center;\"><b><span data-contrast=\"none\">SAUDA\u00c7\u00c3O DA CNBB<\/span><\/b><span data-ccp-props=\"{&quot;134233117&quot;:false,&quot;134233118&quot;:false,&quot;335551550&quot;:2,&quot;335551620&quot;:2,&quot;335559738&quot;:240,&quot;335559739&quot;:240}\">\u00a0<\/span><\/h4>\n<blockquote>\n<p style=\"text-align: justify;\"><span data-contrast=\"auto\">Estimado monsenhor\u00a0Evandro\u00a0Campos\u00a0Maria,\u00a0<\/span><\/p>\n<p><span data-contrast=\"auto\">A Confer\u00eancia Nacional dos Bispos do Brasil (CNBB) o sa\u00fada com alegria e gratid\u00e3o por sua nomea\u00e7\u00e3o como bispo auxiliar da Arquidiocese de Belo Horizonte.<\/span><\/p>\n<p><span data-contrast=\"auto\">Louvamos a\u00a0Deus por este chamado e invocamos sobre o senhor a abund\u00e2ncia das gra\u00e7as do\u00a0Esp\u00edrito\u00a0Santo, para que seu minist\u00e9rio episcopal seja fecundo e iluminado pela miseric\u00f3rdia do\u00a0Bom\u00a0Pastor.\u00a0<\/span><\/p>\n<p><span data-contrast=\"auto\">Confiamos sua miss\u00e3o \u00e0 intercess\u00e3o materna de Nossa Senhora da Piedade e pedimos que o Senhor o fortale\u00e7a na miss\u00e3o de colaborar nesta arquidiocese no cuidado do povo de Deus,<\/span><\/p>\n<p><span data-contrast=\"auto\">Em\u00a0Cristo,<\/span><span data-ccp-props=\"{&quot;134233117&quot;:false,&quot;134233118&quot;:false,&quot;335551550&quot;:6,&quot;335551620&quot;:6,&quot;335559738&quot;:240,&quot;335559739&quot;:240}\">\u00a0<\/span><\/p>\n<p style=\"text-align: justify;\"><span data-ccp-props=\"{&quot;134233117&quot;:false,&quot;134233118&quot;:false,&quot;335551550&quot;:6,&quot;335551620&quot;:6,&quot;335559738&quot;:240,&quot;335559739&quot;:240}\">\u00a0<\/span><\/p>\n<p style=\"text-align: center;\"><b><span data-contrast=\"auto\">Dom Jaime Cardeal Spengler<\/span><\/b><br \/>\n<span data-contrast=\"auto\">Arcebispo de Porto Alegre (RS)<\/span><br \/>\n<span data-contrast=\"auto\">Presidente da CNBB<\/span><span data-ccp-props=\"{&quot;134233117&quot;:false,&quot;134233118&quot;:false,&quot;335551550&quot;:2,&quot;335551620&quot;:2,&quot;335557856&quot;:16777215,&quot;335559738&quot;:0,&quot;335559739&quot;:150}\">\u00a0<\/span><\/p>\n<p style=\"text-align: center;\"><b><span data-contrast=\"auto\">Dom Jo\u00e3o Justino de Medeiros Silva<\/span><\/b><br \/>\n<span data-contrast=\"auto\">Arcebispo de Goi\u00e2nia (GO)<\/span><br \/>\n<span data-contrast=\"auto\">Primeiro Vice-Presidente da CNBB<\/span><span data-ccp-props=\"{&quot;134233117&quot;:false,&quot;134233118&quot;:false,&quot;335551550&quot;:2,&quot;335551620&quot;:2,&quot;335557856&quot;:16777215,&quot;335559738&quot;:0,&quot;335559739&quot;:150}\">\u00a0<\/span><\/p>\n<p style=\"text-align: center;\"><b><span data-contrast=\"auto\">Dom Paulo Jackson N\u00f3brega de Sousa<\/span><\/b><br \/>\n<span data-contrast=\"auto\">Arcebispo de Olinda e Recife (PE)<\/span><br \/>\n<span data-contrast=\"auto\">Segundo Vice-Presidente da CNBB<\/span><span data-ccp-props=\"{&quot;134233117&quot;:false,&quot;134233118&quot;:false,&quot;335551550&quot;:2,&quot;335551620&quot;:2,&quot;335557856&quot;:16777215,&quot;335559738&quot;:0,&quot;335559739&quot;:150}\">\u00a0<\/span><\/p>\n<p style=\"text-align: center;\"><b><span data-contrast=\"auto\">Dom Ricardo Hoepers<\/span><\/b><br \/>\n<span data-contrast=\"auto\">Bispo Auxiliar de Bras\u00edlia (DF)<\/span><br \/>\n<span data-contrast=\"auto\">Secret\u00e1rio-geral da CNBB<\/span><span data-ccp-props=\"{&quot;134233117&quot;:false,&quot;134233118&quot;:false,&quot;335551550&quot;:2,&quot;335551620&quot;:2,&quot;335557856&quot;:16777215,&quot;335559738&quot;:0,&quot;335559739&quot;:150}\">\u00a0<\/span><\/p>\n<\/blockquote>\n<h4 style=\"text-align: justify;\"><b><span data-contrast=\"none\">Biografia do Monsenhor Evandro Campos Maria\u00a0<\/span><\/b><span data-ccp-props=\"{&quot;134233117&quot;:false,&quot;134233118&quot;:false,&quot;335551550&quot;:6,&quot;335551620&quot;:6,&quot;335559738&quot;:240,&quot;335559739&quot;:240}\">\u00a0<\/span><\/h4>\n<p style=\"text-align: justify;\"><span data-contrast=\"auto\">Nascido em 25 de abril de 1974, em Belo Horizonte (MG), monsenhor Evandro Campos Maia re\u00fane s\u00f3lida forma\u00e7\u00e3o acad\u00eamica e ampla experi\u00eancia pastoral, caracter\u00edsticas que marcaram sua caminhada at\u00e9 a nomea\u00e7\u00e3o como bispo auxiliar. <\/span><\/p>\n<p style=\"text-align: justify;\"><span data-contrast=\"auto\">Ele \u00e9 graduado em Filosofia (1997) e em Teologia (2001) pela Pontif\u00edcia Universidade Cat\u00f3lica de Minas Gerais (PUC Minas), institui\u00e7\u00e3o onde tamb\u00e9m concluiu uma especializa\u00e7\u00e3o em Ensino Religioso (2002). Em 2009, obteve o mestrado em Teologia Fundamental pela Pontif\u00edcia Universidade Gregoriana, em Roma.<\/span><span data-ccp-props=\"{&quot;134233117&quot;:false,&quot;134233118&quot;:false,&quot;335551550&quot;:6,&quot;335551620&quot;:6,&quot;335559738&quot;:240,&quot;335559739&quot;:240}\">\u00a0<\/span><\/p>\n<p style=\"text-align: justify;\"><span data-contrast=\"auto\">A trajet\u00f3ria acad\u00eamica de monsenhor Evandro est\u00e1 intimamente ligada \u00e0 PUC Minas, onde atua como professor titular no curso de Teologia, lecionando nas \u00e1reas de Teologia Fundamental, Sistem\u00e1tica e Mariologia. Entre 2011 e 2016, coordenou o curso de Teologia da universidade, contribuindo para a forma\u00e7\u00e3o de novos te\u00f3logos e agentes de pastoral. No mesmo per\u00edodo, tamb\u00e9m esteve \u00e0 frente da Escola Diaconal da Arquidiocese de Belo Horizonte, respons\u00e1vel pela forma\u00e7\u00e3o dos candidatos ao Diaconato Permanente.<\/span><span data-ccp-props=\"{&quot;134233117&quot;:false,&quot;134233118&quot;:false,&quot;335551550&quot;:6,&quot;335551620&quot;:6,&quot;335559738&quot;:240,&quot;335559739&quot;:240}\">\u00a0<\/span><\/p>\n<p style=\"text-align: justify;\"><span data-contrast=\"auto\">Desde 2017, exerce a fun\u00e7\u00e3o de diretor do Instituto de Filosofia e Teologia Dom Jo\u00e3o Resende Costa, da mesma universidade. Em 2018, assumiu ainda a reitoria e a forma\u00e7\u00e3o do Semin\u00e1rio Arquidiocesano de Belo Horizonte e do\u00a0Convivium\u00a0Ema\u00fas, desempenhando papel central na prepara\u00e7\u00e3o de futuros sacerdotes.<\/span><span data-ccp-props=\"{&quot;134233117&quot;:false,&quot;134233118&quot;:false,&quot;335551550&quot;:6,&quot;335551620&quot;:6,&quot;335559738&quot;:240,&quot;335559739&quot;:240}\">\u00a0<\/span><\/p>\n<p style=\"text-align: justify;\"><span data-contrast=\"auto\">A atua\u00e7\u00e3o pastoral de monsenhor Evandro se estende por diversas par\u00f3quias da regi\u00e3o metropolitana de Belo Horizonte. Em 2003, iniciou seu minist\u00e9rio na Par\u00f3quia Nossa Senhora do Bom Sucesso e na Par\u00f3quia Nossa Senhora de Nazar\u00e9, ambas em Caet\u00e9 (MG). Posteriormente, serviu na Par\u00f3quia Nossa Senhora do Pilar, em Nova Lima (2007\u20132012); na Par\u00f3quia Sant\u00edssima Trindade, em Belo Horizonte (2012\u20132013); no Santu\u00e1rio S\u00e3o Judas Tadeu, no Bairro da Gra\u00e7a (2014); no Santu\u00e1rio Nossa Senhora da Piedade, em Caet\u00e9 (2015); e na Par\u00f3quia S\u00e3o Jo\u00e3o Bosco, em Belo Horizonte (2016\u20132017).<\/span><span data-ccp-props=\"{&quot;134233117&quot;:false,&quot;134233118&quot;:false,&quot;335551550&quot;:6,&quot;335551620&quot;:6,&quot;335559738&quot;:240,&quot;335559739&quot;:240}\">\u00a0<\/span><\/p>\n<p><span data-ccp-props=\"{&quot;134233117&quot;:false,&quot;134233118&quot;:false,&quot;335551550&quot;:2,&quot;335551620&quot;:2,&quot;335559738&quot;:240,&quot;335559739&quot;:240}\">\u00a0<\/span><\/p>\n","protected":false},"excerpt":{"rendered":"<p>A Nunciatura Apost\u00f3lica no Brasil comunicou nesta quarta-feira, 3 de dezembro, que o Papa Le\u00e3o XIV nomeou o monsenhor Evandro Campos Maria, do clero de Belo Horizonte, como bispo auxiliar, atendendo \u00e0 solicita\u00e7\u00e3o de dom Walmor Oliveira de Azevedo. A\u00a0Presid\u00eancia da\u00a0Confer\u00eancia\u00a0Nacional dos\u00a0Bispos do\u00a0Brasil\u00a0(CNBB)\u00a0enviou sauda\u00e7\u00e3o ao novo nomeado: \u00a0 SAUDA\u00c7\u00c3O DA CNBB\u00a0 Estimado monsenhor\u00a0Evandro\u00a0Campos\u00a0Maria,\u00a0 A Confer\u00eancia &hellip;<\/p>\n<p class=\"read-more\"> <a class=\"\" href=\"https:\/\/www.cnbb.org.br\/papa-leao-xiv-nomeia-novo-bispo-auxiliar-para-a-arquidiocese-de-belo-horizonte\/\"> <span class=\"screen-reader-text\">Papa Le\u00e3o XIV\u00a0nomeia novo bispo auxiliar para a arquidiocese de Belo Horizonte\u00a0\u00a0<\/span> Leia mais &raquo;<\/a><\/p>\n","protected":false},"author":141,"featured_media":992323,"comment_status":"closed","ping_status":"closed","sticky":false,"template":"","format":"standard","meta":{"site-sidebar-layout":"default","site-content-layout":"default","ast-global-header-display":"","ast-banner-title-visibility":"","ast-main-header-display":"","ast-hfb-above-header-display":"","ast-hfb-below-header-display":"","ast-hfb-mobile-header-display":"","site-post-title":"","ast-breadcrumbs-content":"","ast-featured-img":"","footer-sml-layout":"","theme-transparent-header-meta":"default","adv-header-id-meta":"","stick-header-meta":"","header-above-stick-meta":"","header-main-stick-meta":"","header-below-stick-meta":""},"categories":[1840,872],"tags":[3075,1584,5988],"acf":[],"_links":{"self":[{"href":"https:\/\/www.cnbb.org.br\/cnbb-app\/wp\/v2\/posts\/992319"}],"collection":[{"href":"https:\/\/www.cnbb.org.br\/cnbb-app\/wp\/v2\/posts"}],"about":[{"href":"https:\/\/www.cnbb.org.br\/cnbb-app\/wp\/v2\/types\/post"}],"author":[{"embeddable":true,"href":"https:\/\/www.cnbb.org.br\/cnbb-app\/wp\/v2\/users\/141"}],"replies":[{"embeddable":true,"href":"https:\/\/www.cnbb.org.br\/cnbb-app\/wp\/v2\/comments?post=992319"}],"version-history":[{"count":8,"href":"https:\/\/www.cnbb.org.br\/cnbb-app\/wp\/v2\/posts\/992319\/revisions"}],"predecessor-version":[{"id":992364,"href":"https:\/\/www.cnbb.org.br\/cnbb-app\/wp\/v2\/posts\/992319\/revisions\/992364"}],"wp:featuredmedia":[{"embeddable":true,"href":"https:\/\/www.cnbb.org.br\/cnbb-app\/wp\/v2\/media\/992323"}],"wp:attachment":[{"href":"https:\/\/www.cnbb.org.br\/cnbb-app\/wp\/v2\/media?parent=992319"}],"wp:term":[{"taxonomy":"category","embeddable":true,"href":"https:\/\/www.cnbb.org.br\/cnbb-app\/wp\/v2\/categories?post=992319"},{"taxonomy":"post_tag","embeddable":true,"href":"https:\/\/www.cnbb.org.br\/cnbb-app\/wp\/v2\/tags?post=992319"}],"curies":[{"name":"wp","href":"https:\/\/api.w.org\/{rel}","templated":true}]}}