{"id":992330,"date":"2025-12-02T09:54:57","date_gmt":"2025-12-02T12:54:57","guid":{"rendered":"https:\/\/www.cnbb.org.br\/?p=992330"},"modified":"2025-12-02T09:55:32","modified_gmt":"2025-12-02T12:55:32","slug":"advento-o-instante-de-deus","status":"publish","type":"post","link":"https:\/\/www.cnbb.org.br\/advento-o-instante-de-deus\/","title":{"rendered":"Advento, o\u00a0instante de Deus\u00a0"},"content":{"rendered":"<p style=\"text-align: right;\"><strong>Dom Lindomar Rocha Mota<br \/>\nBispo de S\u00e3o Lu\u00eds de Montes Belos (GO)\u00a0<\/strong><\/p>\n<p style=\"text-align: justify;\"><span data-ccp-props=\"{&quot;335551550&quot;:3,&quot;335551620&quot;:3}\">\u00a0<\/span><\/p>\n<p style=\"text-align: justify;\"><span data-contrast=\"none\">A\u00a0<\/span><span data-contrast=\"none\">Palavra\u00a0foi\u00a0pronunciada\u00a0antes do pr\u00f3prio tempo. Ela pulsa no instante inaugural em que \u201cno princ\u00edpio era o Verbo, e o Verbo estava com Deus, e o Verbo era Deus. Tudo foi feito por meio dele, e sem Ele nada do que existe veio a ser\u201d (Jo\u00a01,1-3).<\/span><span data-ccp-props=\"{}\">\u00a0<\/span><\/p>\n<p style=\"text-align: justify;\"><span data-contrast=\"none\">O\u00a0sil\u00eancio compactado que precedeu o primeiro\u00a0lampejo\u00a0do universo era o Verbo, o Logos eterno, respirando no ventre do\u00a0ainda\u00a0n\u00e3o-tempo; e,\u00a0quando a luz irrompeu, foi o eco vis\u00edvel daquela\u00a0Palavra primordial\u00a0que,\u00a0como um poema\u00a0originou o\u00a0cosmos. Desde ent\u00e3o, toda a realidade\u00a0segue\u00a0na mesma melodia.<\/span><span data-ccp-props=\"{}\">\u00a0<\/span><\/p>\n<p style=\"text-align: justify;\"><span data-contrast=\"none\">As for\u00e7as\u00a0da\u00a0gravidade, eletromagnetismo, intera\u00e7\u00f5es nucleares\u00a0que sustentam a cria\u00e7\u00e3o,\u00a0s\u00e3o os modos discretos com que o Verbo mant\u00e9m o mundo coeso. A gravidade que faz as estrelas se abra\u00e7arem\u00a0na\u00a0imensid\u00e3o, \u00e9 o gesto silencioso de sua fidelidade. O eletromagnetismo, que organiza\u00a0o\u00a0movimento\u00a0dos \u00e1tomos e permite que cada forma exista, \u00e9 a ternura matem\u00e1tica de\u00a0sua m\u00e3o.<\/span><span data-ccp-props=\"{}\">\u00a0<\/span><\/p>\n<p style=\"text-align: justify;\"><span data-contrast=\"none\">A for\u00e7a nuclear forte, que resiste ao caos dentro dos n\u00facleos, revela sua persist\u00eancia,\u00a0e\u00a0a\u00a0for\u00e7a nuclear\u00a0fraca, que permite ao sol acender-se sem viol\u00eancia, \u00e9 o suspiro de um Deus que brilha sem ferir.<\/span><span data-ccp-props=\"{}\">\u00a0<\/span><\/p>\n<p style=\"text-align: justify;\"><span data-contrast=\"none\">Esses movimentos, que parecem arbitr\u00e1rios, revelam-se profundamente proporcionados, pois\u00a0o Logos escreve o real como quem segue a curva de uma espiral \u00e1urea.<\/span><span data-ccp-props=\"{}\">\u00a0<\/span><\/p>\n<p style=\"text-align: justify;\"><span data-contrast=\"none\">O Verbo, que sustentou gal\u00e1xias,\u00a0navega\u00a0no interior\u00a0das\u00a0c\u00e9lulas, escrevendo no DNA o poema silencioso da vida com quatro letras que se repetem desde o princ\u00edpio. Na ambiguidade qu\u00e2ntica,\u00a0onde part\u00edculas surgem e recuam em fra\u00e7\u00f5es de mist\u00e9rio,\u00a0h\u00e1 uma lembran\u00e7a de que toda exist\u00eancia repousa na liberdade do Logos.<\/span><span data-ccp-props=\"{}\">\u00a0<\/span><\/p>\n<p style=\"text-align: justify;\"><span data-contrast=\"none\">Quando a vida se organiza em p\u00e9talas, nervuras,\u00a0flocos, ciclones,\u00a0turbilh\u00f5es, ela invariavelmente segue a l\u00f3gica da espiral \u00e1urea, como se a cria\u00e7\u00e3o inteira obedecesse a um sopro antigo que ordena o caos com\u00a0rigorosa\u00a0delicadeza.<\/span><span data-ccp-props=\"{}\">\u00a0<\/span><\/p>\n<p style=\"text-align: justify;\"><span data-contrast=\"none\">Cada vibra\u00e7\u00e3o da mat\u00e9ria,\u00a0da\u00a0onda de luz,\u00a0do\u00a0campo energ\u00e9tico \u00e9 resson\u00e2ncia dessa Palavra que d\u00e1 forma e propor\u00e7\u00e3o.<\/span><span data-ccp-props=\"{}\">\u00a0<\/span><\/p>\n<p style=\"text-align: justify;\"><span data-contrast=\"none\">N\u00e3o por acaso tantos cientistas descrevem o universo como m\u00fasica, pois\u00a0o Verbo,\u00a0que estava no princ\u00edpio,\u00a0\u00e9 tamb\u00e9m a melodia que\u00a0retine\u00a0nos alicerces do real,\u00a0e sua partitura parece seguir o ritmo secreto do\u00a0mesmo princ\u00edpio\u00a0geom\u00e9trico com que Deus moldou o mundo.\u00a0<\/span><span data-ccp-props=\"{}\">\u00a0<\/span><\/p>\n<p style=\"text-align: justify;\"><span data-contrast=\"none\">O poeta v\u00ea no c\u00e9u estrelado uma frase interrompida; o m\u00edstico percebe no sil\u00eancio uma sintaxe secreta;\u00a0a\u00a0f\u00e9 reconhece que o mundo inteiro \u00e9 uma met\u00e1fora sustentada por uma \u00fanica Palavra. A f\u00e9 \u00e9 a gram\u00e1tica invis\u00edvel que une o c\u00f3smico ao \u00edntimo, o infinito ao cotidiano. E, como toda arte verdadeira, ela percebe que o belo n\u00e3o \u00e9 um capricho,\u00a0\u00e9 propor\u00e7\u00e3o.<\/span><span data-ccp-props=\"{}\">\u00a0<\/span><\/p>\n<p style=\"text-align: justify;\"><span data-contrast=\"none\">\u00c9 aquele equil\u00edbrio misterioso que faz com que o todo seja maior do que a soma das partes, como acontece na propor\u00e7\u00e3o \u00e1urea, onde cada segmento guarda rela\u00e7\u00e3o viva com o todo.\u00a0Assim tamb\u00e9m Deus\u00a0abarca\u00a0o grande e o pequeno, o eterno e o breve, o universal e o pessoal.\u00a0<\/span><span data-ccp-props=\"{}\">\u00a0<\/span><\/p>\n<p style=\"text-align: justify;\"><span data-contrast=\"none\">Advento \u00e9 o tempo em que essa harmonia se manifesta com nitidez.\u00a0\u00c9\u00a0quando o c\u00e9u e a terra respiram\u00a0juntos, quando a poesia se curva diante do mist\u00e9rio e a f\u00e9 se ergue com a leveza de quem espera\u00a0o que j\u00e1\u00a0pressente.<\/span><span data-ccp-props=\"{}\">\u00a0<\/span><\/p>\n<p style=\"text-align: justify;\"><span data-contrast=\"none\">O Logos, que ordena gal\u00e1xias, tamb\u00e9m sustenta cora\u00e7\u00f5es, pois\u00a0a alma\u00a0foi\u00a0moldada segundo uma raz\u00e3o \u00e1urea interior, uma harmonia que permite suportar o peso da vida sem perder a leveza da f\u00e9.\u00a0<\/span><span data-ccp-props=\"{}\">\u00a0<\/span><\/p>\n<p style=\"text-align: justify;\"><span data-contrast=\"none\">E ent\u00e3o, no \u00e1pice dessa linguagem que une estrelas e\u00a0flores, o Verbo se faz carne\u00a0e o\u00a0Autor entra na pr\u00f3pria narrativa. O Logos, que estava com Deus desde o princ\u00edpio e por quem tudo foi feito,\u00a0escolhe\u00a0viver no tempo.\u00a0<\/span><span data-ccp-props=\"{}\">\u00a0<\/span><\/p>\n<p style=\"text-align: justify;\"><span data-contrast=\"none\">Ele,\u00a0que arquitetou nebulosas em espirais grandiosas, agora se enrosca na espiral min\u00fascula do ventre de Maria,\u00a0realizando\u00a0o gesto mais\u00a0<\/span><span data-contrast=\"auto\">audacioso de toda a hist\u00f3ria.\u00a0<\/span><span data-ccp-props=\"{}\">\u00a0<\/span><\/p>\n<p style=\"text-align: justify;\"><span data-contrast=\"none\">A\u00a0Encarna\u00e7\u00e3o\u00a0\u00e9\u00a0a vers\u00e3o mais radical da propor\u00e7\u00e3o \u00e1urea, onde o infinito e o finito se relacionam de modo perfeito, sem ruptura, sem viol\u00eancia, sem perda. Aquele que moldou o mundo segundo a harmonia repousa no ritmo\u00a0deste pr\u00f3prio mundo.<\/span><span data-ccp-props=\"{}\">\u00a0<\/span><\/p>\n<p style=\"text-align: justify;\"><span data-contrast=\"none\">O\u00a0Advento\u00a0\u00e9\u00a0o instante de Deus.\u00a0Um instante que, momentos\u00a0antes dispersos\u00a0nas estrelas, nos \u00e1tomos\u00a0e\u00a0nos profetas,\u00a0condensa-se\u00a0num \u00fanico rosto.\u00a0<\/span><span data-ccp-props=\"{}\">\u00a0<\/span><\/p>\n<p style=\"text-align: justify;\"><span data-contrast=\"none\">A\u00a0m\u00fasica do cosmos encontra sua melodia.\u00a0A\u00a0l\u00f3gica do universo\u00a0a\u00a0sua gram\u00e1tica. Toda a beleza matem\u00e1tica encontra sua figura.\u00a0<\/span><span data-ccp-props=\"{}\">\u00a0<\/span><\/p>\n<p style=\"text-align: justify;\"><span data-contrast=\"none\">O logos que ordenou o ser habita entre n\u00f3s,\u00a0e\u00a0a\u00a0vastid\u00e3o do universo se recolhe na fragilidade de Bel\u00e9m.\u00a0A\u00a0Palavra eterna, ainda silenciosa na manjedoura, diz mais do que todas as frases pronunciadas desde o in\u00edcio do mundo.<\/span><span data-ccp-props=\"{}\">\u00a0<\/span><\/p>\n<p style=\"text-align: justify;\"><span data-contrast=\"none\">Assim, da primeira expans\u00e3o de luz ao \u00faltimo suspiro de esperan\u00e7a, o universo inteiro se inclina em dire\u00e7\u00e3o ao mesmo sentido\u00a0e\u00a0a\u00a0cria\u00e7\u00e3o\u00a0insinua\u00a0que\u00a0o Verbo que estava no princ\u00edpio\u00a0\u00e9 o mesmo,\u00a0e\u00a0sua\u00a0Palavra atravessa\u00a0as eras para sussurrar\u00a0ao\u00a0mundo que\u00a0ainda vale a pena esperar,\u00a0pois\u00a0Ele vem!<\/span><\/p>\n","protected":false},"excerpt":{"rendered":"<p>Dom Lindomar Rocha Mota Bispo de S\u00e3o Lu\u00eds de Montes Belos (GO)\u00a0 \u00a0 A\u00a0Palavra\u00a0foi\u00a0pronunciada\u00a0antes do pr\u00f3prio tempo. Ela pulsa no instante inaugural em que \u201cno princ\u00edpio era o Verbo, e o Verbo estava com Deus, e o Verbo era Deus. Tudo foi feito por meio dele, e sem Ele nada do que existe veio a &hellip;<\/p>\n<p class=\"read-more\"> <a class=\"\" href=\"https:\/\/www.cnbb.org.br\/advento-o-instante-de-deus\/\"> <span class=\"screen-reader-text\">Advento, o\u00a0instante de Deus\u00a0<\/span> Leia mais &raquo;<\/a><\/p>\n","protected":false},"author":112,"featured_media":0,"comment_status":"closed","ping_status":"closed","sticky":false,"template":"","format":"standard","meta":{"site-sidebar-layout":"default","site-content-layout":"default","ast-global-header-display":"","ast-banner-title-visibility":"","ast-main-header-display":"","ast-hfb-above-header-display":"","ast-hfb-below-header-display":"","ast-hfb-mobile-header-display":"","site-post-title":"","ast-breadcrumbs-content":"","ast-featured-img":"","footer-sml-layout":"","theme-transparent-header-meta":"default","adv-header-id-meta":"","stick-header-meta":"","header-above-stick-meta":"","header-main-stick-meta":"","header-below-stick-meta":""},"categories":[758],"tags":[],"acf":[],"_links":{"self":[{"href":"https:\/\/www.cnbb.org.br\/cnbb-app\/wp\/v2\/posts\/992330"}],"collection":[{"href":"https:\/\/www.cnbb.org.br\/cnbb-app\/wp\/v2\/posts"}],"about":[{"href":"https:\/\/www.cnbb.org.br\/cnbb-app\/wp\/v2\/types\/post"}],"author":[{"embeddable":true,"href":"https:\/\/www.cnbb.org.br\/cnbb-app\/wp\/v2\/users\/112"}],"replies":[{"embeddable":true,"href":"https:\/\/www.cnbb.org.br\/cnbb-app\/wp\/v2\/comments?post=992330"}],"version-history":[{"count":1,"href":"https:\/\/www.cnbb.org.br\/cnbb-app\/wp\/v2\/posts\/992330\/revisions"}],"predecessor-version":[{"id":992331,"href":"https:\/\/www.cnbb.org.br\/cnbb-app\/wp\/v2\/posts\/992330\/revisions\/992331"}],"wp:attachment":[{"href":"https:\/\/www.cnbb.org.br\/cnbb-app\/wp\/v2\/media?parent=992330"}],"wp:term":[{"taxonomy":"category","embeddable":true,"href":"https:\/\/www.cnbb.org.br\/cnbb-app\/wp\/v2\/categories?post=992330"},{"taxonomy":"post_tag","embeddable":true,"href":"https:\/\/www.cnbb.org.br\/cnbb-app\/wp\/v2\/tags?post=992330"}],"curies":[{"name":"wp","href":"https:\/\/api.w.org\/{rel}","templated":true}]}}