{"id":992371,"date":"2025-12-03T09:47:26","date_gmt":"2025-12-03T12:47:26","guid":{"rendered":"https:\/\/www.cnbb.org.br\/?p=992371"},"modified":"2025-12-03T09:47:54","modified_gmt":"2025-12-03T12:47:54","slug":"o-sim-de-sao-jose-o-santo-do-advento","status":"publish","type":"post","link":"https:\/\/www.cnbb.org.br\/o-sim-de-sao-jose-o-santo-do-advento\/","title":{"rendered":"O sim de S\u00e3o Jos\u00e9, o santo do Advento"},"content":{"rendered":"<div style=\"text-align: justify;\" data-olk-copy-source=\"MessageBody\">\n<div class=\"x_elementToProof\" style=\"text-align: right;\"><strong>Dom Carlos Jos\u00e9<\/strong><\/div>\n<div style=\"text-align: right;\"><strong>Bispo de Apucarana (PR)<\/strong><\/div>\n<\/div>\n<div><\/div>\n<div><\/div>\n<div class=\"x_elementToProof\" style=\"text-align: justify;\" aria-hidden=\"true\"><\/div>\n<div class=\"x_elementToProof\" style=\"text-align: justify;\">\n<p>\u201cJos\u00e9 fez como o anjo do Senhor lhe havia mandado.\u201d (Mt 1, 24).<\/p>\n<\/div>\n<div class=\"x_elementToProof\" style=\"text-align: justify;\">\n<p>Escolhido para ser o pai terreno de Jesus, Jos\u00e9, o Justo, nos d\u00e1 um precioso ensinamento: a obedi\u00eancia silenciosa e o servi\u00e7o fiel ao Senhor sem alardes, sem alvoro\u00e7o, cumprindo a vontade do Pai, em detrimento da sua.<\/p>\n<\/div>\n<div class=\"x_elementToProof\" style=\"text-align: justify;\">\n<p>De natureza simples, profundamente justo, conforme nos diz a Sagrada Escritura, Jos\u00e9 assume para si, \u00a0com profunda confian\u00e7a nos prop\u00f3sitos do Senhor, a Virgem Maria e o Filho de Deus que Ela j\u00e1 trazia no ventre.<\/p>\n<\/div>\n<div class=\"x_elementToProof\" style=\"text-align: justify;\">\n<p>Esc\u00e2ndalo para \u00e9poca, uma jovem gr\u00e1vida antes do casamento era motivo de coment\u00e1rios maldosos.<\/p>\n<\/div>\n<div class=\"x_elementToProof\" style=\"text-align: justify;\">\n<p>Somente um homem de f\u00e9 inabal\u00e1vel, conhecedor da Palavra Sagrada e das promessas sobre a vinda do Messias poderia aceitar esse chamado que para todos parecia loucura.<\/p>\n<\/div>\n<div class=\"x_elementToProof\" style=\"text-align: justify;\">\n<p>No entanto, Jos\u00e9 sabia em quem punha sua esperan\u00e7a e confian\u00e7a!<\/p>\n<\/div>\n<div class=\"x_elementToProof\" style=\"text-align: justify;\">\n<p>Trazendo para nossos dias, quem de n\u00f3s, hoje, se colocaria no lugar de Jos\u00e9?<\/p>\n<\/div>\n<div class=\"x_elementToProof\" style=\"text-align: justify;\">\n<p>Ser\u00e1 que encontrar\u00edamos algu\u00e9m?<\/p>\n<\/div>\n<div class=\"x_elementToProof\" style=\"text-align: justify;\">\n<p>O sim de Jos\u00e9 foi dito em sil\u00eancio, um sim silencioso que grita at\u00e9 hoje em nossos ouvidos, da mesma import\u00e2ncia quanto o da jovem Maria quando do an\u00fancio do Anjo.<\/p>\n<\/div>\n<div class=\"x_elementToProof\" style=\"text-align: justify;\">\n<p>Ela, disse: \u201cFa\u00e7a-se\u201d (Lc 1,38) e Jos\u00e9, obediente \u00e0 Palavra do Senhor que lhe foi transmitida pelo Anjo (Mt 1,20), \u201clevantou-se e fez como o Anjo lhe havia mandado\u201d, \u00a0assumindo Maria e Jesus, sem questionar ou murmurar.<\/p>\n<\/div>\n<div class=\"x_elementToProof\" style=\"text-align: justify;\">\n<p>Ambos, Jos\u00e9 e Maria, nos ensinam que, seja em palavras, seja no sil\u00eancio do cora\u00e7\u00e3o, devemos estar atentos ao que Deus deseja de n\u00f3s.<\/p>\n<\/div>\n<div class=\"x_elementToProof\" style=\"text-align: justify;\">\n<p>Jos\u00e9, ao aceitar os des\u00edgnios do Senhor, certamente viu cair por terra todos os seus planos particulares.<\/p>\n<\/div>\n<div class=\"x_elementToProof\" style=\"text-align: justify;\">\n<p>A partir do seu sim, Jos\u00e9 passa a ser aquele que deixa de ser o protagonista de sua pr\u00f3pria hist\u00f3ria para ser aquele que d\u00e1 suporte irrestrito e total \u00e0 sua fam\u00edlia.<\/p>\n<\/div>\n<div class=\"x_elementToProof\" style=\"text-align: justify;\">\n<p>Interessante que Jos\u00e9 n\u00e3o pediu explica\u00e7\u00f5es! Sua f\u00e9 e confian\u00e7a em Deus lhe respondia tudo e isso lhe bastava.<\/p>\n<\/div>\n<div class=\"x_elementToProof\" style=\"text-align: justify;\">\n<p>Ele jamais gritou ou se vangloriou por ser o escolhido de Deus, mas anunciou, sem palavras, a todos ao seu redor com suas atitudes de homem fiel, seu amor e fidelidade ao Pai. Certamente seu cora\u00e7\u00e3o paterno sofreu com Maria as dificuldades que antecederam o nascimento do Menino.<\/p>\n<\/div>\n<div class=\"x_elementToProof\" style=\"text-align: justify;\">Com Ela, enfrentou as persegui\u00e7\u00f5es, a falta de acolhimento, e com Ela, alegrou-se pelo nascimento!<\/div>\n<div class=\"x_elementToProof\" style=\"text-align: justify;\">\n<p>Ele se deixou conduzir pela Sabedoria do Pai, que o guiava pela f\u00e9!<\/p>\n<\/div>\n<div class=\"x_elementToProof\" style=\"text-align: justify;\">\n<p>Como seria bom se tamb\u00e9m n\u00f3s, \u00e0 imita\u00e7\u00e3o de S\u00e3o Jos\u00e9, tiv\u00e9ssemos essa postura de humildade, servi\u00e7o e testemunho silencioso, fiel e sereno.<\/p>\n<\/div>\n<div class=\"x_elementToProof\" style=\"text-align: justify;\">\n<p>Se todas as nossas a\u00e7\u00f5es, sejam as que envolvem nossas participa\u00e7\u00f5es nas pastorais e movimentos, ou as que fazemos como volunt\u00e1rios, ou mesmo nossas doa\u00e7\u00f5es e ajudas humanit\u00e1rias envolvessem mais o cora\u00e7\u00e3o e menos o estrelismo, certamente surtiriam mais efeito restaurador em n\u00f3s mesmos e, consequentemente, ajudariam a outros a perceberem que as boas obras n\u00e3o fazem barulho, fazem presen\u00e7a.<\/p>\n<\/div>\n<div class=\"x_elementToProof\" style=\"text-align: justify;\">\n<p>O Advento nos ensina a imitarmos Jos\u00e9 na simplicidade e obedi\u00eancia; a deixarmos o nosso querer e a querermos o que Deus quer.<\/p>\n<\/div>\n<div class=\"x_elementToProof\" style=\"text-align: justify;\">\n<p>Que a esperan\u00e7a de novos tempos nos leve a sermos novos homens e novas mulheres mais atentos \u00e0 Voz de Deus, antes que a voz do mundo nos leve a perder a oportunidade de vivermos o Natal como deve ser vivido: renascendo como novas criaturas em Jesus e Maria Sant\u00edssima, protegidos pelo amor de S\u00e3o Jos\u00e9!<\/p>\n<\/div>\n<div class=\"x_elementToProof\" style=\"text-align: justify;\">Aben\u00e7oando,<\/div>\n<div style=\"text-align: justify;\"><\/div>\n","protected":false},"excerpt":{"rendered":"<p>Dom Carlos Jos\u00e9 Bispo de Apucarana (PR) \u201cJos\u00e9 fez como o anjo do Senhor lhe havia mandado.\u201d (Mt 1, 24). Escolhido para ser o pai terreno de Jesus, Jos\u00e9, o Justo, nos d\u00e1 um precioso ensinamento: a obedi\u00eancia silenciosa e o servi\u00e7o fiel ao Senhor sem alardes, sem alvoro\u00e7o, cumprindo a vontade do Pai, em &hellip;<\/p>\n<p class=\"read-more\"> <a class=\"\" href=\"https:\/\/www.cnbb.org.br\/o-sim-de-sao-jose-o-santo-do-advento\/\"> <span class=\"screen-reader-text\">O sim de S\u00e3o Jos\u00e9, o santo do Advento<\/span> Leia mais &raquo;<\/a><\/p>\n","protected":false},"author":101,"featured_media":0,"comment_status":"closed","ping_status":"closed","sticky":false,"template":"","format":"standard","meta":{"site-sidebar-layout":"default","site-content-layout":"default","ast-global-header-display":"","ast-banner-title-visibility":"","ast-main-header-display":"","ast-hfb-above-header-display":"","ast-hfb-below-header-display":"","ast-hfb-mobile-header-display":"","site-post-title":"","ast-breadcrumbs-content":"","ast-featured-img":"","footer-sml-layout":"","theme-transparent-header-meta":"default","adv-header-id-meta":"","stick-header-meta":"","header-above-stick-meta":"","header-main-stick-meta":"","header-below-stick-meta":""},"categories":[758],"tags":[],"acf":[],"_links":{"self":[{"href":"https:\/\/www.cnbb.org.br\/cnbb-app\/wp\/v2\/posts\/992371"}],"collection":[{"href":"https:\/\/www.cnbb.org.br\/cnbb-app\/wp\/v2\/posts"}],"about":[{"href":"https:\/\/www.cnbb.org.br\/cnbb-app\/wp\/v2\/types\/post"}],"author":[{"embeddable":true,"href":"https:\/\/www.cnbb.org.br\/cnbb-app\/wp\/v2\/users\/101"}],"replies":[{"embeddable":true,"href":"https:\/\/www.cnbb.org.br\/cnbb-app\/wp\/v2\/comments?post=992371"}],"version-history":[{"count":3,"href":"https:\/\/www.cnbb.org.br\/cnbb-app\/wp\/v2\/posts\/992371\/revisions"}],"predecessor-version":[{"id":992374,"href":"https:\/\/www.cnbb.org.br\/cnbb-app\/wp\/v2\/posts\/992371\/revisions\/992374"}],"wp:attachment":[{"href":"https:\/\/www.cnbb.org.br\/cnbb-app\/wp\/v2\/media?parent=992371"}],"wp:term":[{"taxonomy":"category","embeddable":true,"href":"https:\/\/www.cnbb.org.br\/cnbb-app\/wp\/v2\/categories?post=992371"},{"taxonomy":"post_tag","embeddable":true,"href":"https:\/\/www.cnbb.org.br\/cnbb-app\/wp\/v2\/tags?post=992371"}],"curies":[{"name":"wp","href":"https:\/\/api.w.org\/{rel}","templated":true}]}}