{"id":992375,"date":"2025-12-03T09:49:26","date_gmt":"2025-12-03T12:49:26","guid":{"rendered":"https:\/\/www.cnbb.org.br\/?p=992375"},"modified":"2025-12-08T10:12:52","modified_gmt":"2025-12-08T13:12:52","slug":"a-concretizacao-do-reino-de-deus-esta-proxima","status":"publish","type":"post","link":"https:\/\/www.cnbb.org.br\/a-concretizacao-do-reino-de-deus-esta-proxima\/","title":{"rendered":"A concretiza\u00e7\u00e3o do Reino de Deus est\u00e1 pr\u00f3xima: convertei-vos e ficai vigilantes e atentos"},"content":{"rendered":"<p style=\"text-align: right;\"><b><span data-contrast=\"auto\">Dom Anuar Battisti<\/span><\/b><span data-ccp-props=\"{&quot;201341983&quot;:0,&quot;335551550&quot;:2,&quot;335551620&quot;:2,&quot;335559731&quot;:708,&quot;335559739&quot;:160,&quot;335559740&quot;:278}\"><br \/>\n<\/span><b><span data-contrast=\"auto\">Arcebispo Em\u00e9rito de Maring\u00e1 (PR)<\/span><\/b><span data-ccp-props=\"{&quot;201341983&quot;:0,&quot;335551550&quot;:2,&quot;335551620&quot;:2,&quot;335559731&quot;:708,&quot;335559739&quot;:160,&quot;335559740&quot;:278}\">\u00a0<\/span><\/p>\n<p>&nbsp;<\/p>\n<p>Preparamo-nos para celebrar o nascimento de Jesus. Na segunda etapa do \u201ccaminho do advento\u201d, a liturgia refere-se \u00e0 raz\u00e3o da vinda de Jesus ao encontro dos homens: Ele vem concretizar as promessas de Deus e inaugurar um mundo novo, radicalmente diferente desse mundo velho que conhecemos, cheio de \u00f3dios, de conflitos, de mentiras, de viol\u00eancias, de guerras. A Palavra de Deus que escutamos neste domingo pede-nos que acolhamos esse Menino de bra\u00e7os abertos e que aceitemos o desafio que Ele nos faz para integrar a comunidade do Reino de Deus.<\/p>\n<p>Na primeira leitura \u2013 Is 11,1-10 \u2013, o profeta Isa\u00edas prop\u00f5e, com a linguagem de um poeta e a convic\u00e7\u00e3o de um profeta, o projeto que Deus se prop\u00f5e realizar em favor do Seu povo: no tempo oportuno ir\u00e1 chegar um \u201cungido\u201d de Jav\u00e9, nascido da fam\u00edlia do rei Davi, que inaugurar\u00e1 um reino de justi\u00e7a e de paz sem fim. Nesse mundo belo e harmonioso que ent\u00e3o nascer\u00e1, \u201co lobo viver\u00e1 com o cordeiro e a pantera dormir\u00e1 com o cabrito; o bezerro e o le\u00e3ozinho andar\u00e3o juntos e um menino os poder\u00e1 conduzir. A vitela e a ursa pastar\u00e3o juntamente; e o le\u00e3o comer\u00e1 feno como o boi. A crian\u00e7a de leite brincar\u00e1 junto ao ninho da cobra e o menino meter\u00e1 a m\u00e3o na toca da v\u00edbora\u201d. Esta janela de sonho permite-nos entrever, ao longe, o Menino de Bel\u00e9m. O profeta, portanto, anuncia o nascimento de algu\u00e9m que vir\u00e1 em defesa do povo. Sobre ele repousar\u00e3o dos seis dons do Esp\u00edrito do Senhor, para que possa animar e fortalecer a esperan\u00e7a de todos. Trar\u00e1 justi\u00e7a aos pequenos e reconcilia\u00e7\u00e3o de toda a cria\u00e7\u00e3o.<\/p>\n<p>No Evangelho \u2013 Mt 3,1-12 \u2013, Jo\u00e3o Batista deixa um aviso a todos aqueles que v\u00e3o procur\u00e1-lo no vale do rio Jord\u00e3o: a concretiza\u00e7\u00e3o do Reino de justi\u00e7a e de paz, outrora anunciado por Deus, est\u00e1 pr\u00f3xima. Para acolher o enviado de Deus, \u00e9 necess\u00e1rio primeiro \u201cconverter-se\u201d. Converter-se \u00e9 abandonar os caminhos sem sa\u00edda em que se anda e \u201cvoltar para tr\u00e1s\u201d, ao encontro de Deus. Os que aceitarem fazer esse \u201ccaminho de convers\u00e3o\u201d, estar\u00e3o preparados para acolher o Reino de Deus e para fazer parte da comunidade do Messias. Jo\u00e3o Batista prega a convers\u00e3o, pois o Reino dos C\u00e9us est\u00e1 pr\u00f3ximo. Ele \u00e9 a voz que grita no deserto para preparar o caminho do Senhor, que est\u00e1 chegando.<\/p>\n<p>Na segunda leitura \u2013 Rm 15,4-9 \u2013 o ap\u00f3stolo Paulo, dirigindo-se aos crist\u00e3os de Roma, lembra-lhes algumas das exig\u00eancias que resultam do compromisso que assumiram com Cristo. Sendo, junto dos seus concidad\u00e3os, o rosto vis\u00edvel de Cristo, eles devem dar testemunho de uni\u00e3o, de harmonia, de fraternidade, acolhendo e ajudando os irm\u00e3os mais d\u00e9beis e sendo sinais desse mundo novo que Cristo veio inaugurar. Paulo exorta a comunidade a se deixar orientar pela Escritura e a imitar o exemplo de Cristo, a fim de superar os conflitos existentes em seu interior. A Palavra instrui os fi\u00e9is e reacende a esperan\u00e7a do povo de Deus!<\/p>\n<p>Na falta de percep\u00e7\u00e3o da presen\u00e7a de Cristo t\u00eam origem todas as desgra\u00e7as: a falta de p\u00e3o e de terra para todos, bem como a falta de amor fraterno; a falta de justi\u00e7a, bem como a falta de leis verdadeiramente crist\u00e3; a iniquidade da guerra, bem como o esquecimento dos mandamentos de Deus. Nosso cristianismo n\u00e3o pode ser vivido por tradi\u00e7\u00e3o. Cristo quer que sejamos todos precursores do seu amor e da sua salva\u00e7\u00e3o, para que o mundo possa viver a boa nova do Evangelho!<\/p>\n<p>Por isso, o Advento \u00e9 oportunidade de firmeza na f\u00e9, perseveran\u00e7a no caminho e vigil\u00e2ncia espiritual. \u00c9 um tempo, tamb\u00e9m, de renovarmos nossa esperan\u00e7a de que \u201ca justi\u00e7a florir\u00e1\u201d (Sl 71,7a) e que \u201cn\u00e3o haver\u00e1 danos nem mortes\u201d (Is 11,9a), pois o Reino de Deus est\u00e1 pr\u00f3ximo de n\u00f3s (cf. Mt 3,2b). Deve ressoar em nossos cora\u00e7\u00f5es o apelo do profeta Jo\u00e3o Batista \u2013 \u201cConvertei-vos\u201d (Mt 3,2a), a fim de que nos preparamos diligentemente pata acolher o Senhor, que vem ao nosso encontro. Que n\u00f3s possamos \u201cpreparar os caminhos do Senhor, endireitando as suas veredas\u201d (Mt 3,3c). Este tempo \u00e9 oportuno para nos convertemos a Deus e de permanecermos vigilantes e preparados para o Senhor que vem. Maranat\u00e1!<\/p>\n","protected":false},"excerpt":{"rendered":"<p>Dom Anuar Battisti Arcebispo Em\u00e9rito de Maring\u00e1 (PR)\u00a0 &nbsp; Preparamo-nos para celebrar o nascimento de Jesus. Na segunda etapa do \u201ccaminho do advento\u201d, a liturgia refere-se \u00e0 raz\u00e3o da vinda de Jesus ao encontro dos homens: Ele vem concretizar as promessas de Deus e inaugurar um mundo novo, radicalmente diferente desse mundo velho que conhecemos, &hellip;<\/p>\n<p class=\"read-more\"> <a class=\"\" href=\"https:\/\/www.cnbb.org.br\/a-concretizacao-do-reino-de-deus-esta-proxima\/\"> <span class=\"screen-reader-text\">A concretiza\u00e7\u00e3o do Reino de Deus est\u00e1 pr\u00f3xima: convertei-vos e ficai vigilantes e atentos<\/span> Leia mais &raquo;<\/a><\/p>\n","protected":false},"author":41,"featured_media":0,"comment_status":"closed","ping_status":"closed","sticky":false,"template":"","format":"standard","meta":{"site-sidebar-layout":"default","site-content-layout":"default","ast-global-header-display":"","ast-banner-title-visibility":"","ast-main-header-display":"","ast-hfb-above-header-display":"","ast-hfb-below-header-display":"","ast-hfb-mobile-header-display":"","site-post-title":"","ast-breadcrumbs-content":"","ast-featured-img":"","footer-sml-layout":"","theme-transparent-header-meta":"default","adv-header-id-meta":"","stick-header-meta":"","header-above-stick-meta":"","header-main-stick-meta":"","header-below-stick-meta":""},"categories":[758],"tags":[],"acf":[],"_links":{"self":[{"href":"https:\/\/www.cnbb.org.br\/cnbb-app\/wp\/v2\/posts\/992375"}],"collection":[{"href":"https:\/\/www.cnbb.org.br\/cnbb-app\/wp\/v2\/posts"}],"about":[{"href":"https:\/\/www.cnbb.org.br\/cnbb-app\/wp\/v2\/types\/post"}],"author":[{"embeddable":true,"href":"https:\/\/www.cnbb.org.br\/cnbb-app\/wp\/v2\/users\/41"}],"replies":[{"embeddable":true,"href":"https:\/\/www.cnbb.org.br\/cnbb-app\/wp\/v2\/comments?post=992375"}],"version-history":[{"count":3,"href":"https:\/\/www.cnbb.org.br\/cnbb-app\/wp\/v2\/posts\/992375\/revisions"}],"predecessor-version":[{"id":992506,"href":"https:\/\/www.cnbb.org.br\/cnbb-app\/wp\/v2\/posts\/992375\/revisions\/992506"}],"wp:attachment":[{"href":"https:\/\/www.cnbb.org.br\/cnbb-app\/wp\/v2\/media?parent=992375"}],"wp:term":[{"taxonomy":"category","embeddable":true,"href":"https:\/\/www.cnbb.org.br\/cnbb-app\/wp\/v2\/categories?post=992375"},{"taxonomy":"post_tag","embeddable":true,"href":"https:\/\/www.cnbb.org.br\/cnbb-app\/wp\/v2\/tags?post=992375"}],"curies":[{"name":"wp","href":"https:\/\/api.w.org\/{rel}","templated":true}]}}