{"id":992380,"date":"2025-12-03T09:53:37","date_gmt":"2025-12-03T12:53:37","guid":{"rendered":"https:\/\/www.cnbb.org.br\/?p=992380"},"modified":"2025-12-03T09:54:13","modified_gmt":"2025-12-03T12:54:13","slug":"direitos-humanos-nosso-essencial-de-cada-dia","status":"publish","type":"post","link":"https:\/\/www.cnbb.org.br\/direitos-humanos-nosso-essencial-de-cada-dia\/","title":{"rendered":"Direitos humanos, nosso essencial de cada dia\u00a0"},"content":{"rendered":"<p style=\"text-align: right;\"><strong>Dom Roberto Francisco\u00a0Ferreria\u00a0Paz\u00a0<\/strong><br \/>\n<strong>Bispo\u00a0de Campos (RJ)<\/strong><\/p>\n<p style=\"text-align: justify;\"><span data-ccp-props=\"{}\">\u00a0<\/span><\/p>\n<p style=\"text-align: justify;\"><span data-ccp-props=\"{&quot;201341983&quot;:0,&quot;335559739&quot;:240,&quot;335559740&quot;:240}\">\u00a0<\/span><\/p>\n<p style=\"text-align: justify;\"><span data-contrast=\"none\">A comemora\u00e7\u00e3o da data 10 de dezembro Dia Internacional dos Direitos humanos\u00a0tr\u00e1s\u00a0como lema este ano\u00a0\u201c O\u00a0essencial de cada dia\u201d mostrando que fazem parte de nossa vida e s\u00e3o constru\u00eddos a partir de nossa realidade e necessidades.\u00a0<\/span><span data-ccp-props=\"{&quot;201341983&quot;:0,&quot;335551550&quot;:6,&quot;335551620&quot;:6,&quot;335559739&quot;:0,&quot;335559740&quot;:240}\">\u00a0<\/span><\/p>\n<p style=\"text-align: justify;\"><span data-contrast=\"none\">\u00c9 importante reconectar as pessoas com a viv\u00eancia e realiza\u00e7\u00e3o de seus direitos pois s\u00e3o positivos, essenciais e alcan\u00e7\u00e1veis, promovendo a dignidade e a equidade nos seres humanos, e a\u00a0convivialidade\u00a0fraterna e justa. \u00c9 falso e reducionista afirmar que eles s\u00f3 vigoram para pessoas de bem ou gente decente, s\u00e3o como afirma claramente a doutrina social da Igreja inerentes a condi\u00e7\u00e3o humana, inalien\u00e1veis, indivis\u00edveis, e imprescrit\u00edveis, n\u00e3o s\u00e3o mera concess\u00e3o do Estado ou presente de alguma autoridade.\u00a0<\/span><span data-ccp-props=\"{&quot;201341983&quot;:0,&quot;335551550&quot;:6,&quot;335551620&quot;:6,&quot;335559739&quot;:0,&quot;335559740&quot;:240}\">\u00a0<\/span><\/p>\n<p style=\"text-align: justify;\"><span data-contrast=\"none\">A consci\u00eancia l\u00facida deles torna-nos\u202f sujeitos, poetas e construtores da nossa hist\u00f3ria, e ao mesmo tempo fazem acontecer e aproximar o Reino, que \u00e9 incompat\u00edvel com a escravid\u00e3o e opress\u00e3o das pessoas humanas de qualquer condi\u00e7\u00e3o, idade, credo, g\u00eanero e etnia. Lembro-me de um cidad\u00e3o morador de rua que tinha ocupado um pr\u00e9dio inabitado para dormir.\u00a0<\/span><span data-ccp-props=\"{&quot;201341983&quot;:0,&quot;335551550&quot;:6,&quot;335551620&quot;:6,&quot;335559739&quot;:0,&quot;335559740&quot;:240}\">\u00a0<\/span><\/p>\n<p style=\"text-align: justify;\"><span data-contrast=\"none\">Foi acordado aos gritos e levado aos empurr\u00f5es para fora, mas ele respondia tamb\u00e9m gritando:\u00a0\u201c n\u00e3o\u00a0podem fazer isso comigo sou um ser humano n\u00e3o uma coisa\u201d. Essa marca de dignidade que ningu\u00e9m pode apagar \u00e9 um sinal da encarna\u00e7\u00e3o do Deus conosco, que se uniu para sempre a cada pessoa, elevando e enobrecendo a nossa condi\u00e7\u00e3o.\u00a0<\/span><span data-ccp-props=\"{&quot;201341983&quot;:0,&quot;335551550&quot;:6,&quot;335551620&quot;:6,&quot;335559739&quot;:0,&quot;335559740&quot;:240}\">\u00a0<\/span><\/p>\n<p style=\"text-align: justify;\"><span data-contrast=\"none\">Por isso\u00a0os direitos humanos\u00a0tem\u00a0a ver muito com o Deus que armou sua tenda no meio de n\u00f3s, encontrando morada em nosso cora\u00e7\u00e3o, na nossa vida. Por isso vamos motivar e participar com muita alegria e entusiasmo da Campanha da Fraternidade do ano que vem, sobre moradia e favela pois sabemos que a\u00a0moradia \u00e9 a porta de todos os direitos.\u00a0<\/span><span data-ccp-props=\"{&quot;201341983&quot;:0,&quot;335551550&quot;:6,&quot;335551620&quot;:6,&quot;335559739&quot;:0,&quot;335559740&quot;:240}\">\u00a0<\/span><\/p>\n<p style=\"text-align: justify;\"><span data-contrast=\"none\">Somos crist\u00e3os, somos irm\u00e3os, defendemos os direitos de todos\/as, porque reconhecendo e garantindo os direitos dos outros estaremos certamente edificando a civiliza\u00e7\u00e3o do amor centrada no Pai das miseric\u00f3rdias e a caridade para com toda a humanidade nossa fam\u00edlia e todos os moradores da Casa Comum. Deus seja louvado!<\/span><span data-ccp-props=\"{&quot;201341983&quot;:0,&quot;335551550&quot;:6,&quot;335551620&quot;:6,&quot;335559739&quot;:0,&quot;335559740&quot;:240}\">\u00a0<\/span><\/p>\n","protected":false},"excerpt":{"rendered":"<p>Dom Roberto Francisco\u00a0Ferreria\u00a0Paz\u00a0 Bispo\u00a0de Campos (RJ) \u00a0 \u00a0 A comemora\u00e7\u00e3o da data 10 de dezembro Dia Internacional dos Direitos humanos\u00a0tr\u00e1s\u00a0como lema este ano\u00a0\u201c O\u00a0essencial de cada dia\u201d mostrando que fazem parte de nossa vida e s\u00e3o constru\u00eddos a partir de nossa realidade e necessidades.\u00a0\u00a0 \u00c9 importante reconectar as pessoas com a viv\u00eancia e realiza\u00e7\u00e3o de &hellip;<\/p>\n<p class=\"read-more\"> <a class=\"\" href=\"https:\/\/www.cnbb.org.br\/direitos-humanos-nosso-essencial-de-cada-dia\/\"> <span class=\"screen-reader-text\">Direitos humanos, nosso essencial de cada dia\u00a0<\/span> Leia mais &raquo;<\/a><\/p>\n","protected":false},"author":23,"featured_media":0,"comment_status":"closed","ping_status":"closed","sticky":false,"template":"","format":"standard","meta":{"site-sidebar-layout":"default","site-content-layout":"default","ast-global-header-display":"","ast-banner-title-visibility":"","ast-main-header-display":"","ast-hfb-above-header-display":"","ast-hfb-below-header-display":"","ast-hfb-mobile-header-display":"","site-post-title":"","ast-breadcrumbs-content":"","ast-featured-img":"","footer-sml-layout":"","theme-transparent-header-meta":"default","adv-header-id-meta":"","stick-header-meta":"","header-above-stick-meta":"","header-main-stick-meta":"","header-below-stick-meta":""},"categories":[758],"tags":[],"acf":[],"_links":{"self":[{"href":"https:\/\/www.cnbb.org.br\/cnbb-app\/wp\/v2\/posts\/992380"}],"collection":[{"href":"https:\/\/www.cnbb.org.br\/cnbb-app\/wp\/v2\/posts"}],"about":[{"href":"https:\/\/www.cnbb.org.br\/cnbb-app\/wp\/v2\/types\/post"}],"author":[{"embeddable":true,"href":"https:\/\/www.cnbb.org.br\/cnbb-app\/wp\/v2\/users\/23"}],"replies":[{"embeddable":true,"href":"https:\/\/www.cnbb.org.br\/cnbb-app\/wp\/v2\/comments?post=992380"}],"version-history":[{"count":2,"href":"https:\/\/www.cnbb.org.br\/cnbb-app\/wp\/v2\/posts\/992380\/revisions"}],"predecessor-version":[{"id":992382,"href":"https:\/\/www.cnbb.org.br\/cnbb-app\/wp\/v2\/posts\/992380\/revisions\/992382"}],"wp:attachment":[{"href":"https:\/\/www.cnbb.org.br\/cnbb-app\/wp\/v2\/media?parent=992380"}],"wp:term":[{"taxonomy":"category","embeddable":true,"href":"https:\/\/www.cnbb.org.br\/cnbb-app\/wp\/v2\/categories?post=992380"},{"taxonomy":"post_tag","embeddable":true,"href":"https:\/\/www.cnbb.org.br\/cnbb-app\/wp\/v2\/tags?post=992380"}],"curies":[{"name":"wp","href":"https:\/\/api.w.org\/{rel}","templated":true}]}}