{"id":992383,"date":"2025-12-03T14:01:28","date_gmt":"2025-12-03T17:01:28","guid":{"rendered":"https:\/\/www.cnbb.org.br\/?p=992383"},"modified":"2025-12-03T14:02:05","modified_gmt":"2025-12-03T17:02:05","slug":"imaculada-conceicao-da-bem-aventurada-virgem-maria","status":"publish","type":"post","link":"https:\/\/www.cnbb.org.br\/imaculada-conceicao-da-bem-aventurada-virgem-maria\/","title":{"rendered":"Imaculada Concei\u00e7\u00e3o da\u00a0Bem-Aventurada\u00a0Virgem Maria"},"content":{"rendered":"<p style=\"text-align: right;\"><b><span data-contrast=\"auto\">Dom Carmo Jo\u00e3o Rhoden<\/span><\/b><span data-ccp-props=\"{&quot;201341983&quot;:0,&quot;335551550&quot;:2,&quot;335551620&quot;:2,&quot;335559739&quot;:160,&quot;335559740&quot;:259}\"><br \/>\n<\/span><b><span data-contrast=\"auto\">Bispo Em\u00e9rito de Taubat\u00e9 (SP)<\/span><\/b><\/p>\n<p style=\"text-align: right;\"><span data-ccp-props=\"{&quot;201341983&quot;:0,&quot;335551550&quot;:2,&quot;335551620&quot;:2,&quot;335559739&quot;:160,&quot;335559740&quot;:259}\">\u00a0<\/span><\/p>\n<p>&nbsp;<\/p>\n<p style=\"text-align: justify;\"><b><span data-contrast=\"auto\">Imaculada Concei\u00e7\u00e3o da\u00a0Bem-aventurada\u00a0Virgem Maria. 08\/12\/25 (Lc\u00a01,26-38).<\/span><\/b><span data-ccp-props=\"{&quot;201341983&quot;:0,&quot;335551550&quot;:2,&quot;335551620&quot;:2,&quot;335559739&quot;:160,&quot;335559740&quot;:259}\">\u00a0<\/span><\/p>\n<p style=\"text-align: justify;\"><span data-ccp-props=\"{&quot;201341983&quot;:0,&quot;335551550&quot;:6,&quot;335551620&quot;:6,&quot;335559739&quot;:160,&quot;335559740&quot;:259}\">\u00a0<\/span><\/p>\n<p style=\"text-align: justify;\"><i>Texto referencial: O anjo, ent\u00e3o, disse-lhe: N\u00e3o tenhas medo Maria, porque encontrastes gra\u00e7a diante de Deus. Eis que conceber\u00e1s e dar\u00e1s a luz um filho, a quem por\u00e1s o nome de Jesus. (Lc\u00a01,30-31).<\/i><\/p>\n<p style=\"text-align: justify;\"><span data-ccp-props=\"{&quot;201341983&quot;:0,&quot;335551550&quot;:6,&quot;335551620&quot;:6,&quot;335559739&quot;:160,&quot;335559740&quot;:259}\">\u00a0<\/span><span data-contrast=\"auto\">Maria nunca pode e nem deve ser distanciada do Filho: Jesus Cristo. Nem a mariologia da cristologia. Somente entende bem a pessoa de Maria e sua miss\u00e3o materna na hist\u00f3ria da salva\u00e7\u00e3o e da Igreja, quem souber v\u00ea-la e analis\u00e1-la come\u00e7ando pela revela\u00e7\u00e3o b\u00edblica. Sugiro ler (Lucas 1,26-38; 1,46-56) (Jo\u00e3o 19,25-27).<\/span><span data-ccp-props=\"{&quot;201341983&quot;:0,&quot;335551550&quot;:6,&quot;335551620&quot;:6,&quot;335559739&quot;:160,&quot;335559740&quot;:259}\">\u00a0<\/span><\/p>\n<p style=\"text-align: justify;\"><span data-contrast=\"auto\">Jesus e somente Ele podia cham\u00e1-la de M\u00e3e e certamente somente Ela, podia denomin\u00e1-lo de Filho, com toda a raz\u00e3o. O Verbo Encarnado poderia ser feito presente na terra, na hist\u00f3ria, de muitos modos diferentes. Mas escolheu Maria. A Trindade assim o quiz. Por isso, tamb\u00e9m a Igreja a chama de sua M\u00e3e.\u00a0<\/span><span data-ccp-props=\"{&quot;201341983&quot;:0,&quot;335551550&quot;:6,&quot;335551620&quot;:6,&quot;335559739&quot;:160,&quot;335559740&quot;:259}\">\u00a0<\/span><\/p>\n<p style=\"text-align: justify;\"><span data-contrast=\"auto\">O anjo \u201carcanjo\u201d saudou angelicamente: \u201cave cheia de gra\u00e7a \u2013 o Senhor est\u00e1 contigo\u201d ela respondeu, ent\u00e3o: \u201cEis aqui serva do Senhor\u201d. Hoje em dia o Senhor quer inculturar-se em nossa hist\u00f3ria. Ajudamos? Como vai a nossa Evangeliza\u00e7\u00e3o? Como assumimos nossas pastorais? A pergunta \u00e9 faz\u00ea-la&#8230;, mas a resposta?? Bem, esta custa mais e as vezes ainda nos pode envergonhar.\u00a0<\/span><span data-ccp-props=\"{&quot;201341983&quot;:0,&quot;335551550&quot;:6,&quot;335551620&quot;:6,&quot;335559739&quot;:160,&quot;335559740&quot;:259}\">\u00a0<\/span><\/p>\n<p style=\"text-align: justify;\"><span data-contrast=\"auto\">\u201cAve Maria\u201d, Ave M\u00e3e Maria, tamb\u00e9m hoje teus filhos adotivos te sa\u00fadam do mesmo modo e assim esperam faz\u00ea-lo tamb\u00e9m no c\u00e9u.<\/span><span data-ccp-props=\"{&quot;201341983&quot;:0,&quot;335551550&quot;:6,&quot;335551620&quot;:6,&quot;335559739&quot;:160,&quot;335559740&quot;:259}\">\u00a0<\/span><\/p>\n<p style=\"text-align: justify;\"><span data-ccp-props=\"{&quot;201341983&quot;:0,&quot;335551550&quot;:6,&quot;335551620&quot;:6,&quot;335559739&quot;:160,&quot;335559740&quot;:259}\">\u00a0<\/span><\/p>\n<p style=\"text-align: justify;\"><span data-ccp-props=\"{&quot;201341983&quot;:0,&quot;335559739&quot;:160,&quot;335559740&quot;:259}\">\u00a0<\/span><\/p>\n","protected":false},"excerpt":{"rendered":"<p>Dom Carmo Jo\u00e3o Rhoden Bispo Em\u00e9rito de Taubat\u00e9 (SP) \u00a0 &nbsp; Imaculada Concei\u00e7\u00e3o da\u00a0Bem-aventurada\u00a0Virgem Maria. 08\/12\/25 (Lc\u00a01,26-38).\u00a0 \u00a0 Texto referencial: O anjo, ent\u00e3o, disse-lhe: N\u00e3o tenhas medo Maria, porque encontrastes gra\u00e7a diante de Deus. Eis que conceber\u00e1s e dar\u00e1s a luz um filho, a quem por\u00e1s o nome de Jesus. (Lc\u00a01,30-31). \u00a0Maria nunca pode e &hellip;<\/p>\n<p class=\"read-more\"> <a class=\"\" href=\"https:\/\/www.cnbb.org.br\/imaculada-conceicao-da-bem-aventurada-virgem-maria\/\"> <span class=\"screen-reader-text\">Imaculada Concei\u00e7\u00e3o da\u00a0Bem-Aventurada\u00a0Virgem Maria<\/span> Leia mais &raquo;<\/a><\/p>\n","protected":false},"author":132,"featured_media":0,"comment_status":"closed","ping_status":"closed","sticky":false,"template":"","format":"standard","meta":{"site-sidebar-layout":"default","site-content-layout":"default","ast-global-header-display":"","ast-banner-title-visibility":"","ast-main-header-display":"","ast-hfb-above-header-display":"","ast-hfb-below-header-display":"","ast-hfb-mobile-header-display":"","site-post-title":"","ast-breadcrumbs-content":"","ast-featured-img":"","footer-sml-layout":"","theme-transparent-header-meta":"default","adv-header-id-meta":"","stick-header-meta":"","header-above-stick-meta":"","header-main-stick-meta":"","header-below-stick-meta":""},"categories":[758],"tags":[],"acf":[],"_links":{"self":[{"href":"https:\/\/www.cnbb.org.br\/cnbb-app\/wp\/v2\/posts\/992383"}],"collection":[{"href":"https:\/\/www.cnbb.org.br\/cnbb-app\/wp\/v2\/posts"}],"about":[{"href":"https:\/\/www.cnbb.org.br\/cnbb-app\/wp\/v2\/types\/post"}],"author":[{"embeddable":true,"href":"https:\/\/www.cnbb.org.br\/cnbb-app\/wp\/v2\/users\/132"}],"replies":[{"embeddable":true,"href":"https:\/\/www.cnbb.org.br\/cnbb-app\/wp\/v2\/comments?post=992383"}],"version-history":[{"count":3,"href":"https:\/\/www.cnbb.org.br\/cnbb-app\/wp\/v2\/posts\/992383\/revisions"}],"predecessor-version":[{"id":992386,"href":"https:\/\/www.cnbb.org.br\/cnbb-app\/wp\/v2\/posts\/992383\/revisions\/992386"}],"wp:attachment":[{"href":"https:\/\/www.cnbb.org.br\/cnbb-app\/wp\/v2\/media?parent=992383"}],"wp:term":[{"taxonomy":"category","embeddable":true,"href":"https:\/\/www.cnbb.org.br\/cnbb-app\/wp\/v2\/categories?post=992383"},{"taxonomy":"post_tag","embeddable":true,"href":"https:\/\/www.cnbb.org.br\/cnbb-app\/wp\/v2\/tags?post=992383"}],"curies":[{"name":"wp","href":"https:\/\/api.w.org\/{rel}","templated":true}]}}