{"id":992387,"date":"2025-12-04T14:06:44","date_gmt":"2025-12-04T17:06:44","guid":{"rendered":"https:\/\/www.cnbb.org.br\/?p=992387"},"modified":"2025-12-03T14:07:23","modified_gmt":"2025-12-03T17:07:23","slug":"segundo-domingo-do-advento-4","status":"publish","type":"post","link":"https:\/\/www.cnbb.org.br\/segundo-domingo-do-advento-4\/","title":{"rendered":"Segundo Domingo do Advento"},"content":{"rendered":"<p style=\"text-align: right;\"><strong>Dom Carmo Jo\u00e3o Rhoden<\/strong><br \/>\n<strong>Bispo Em\u00e9rito de Taubat\u00e9 (SP)<\/strong><\/p>\n<p><b><span data-contrast=\"auto\"><\/p>\n<p>Segundo Domingo do Advento. 07\/12\/25. (Mt\u00a03,1-12)<\/span><\/b><span data-ccp-props=\"{&quot;201341983&quot;:0,&quot;335551550&quot;:2,&quot;335551620&quot;:2,&quot;335559739&quot;:160,&quot;335559740&quot;:259}\">\u00a0<\/span><\/p>\n<p style=\"text-align: justify;\"><span data-ccp-props=\"{&quot;201341983&quot;:0,&quot;335551550&quot;:6,&quot;335551620&quot;:6,&quot;335559739&quot;:160,&quot;335559740&quot;:259}\">\u00a0<\/span><b><i><span data-contrast=\"auto\">Texto referencial: Naqueles dias, apareceu Jo\u00e3o Batista, pregando no deserto da Jud\u00e9ia: \u201cconvertei-vos, porque o Reino dos c\u00e9us est\u00e1 pr\u00f3ximo\u201d.<\/span><\/i><\/b><span data-ccp-props=\"{&quot;201341983&quot;:0,&quot;335551550&quot;:6,&quot;335551620&quot;:6,&quot;335559739&quot;:160,&quot;335559740&quot;:259}\">\u00a0<\/span><\/p>\n<p style=\"text-align: justify;\"><span data-ccp-props=\"{&quot;201341983&quot;:0,&quot;335551550&quot;:6,&quot;335551620&quot;:6,&quot;335559739&quot;:160,&quot;335559740&quot;:259}\">\u00a0<\/span><\/p>\n<p style=\"text-align: justify;\"><span data-contrast=\"auto\">Chegamos no segundo domingo do Advento. Entra em cena o grande profeta e precursor de Jesus Cristo: Jo\u00e3o Batista. Ele procurou com palavras e o exemplo de sua vida, preparar o povo da antiga alian\u00e7a para a vinda do Messias, j\u00e1 anunciado, anteriormente por outros profetas, como Isa\u00edas, Jeremias etc.\u00a0<\/span><span data-ccp-props=\"{&quot;201341983&quot;:0,&quot;335551550&quot;:6,&quot;335551620&quot;:6,&quot;335559739&quot;:160,&quot;335559740&quot;:259}\">\u00a0<\/span><\/p>\n<p style=\"text-align: justify;\"><span data-contrast=\"auto\">\u201cConvertei-vos\u201d \u00e9 seu refr\u00e3o. Por qu\u00ea? \u201cO Reino de Deus est\u00e1 pr\u00f3ximo\u201d. N\u00e3o se entra nele sem convers\u00e3o ou mudan\u00e7a no estilo de vida. N\u00e3o basta ouvir a Palavra divina: \u00e9 preciso reagir. Mudar de vida, assimilando o Evangelho, vivendo-o, tamb\u00e9m hoje em dia. \u00c1leas, hoje certamente mais que outrora. N\u00e3o basta enfeitar ruas de nossas cidades ou ent\u00e3o as casas de nossas fam\u00edlias. \u00c1leas, a m\u00eddia, j\u00e1 conseguiu quase transfinalizar a mensagem do Natal: esperar o papai Noel. Festeja-se noite de Natal, mas se esquece o festejado: Jesus Cristo.\u00a0<\/span><span data-ccp-props=\"{&quot;201341983&quot;:0,&quot;335551550&quot;:6,&quot;335551620&quot;:6,&quot;335559739&quot;:160,&quot;335559740&quot;:259}\">\u00a0<\/span><\/p>\n<p style=\"text-align: justify;\"><span data-contrast=\"auto\">H\u00e1, tamb\u00e9m hoje os que se impressionam mais com as vestes e a comida de Jo\u00e3o Batista: roupa de pele de camelo e alimentos como gafanhotos e mel de campo, do que com sua mensagem: convers\u00e3o e acolhimento do Messias, o filho de Deus, Jesus Cristo. Enfeitamos ent\u00e3o as nossas casas, mas esquecemos a mensagem: vida nova, renovada, pois o profeta Jesus falou em f\u00e9, amor, fraternidade, solidariedade: em Reino de Deus, em resumo.<\/span><span data-ccp-props=\"{&quot;201341983&quot;:0,&quot;335551550&quot;:6,&quot;335551620&quot;:6,&quot;335559739&quot;:160,&quot;335559740&quot;:259}\">\u00a0<\/span><\/p>\n<p style=\"text-align: justify;\"><span data-contrast=\"auto\">=Nossas refer\u00eancias e modelos de vida, ainda s\u00e3o hoje, Jo\u00e3o Batista e Maria. Ent\u00e3o o Salvador nunca estar\u00e1 longe, ou melhor dizendo, estar\u00e1 perto: no cora\u00e7\u00e3o. Ent\u00e3o \u00e9 Natal e n\u00e3o apenas o dia 25\/12. Bom Advento para todos!<\/span><span data-ccp-props=\"{&quot;201341983&quot;:0,&quot;335551550&quot;:6,&quot;335551620&quot;:6,&quot;335559739&quot;:160,&quot;335559740&quot;:259}\">\u00a0<\/span><\/p>\n<p style=\"text-align: justify;\"><span data-ccp-props=\"{&quot;201341983&quot;:0,&quot;335551550&quot;:6,&quot;335551620&quot;:6,&quot;335559739&quot;:160,&quot;335559740&quot;:259}\">\u00a0<\/span><\/p>\n<p style=\"text-align: justify;\">\n","protected":false},"excerpt":{"rendered":"<p>Dom Carmo Jo\u00e3o Rhoden Bispo Em\u00e9rito de Taubat\u00e9 (SP) Segundo Domingo do Advento. 07\/12\/25. (Mt\u00a03,1-12)\u00a0 \u00a0Texto referencial: Naqueles dias, apareceu Jo\u00e3o Batista, pregando no deserto da Jud\u00e9ia: \u201cconvertei-vos, porque o Reino dos c\u00e9us est\u00e1 pr\u00f3ximo\u201d.\u00a0 \u00a0 Chegamos no segundo domingo do Advento. Entra em cena o grande profeta e precursor de Jesus Cristo: Jo\u00e3o Batista. &hellip;<\/p>\n<p class=\"read-more\"> <a class=\"\" href=\"https:\/\/www.cnbb.org.br\/segundo-domingo-do-advento-4\/\"> <span class=\"screen-reader-text\">Segundo Domingo do Advento<\/span> Leia mais &raquo;<\/a><\/p>\n","protected":false},"author":132,"featured_media":0,"comment_status":"closed","ping_status":"closed","sticky":false,"template":"","format":"standard","meta":{"site-sidebar-layout":"default","site-content-layout":"default","ast-global-header-display":"","ast-banner-title-visibility":"","ast-main-header-display":"","ast-hfb-above-header-display":"","ast-hfb-below-header-display":"","ast-hfb-mobile-header-display":"","site-post-title":"","ast-breadcrumbs-content":"","ast-featured-img":"","footer-sml-layout":"","theme-transparent-header-meta":"default","adv-header-id-meta":"","stick-header-meta":"","header-above-stick-meta":"","header-main-stick-meta":"","header-below-stick-meta":""},"categories":[758],"tags":[],"acf":[],"_links":{"self":[{"href":"https:\/\/www.cnbb.org.br\/cnbb-app\/wp\/v2\/posts\/992387"}],"collection":[{"href":"https:\/\/www.cnbb.org.br\/cnbb-app\/wp\/v2\/posts"}],"about":[{"href":"https:\/\/www.cnbb.org.br\/cnbb-app\/wp\/v2\/types\/post"}],"author":[{"embeddable":true,"href":"https:\/\/www.cnbb.org.br\/cnbb-app\/wp\/v2\/users\/132"}],"replies":[{"embeddable":true,"href":"https:\/\/www.cnbb.org.br\/cnbb-app\/wp\/v2\/comments?post=992387"}],"version-history":[{"count":2,"href":"https:\/\/www.cnbb.org.br\/cnbb-app\/wp\/v2\/posts\/992387\/revisions"}],"predecessor-version":[{"id":992389,"href":"https:\/\/www.cnbb.org.br\/cnbb-app\/wp\/v2\/posts\/992387\/revisions\/992389"}],"wp:attachment":[{"href":"https:\/\/www.cnbb.org.br\/cnbb-app\/wp\/v2\/media?parent=992387"}],"wp:term":[{"taxonomy":"category","embeddable":true,"href":"https:\/\/www.cnbb.org.br\/cnbb-app\/wp\/v2\/categories?post=992387"},{"taxonomy":"post_tag","embeddable":true,"href":"https:\/\/www.cnbb.org.br\/cnbb-app\/wp\/v2\/tags?post=992387"}],"curies":[{"name":"wp","href":"https:\/\/api.w.org\/{rel}","templated":true}]}}