{"id":992423,"date":"2025-12-05T09:27:41","date_gmt":"2025-12-05T12:27:41","guid":{"rendered":"https:\/\/www.cnbb.org.br\/?p=992423"},"modified":"2025-12-05T09:30:41","modified_gmt":"2025-12-05T12:30:41","slug":"maria-no-advento-a-mulher-que-acende-a-aurora","status":"publish","type":"post","link":"https:\/\/www.cnbb.org.br\/maria-no-advento-a-mulher-que-acende-a-aurora\/","title":{"rendered":"Maria no Advento: a mulher que acende a aurora"},"content":{"rendered":"<p style=\"text-align: right;\"><strong>Dom Leomar Ant\u00f4nio Brustolin<br \/>\nArcebispo de Santa Maria (RS)<\/strong><\/p>\n<p style=\"text-align: justify;\"><span data-ccp-props=\"{&quot;134233117&quot;:false,&quot;134233118&quot;:false,&quot;201341983&quot;:0,&quot;335551550&quot;:6,&quot;335551620&quot;:6,&quot;335559731&quot;:708,&quot;335559738&quot;:0,&quot;335559739&quot;:0,&quot;335559740&quot;:360}\">\u00a0<\/span><\/p>\n<p style=\"text-align: justify;\"><span data-contrast=\"auto\">No cora\u00e7\u00e3o do Advento, quando a Igreja inteira respira espera, sil\u00eancio e promessa, surge uma figura que ilumina discretamente o caminho: Maria, a M\u00e3e do Senhor, aurora da salva\u00e7\u00e3o, mulher do \u201csim\u201d e do caminho, sinal de tudo aquilo que Deus pode realizar quando encontra um cora\u00e7\u00e3o dispon\u00edvel. N\u00e3o se compreende plenamente o Advento sem contemplar a Virgem Maria, pois nela o futuro de Deus come\u00e7ou a tomar forma humana.<\/span><span data-ccp-props=\"{&quot;134233117&quot;:false,&quot;134233118&quot;:false,&quot;201341983&quot;:0,&quot;335551550&quot;:6,&quot;335551620&quot;:6,&quot;335559731&quot;:708,&quot;335559738&quot;:0,&quot;335559739&quot;:0,&quot;335559740&quot;:360}\">\u00a0<\/span><\/p>\n<p style=\"text-align: justify;\"><span data-contrast=\"auto\">Maria \u00e9 o \u00edcone perfeito da espera crist\u00e3. Enquanto o mundo\u00a0seguia distra\u00eddo, ela guardava no cora\u00e7\u00e3o as palavras de Deus e deixava que germinassem no segredo de sua interioridade. Numa cultura que valoriza a pressa, a efici\u00eancia e o imediatismo, Maria ensina a arte paciente da gesta\u00e7\u00e3o: o Reino de Deus n\u00e3o nasce com ru\u00eddo, mas na\u00a0suave\u00a0lentid\u00e3o silenciosa de quem confia. Ela nos mostra que a esperan\u00e7a n\u00e3o \u00e9 passividade, mas ades\u00e3o ativa ao plano divino. No seu \u201cfa\u00e7a-se\u201d, toda a hist\u00f3ria encontrou um novo rumo.<\/span><span data-ccp-props=\"{&quot;134233117&quot;:false,&quot;134233118&quot;:false,&quot;201341983&quot;:0,&quot;335551550&quot;:6,&quot;335551620&quot;:6,&quot;335559731&quot;:708,&quot;335559738&quot;:0,&quot;335559739&quot;:0,&quot;335559740&quot;:360}\">\u00a0<\/span><\/p>\n<p style=\"text-align: justify;\"><span data-ccp-props=\"{&quot;134233117&quot;:false,&quot;134233118&quot;:false,&quot;201341983&quot;:0,&quot;335551550&quot;:6,&quot;335551620&quot;:6,&quot;335559731&quot;:708,&quot;335559738&quot;:0,&quot;335559739&quot;:0,&quot;335559740&quot;:360}\">\u00a0<\/span><\/p>\n<p style=\"text-align: justify;\"><b><span data-contrast=\"auto\">Maria, mulher da escuta e da disponibilidade<\/span><\/b><span data-ccp-props=\"{&quot;134233117&quot;:false,&quot;134233118&quot;:false,&quot;201341983&quot;:0,&quot;335551550&quot;:6,&quot;335551620&quot;:6,&quot;335559731&quot;:708,&quot;335559738&quot;:0,&quot;335559739&quot;:0,&quot;335559740&quot;:360}\">\u00a0<\/span><\/p>\n<p style=\"text-align: justify;\"><span data-ccp-props=\"{&quot;134233117&quot;:false,&quot;134233118&quot;:false,&quot;201341983&quot;:0,&quot;335551550&quot;:6,&quot;335551620&quot;:6,&quot;335559731&quot;:708,&quot;335559738&quot;:0,&quot;335559739&quot;:0,&quot;335559740&quot;:360}\">\u00a0<\/span><\/p>\n<p style=\"text-align: justify;\"><span data-contrast=\"auto\">No Advento, Maria aparece como a mulher que escuta. Antes de conceber no corpo, ela concebeu pela f\u00e9. A anuncia\u00e7\u00e3o n\u00e3o \u00e9 apenas um epis\u00f3dio distante: \u00e9 a pedagogia do Advento. O anjo entra na casa humilde de Nazar\u00e9 e encontra uma jovem capaz de dialogar, perguntar, acolher e decidir-se pela vontade de Deus. Diante dela, o Advento nos pergunta: estamos escutando a Palavra que nos visita? Estamos abrindo espa\u00e7o para Deus em nossas escolhas?<\/span><span data-ccp-props=\"{&quot;134233117&quot;:false,&quot;134233118&quot;:false,&quot;201341983&quot;:0,&quot;335551550&quot;:6,&quot;335551620&quot;:6,&quot;335559731&quot;:708,&quot;335559738&quot;:0,&quot;335559739&quot;:0,&quot;335559740&quot;:360}\">\u00a0<\/span><\/p>\n<p style=\"text-align: justify;\"><span data-contrast=\"auto\">Maria tamb\u00e9m \u00e9 a mulher que caminha. Assim que acolhe a Palavra, levanta-se \u201c\u00e0s pressas\u201d e vai \u00e0 casa de Isabel. A pressa de Maria n\u00e3o \u00e9 ansiedade; \u00e9 caridade. Ela dirige seus passos ao encontro da outra, e ali a presen\u00e7a de Deus faz Jo\u00e3o saltar no ventre. No Advento, o gesto de Maria nos revela que a espera crist\u00e3 n\u00e3o \u00e9 in\u00e9rcia: \u00e9 movimento em dire\u00e7\u00e3o ao pr\u00f3ximo. Quem carrega Cristo dentro de si n\u00e3o se acomoda; ilumina, visita, sustenta, consola.<\/span><span data-ccp-props=\"{&quot;134233117&quot;:false,&quot;134233118&quot;:false,&quot;201341983&quot;:0,&quot;335551550&quot;:6,&quot;335551620&quot;:6,&quot;335559731&quot;:708,&quot;335559738&quot;:0,&quot;335559739&quot;:0,&quot;335559740&quot;:360}\">\u00a0<\/span><\/p>\n<p style=\"text-align: justify;\"><span data-ccp-props=\"{&quot;134233117&quot;:false,&quot;134233118&quot;:false,&quot;201341983&quot;:0,&quot;335551550&quot;:6,&quot;335551620&quot;:6,&quot;335559731&quot;:708,&quot;335559738&quot;:0,&quot;335559739&quot;:0,&quot;335559740&quot;:360}\">\u00a0<\/span><\/p>\n<p style=\"text-align: justify;\"><b><span data-contrast=\"auto\">Maria, primeira morada de Deus e sinal de esperan\u00e7a<\/span><\/b><span data-ccp-props=\"{&quot;134233117&quot;:false,&quot;134233118&quot;:false,&quot;201341983&quot;:0,&quot;335551550&quot;:6,&quot;335551620&quot;:6,&quot;335559731&quot;:708,&quot;335559738&quot;:0,&quot;335559739&quot;:0,&quot;335559740&quot;:360}\">\u00a0<\/span><\/p>\n<p style=\"text-align: justify;\"><span data-ccp-props=\"{&quot;134233117&quot;:false,&quot;134233118&quot;:false,&quot;201341983&quot;:0,&quot;335551550&quot;:6,&quot;335551620&quot;:6,&quot;335559731&quot;:708,&quot;335559738&quot;:0,&quot;335559739&quot;:0,&quot;335559740&quot;:360}\">\u00a0<\/span><\/p>\n<p style=\"text-align: justify;\"><span data-contrast=\"auto\">Em Maria, o Advento \u00e9 tamb\u00e9m liturgia do corpo. Seu ventre, lugar sagrado onde o Verbo se fez carne,\u00a0torna-se a primeira tenda da nova alian\u00e7a. Ela encarna a maior verdade deste tempo: Deus quer aproximar-se, quer tocar a humanidade, quer habitar conosco. Maria \u00e9 a primeira morada de Deus entre os homens. Nela, o mist\u00e9rio da encarna\u00e7\u00e3o se revela como gesto extremo de ternura. Contemplar Maria gr\u00e1vida \u00e9 compreender que a f\u00e9 crist\u00e3 n\u00e3o \u00e9 ideia abstrata, mas vida que pulsa.<\/span><span data-ccp-props=\"{&quot;134233117&quot;:false,&quot;134233118&quot;:false,&quot;201341983&quot;:0,&quot;335551550&quot;:6,&quot;335551620&quot;:6,&quot;335559731&quot;:708,&quot;335559738&quot;:0,&quot;335559739&quot;:0,&quot;335559740&quot;:360}\">\u00a0<\/span><\/p>\n<p style=\"text-align: justify;\"><span data-contrast=\"auto\">A Virgem tamb\u00e9m nos ajuda a entender o car\u00e1ter escatol\u00f3gico do Advento. Ela viveu entre a primeira vinda de Cristo \u2014 aquela que crescia silenciosamente dentro dela \u2014 e a vinda futura, que ela mesma esperava com ardente esperan\u00e7a. Maria \u00e9, portanto, a mulher da vigil\u00e2ncia. Atrav\u00e9s de seus olhos, aprendemos a olhar para o mundo com esperan\u00e7a ativa, reconhecendo os sinais discretos da presen\u00e7a de Deus nos pobres, na justi\u00e7a que desponta, na vida que resiste, na paz que teima em nascer mesmo em cen\u00e1rios adversos.<\/span><span data-ccp-props=\"{&quot;134233117&quot;:false,&quot;134233118&quot;:false,&quot;201341983&quot;:0,&quot;335551550&quot;:6,&quot;335551620&quot;:6,&quot;335559731&quot;:708,&quot;335559738&quot;:0,&quot;335559739&quot;:0,&quot;335559740&quot;:360}\">\u00a0<\/span><\/p>\n<p style=\"text-align: justify;\"><span data-contrast=\"auto\">Por isso, a espiritualidade do Advento encontra em Maria sua melhor int\u00e9rprete. Ela \u00e9 Estrela da Manh\u00e3, aquela que anuncia que a noite est\u00e1 passando e o dia se aproxima. Em sua humildade, Deus inaugurou um futuro novo para a humanidade. Em sua docilidade, encontramos o caminho para acolher Cristo em nossas vidas. Em sua coragem, aprendemos que a f\u00e9 sempre d\u00e1 um passo al\u00e9m, mesmo quando tudo parece\u00a0incerto.<\/span><span data-ccp-props=\"{&quot;134233117&quot;:false,&quot;134233118&quot;:false,&quot;201341983&quot;:0,&quot;335551550&quot;:6,&quot;335551620&quot;:6,&quot;335559731&quot;:708,&quot;335559738&quot;:0,&quot;335559739&quot;:0,&quot;335559740&quot;:360}\">\u00a0<\/span><\/p>\n<p style=\"text-align: justify;\"><span data-contrast=\"auto\">Que, neste Advento, Maria nos ensine a guardar sil\u00eancio sem perder a esperan\u00e7a, a caminhar sem temer o desconhecido, a servir sem esperar recompensas, a acreditar que Deus continua entrando na hist\u00f3ria pelos caminhos mais inesperados. E que, como ela, possamos dizer com verdade:\u00a0\u201cFa\u00e7a-se em mim segundo a tua Palavra.\u201d<\/span><br \/>\n<span data-ccp-props=\"{&quot;134233117&quot;:false,&quot;134233118&quot;:false,&quot;201341983&quot;:0,&quot;335551550&quot;:6,&quot;335551620&quot;:6,&quot;335559731&quot;:708,&quot;335559738&quot;:0,&quot;335559739&quot;:0,&quot;335559740&quot;:360}\">\u00a0<\/span><\/p>\n","protected":false},"excerpt":{"rendered":"<p>Dom Leomar Ant\u00f4nio Brustolin Arcebispo de Santa Maria (RS) \u00a0 No cora\u00e7\u00e3o do Advento, quando a Igreja inteira respira espera, sil\u00eancio e promessa, surge uma figura que ilumina discretamente o caminho: Maria, a M\u00e3e do Senhor, aurora da salva\u00e7\u00e3o, mulher do \u201csim\u201d e do caminho, sinal de tudo aquilo que Deus pode realizar quando encontra &hellip;<\/p>\n<p class=\"read-more\"> <a class=\"\" href=\"https:\/\/www.cnbb.org.br\/maria-no-advento-a-mulher-que-acende-a-aurora\/\"> <span class=\"screen-reader-text\">Maria no Advento: a mulher que acende a aurora<\/span> Leia mais &raquo;<\/a><\/p>\n","protected":false},"author":46,"featured_media":0,"comment_status":"closed","ping_status":"closed","sticky":false,"template":"","format":"standard","meta":{"site-sidebar-layout":"default","site-content-layout":"default","ast-global-header-display":"","ast-banner-title-visibility":"","ast-main-header-display":"","ast-hfb-above-header-display":"","ast-hfb-below-header-display":"","ast-hfb-mobile-header-display":"","site-post-title":"","ast-breadcrumbs-content":"","ast-featured-img":"","footer-sml-layout":"","theme-transparent-header-meta":"default","adv-header-id-meta":"","stick-header-meta":"","header-above-stick-meta":"","header-main-stick-meta":"","header-below-stick-meta":""},"categories":[758],"tags":[],"acf":[],"_links":{"self":[{"href":"https:\/\/www.cnbb.org.br\/cnbb-app\/wp\/v2\/posts\/992423"}],"collection":[{"href":"https:\/\/www.cnbb.org.br\/cnbb-app\/wp\/v2\/posts"}],"about":[{"href":"https:\/\/www.cnbb.org.br\/cnbb-app\/wp\/v2\/types\/post"}],"author":[{"embeddable":true,"href":"https:\/\/www.cnbb.org.br\/cnbb-app\/wp\/v2\/users\/46"}],"replies":[{"embeddable":true,"href":"https:\/\/www.cnbb.org.br\/cnbb-app\/wp\/v2\/comments?post=992423"}],"version-history":[{"count":2,"href":"https:\/\/www.cnbb.org.br\/cnbb-app\/wp\/v2\/posts\/992423\/revisions"}],"predecessor-version":[{"id":992425,"href":"https:\/\/www.cnbb.org.br\/cnbb-app\/wp\/v2\/posts\/992423\/revisions\/992425"}],"wp:attachment":[{"href":"https:\/\/www.cnbb.org.br\/cnbb-app\/wp\/v2\/media?parent=992423"}],"wp:term":[{"taxonomy":"category","embeddable":true,"href":"https:\/\/www.cnbb.org.br\/cnbb-app\/wp\/v2\/categories?post=992423"},{"taxonomy":"post_tag","embeddable":true,"href":"https:\/\/www.cnbb.org.br\/cnbb-app\/wp\/v2\/tags?post=992423"}],"curies":[{"name":"wp","href":"https:\/\/api.w.org\/{rel}","templated":true}]}}