{"id":992432,"date":"2025-12-05T09:41:34","date_gmt":"2025-12-05T12:41:34","guid":{"rendered":"https:\/\/www.cnbb.org.br\/?p=992432"},"modified":"2025-12-05T09:42:30","modified_gmt":"2025-12-05T12:42:30","slug":"maria-aurora-sem-macula-promessa-graca-e-plenitude","status":"publish","type":"post","link":"https:\/\/www.cnbb.org.br\/maria-aurora-sem-macula-promessa-graca-e-plenitude\/","title":{"rendered":"\u201cMaria, aurora sem m\u00e1cula: promessa, gra\u00e7a e plenitude\u201d\u00a0"},"content":{"rendered":"<p style=\"text-align: right;\"><strong>Dom Messias dos Reis Silveira<\/strong><br \/>\n<strong>Bispo de Te\u00f3filo Otoni (MG)<\/strong><\/p>\n<p><span data-ccp-props=\"{&quot;201341983&quot;:0,&quot;335551550&quot;:6,&quot;335551620&quot;:6,&quot;335559731&quot;:708,&quot;335559739&quot;:0,&quot;335559740&quot;:240}\">\u00a0<\/span><\/p>\n<p style=\"text-align: justify;\"><span data-contrast=\"auto\">No in\u00edcio das Sagradas Escrituras, encontramos o relato da queda de nossos primeiros pais. Criados santos por Deus, foram vencidos pela tenta\u00e7\u00e3o. Eva, a primeira m\u00e3e da humanidade, em sua condi\u00e7\u00e3o de pecadora, introduz no mundo a dor e o sofrimento. Contudo, Deus nunca abandonou a humanidade: acompanhou-a com amor de Pai e veio ao seu encontro, enviando o Filho Jesus, restaurador da cria\u00e7\u00e3o, para fazer surgir um mundo novo, um homem novo, inaugurando uma nova hist\u00f3ria de amor e de comunh\u00e3o com Ele.<\/span><span data-ccp-props=\"{&quot;134233117&quot;:true,&quot;134233118&quot;:true,&quot;201341983&quot;:0,&quot;335551550&quot;:6,&quot;335551620&quot;:6,&quot;335559731&quot;:708,&quot;335559740&quot;:240}\">\u00a0<\/span><\/p>\n<p style=\"text-align: justify;\"><span data-contrast=\"auto\">Maria, cuja Imaculada Concei\u00e7\u00e3o celebramos \u2014 um dos grandes dogmas\u00a0marianos\u00a0\u2014 \u00e9 a nova mulher em oposi\u00e7\u00e3o ao pecado. Deus a preparou santa desde o princ\u00edpio, desde a sua concep\u00e7\u00e3o. O Filho que dela nasceria \u00e9 o Santo por excel\u00eancia. Sendo Filho de Deus, n\u00e3o poderia vir marcado pelo pecado; por isso, a Virgem Maria foi preservada da mancha original e gerada toda santa. A maternidade divina manifesta a ternura de Deus, que prepara para si uma M\u00e3e pura e imaculada.<\/span><span data-ccp-props=\"{&quot;134233117&quot;:true,&quot;134233118&quot;:true,&quot;201341983&quot;:0,&quot;335551550&quot;:6,&quot;335551620&quot;:6,&quot;335559731&quot;:708,&quot;335559740&quot;:240}\">\u00a0<\/span><\/p>\n<p style=\"text-align: justify;\"><span data-contrast=\"auto\">Quando o anjo a sa\u00fada, proclama: \u201cAlegra-te, cheia de gra\u00e7a! O Senhor est\u00e1 contigo!\u201d (Lc\u00a01,28). Nestas palavras est\u00e1 impl\u00edcita a verdade de que Maria \u00e9 plena da gra\u00e7a, revestida da bondade divina. Ao celebrar a Imaculada Concei\u00e7\u00e3o, contemplamos o olhar amoroso de Deus voltado para Joaquim e Ana, os pais de Maria. Naquele momento de concep\u00e7\u00e3o, a humanidade come\u00e7ou a experimentar a liberta\u00e7\u00e3o definitiva: Deus preparava a vinda do Salvador e, para que o Santo nascesse, gerou uma M\u00e3e toda santa.<\/span><span data-ccp-props=\"{&quot;134233117&quot;:true,&quot;134233118&quot;:true,&quot;201341983&quot;:0,&quot;335551550&quot;:6,&quot;335551620&quot;:6,&quot;335559731&quot;:708,&quot;335559740&quot;:240}\">\u00a0<\/span><\/p>\n<p style=\"text-align: justify;\"><span data-contrast=\"auto\">Por isso ela \u00e9 \u201ccheia de gra\u00e7a\u201d. A sauda\u00e7\u00e3o do anjo indica a plenitude da gra\u00e7a anterior \u00e0 Anuncia\u00e7\u00e3o; significa que desde o primeiro instante de sua exist\u00eancia, a a\u00e7\u00e3o divina j\u00e1 habitava seu cora\u00e7\u00e3o. Ela \u00e9 bendita entre as mulheres, e o fruto que traz em seu ventre \u00e9 o Bendito por excel\u00eancia. Quando Maria visita Isabel, revela-se sua singularidade espiritual: a presen\u00e7a do Esp\u00edrito transborda e santifica.<\/span><span data-ccp-props=\"{&quot;134233117&quot;:true,&quot;134233118&quot;:true,&quot;201341983&quot;:0,&quot;335551550&quot;:6,&quot;335551620&quot;:6,&quot;335559731&quot;:708,&quot;335559740&quot;:240}\">\u00a0<\/span><\/p>\n<p style=\"text-align: justify;\"><span data-contrast=\"auto\">Deus enviou o Filho por meio de uma mulher. A Imaculada Concei\u00e7\u00e3o \u00e9 luz no caminho da santifica\u00e7\u00e3o. Celebrar esta solenidade \u00e9 permitir que a paz que emana de Maria alcance o nosso cora\u00e7\u00e3o. Onde Maria est\u00e1, a paz acontece. Que este seja tempo de contempla\u00e7\u00e3o e de s\u00faplica, pedindo que ela renove nossa f\u00e9 e nos inspire no caminho do amor e da compaix\u00e3o.<\/span><span data-ccp-props=\"{&quot;134233117&quot;:true,&quot;134233118&quot;:true,&quot;201341983&quot;:0,&quot;335551550&quot;:6,&quot;335551620&quot;:6,&quot;335559731&quot;:708,&quot;335559740&quot;:240}\">\u00a0<\/span><\/p>\n<p style=\"text-align: justify;\"><span data-contrast=\"auto\">O caminho do amor \u2014 ensinado por Jesus \u2014 e o da compaix\u00e3o, da ternura, s\u00e3o urgentes no mundo marcado pela dor e pelo sofrimento. Acreditamos que Deus faz o imposs\u00edvel: o que aos homens parece inalcan\u00e7\u00e1vel, para Deus \u00e9 poss\u00edvel. Assim como transformou a hist\u00f3ria por meio de Maria, Ele transforma tamb\u00e9m os nossos cora\u00e7\u00f5es.<\/span><span data-ccp-props=\"{&quot;134233117&quot;:true,&quot;134233118&quot;:true,&quot;201341983&quot;:0,&quot;335551550&quot;:6,&quot;335551620&quot;:6,&quot;335559731&quot;:708,&quot;335559740&quot;:240}\">\u00a0<\/span><\/p>\n<p style=\"text-align: justify;\"><span data-contrast=\"auto\">A Virgem Maria \u00e9 modelo para todo crist\u00e3o: desde sua concep\u00e7\u00e3o imaculada at\u00e9 a vida de servi\u00e7o e doa\u00e7\u00e3o. Serviu Isabel, intercedeu nas bodas de\u00a0Can\u00e1, buscou o Menino no Templo, apresentou-o no Templo e ouviu de\u00a0Sime\u00e3o\u00a0a profecia da espada que transpassaria sua alma. Permaneceu firme junto \u00e0 cruz e acompanhou os disc\u00edpulos no nascimento da Igreja. Maria \u00e9, portanto, exemplo de perseveran\u00e7a, f\u00e9 e esperan\u00e7a para os peregrinos do amor.<\/span><span data-ccp-props=\"{&quot;134233117&quot;:true,&quot;134233118&quot;:true,&quot;201341983&quot;:0,&quot;335551550&quot;:6,&quot;335551620&quot;:6,&quot;335559731&quot;:708,&quot;335559740&quot;:240}\">\u00a0<\/span><\/p>\n<p style=\"text-align: justify;\"><span data-contrast=\"auto\">Na Imaculada Concei\u00e7\u00e3o, contemplamos o cumprimento da promessa feita a Abra\u00e3o, realizada plenamente em Cristo, que veio ao mundo por Maria. Nas Escrituras encontramos essa luz: \u201cPorei inimizade entre ti e a mulher, entre a tua descend\u00eancia e a descend\u00eancia dela.\u201d (Gn\u00a03,15). O mal n\u00e3o prevalecer\u00e1, pois o amor \u00e9 mais forte. Tamb\u00e9m ouvimos Isabel proclamar: \u201cBendita \u00e9s tu entre as mulheres e bendito \u00e9 o fruto do teu ventre.\u201d (Lc\u00a01,42). A plenitude da f\u00e9 nos conduz ainda ao apelo da santidade: \u201cSede santos, porque Eu sou santo.\u201d (1Pd 1,15-16). A Imaculada nos recorda que o batismo nos vocaciona \u00e0 santidade.<\/span><span data-ccp-props=\"{&quot;134233117&quot;:true,&quot;134233118&quot;:true,&quot;201341983&quot;:0,&quot;335551550&quot;:6,&quot;335551620&quot;:6,&quot;335559731&quot;:708,&quot;335559740&quot;:240}\">\u00a0<\/span><\/p>\n<p style=\"text-align: justify;\"><span data-contrast=\"auto\">Celebremos, pois, amados irm\u00e3os e irm\u00e3s, a Imaculada Concei\u00e7\u00e3o com cora\u00e7\u00e3o filial, sentindo a paz e a presen\u00e7a da Virgem Maria em nossa vida. Ela cuida de seus filhos \u2014 e cuida de cada um de n\u00f3s. Os filhos podem esquecer-se da m\u00e3e, mas a M\u00e3e jamais abandona os seus. Est\u00e1 ao lado de todos, inclusive dos que n\u00e3o a amam. Est\u00e1 presente, maternalmente, em nossa hist\u00f3ria e em nosso caminhar.<\/span><span data-ccp-props=\"{&quot;134233117&quot;:true,&quot;134233118&quot;:true,&quot;201341983&quot;:0,&quot;335551550&quot;:6,&quot;335551620&quot;:6,&quot;335559731&quot;:708,&quot;335559740&quot;:240}\">\u00a0<\/span><\/p>\n<p style=\"text-align: justify;\"><span data-contrast=\"auto\">Que a Virgem Maria, Senhora Imaculada Concei\u00e7\u00e3o, nos aben\u00e7oe e nos conduza \u00e0 plenitude da gra\u00e7a.\u00a0<\/span><span data-ccp-props=\"{&quot;134233117&quot;:true,&quot;134233118&quot;:true,&quot;201341983&quot;:0,&quot;335551550&quot;:6,&quot;335551620&quot;:6,&quot;335559731&quot;:708,&quot;335559740&quot;:240}\">\u00a0<\/span><\/p>\n<p style=\"text-align: justify;\"><span data-ccp-props=\"{&quot;201341983&quot;:0,&quot;335551550&quot;:6,&quot;335551620&quot;:6,&quot;335559731&quot;:708,&quot;335559739&quot;:0,&quot;335559740&quot;:240}\">\u00a0<\/span><\/p>\n<p style=\"text-align: justify;\">\n","protected":false},"excerpt":{"rendered":"<p>Dom Messias dos Reis Silveira Bispo de Te\u00f3filo Otoni (MG) \u00a0 No in\u00edcio das Sagradas Escrituras, encontramos o relato da queda de nossos primeiros pais. Criados santos por Deus, foram vencidos pela tenta\u00e7\u00e3o. Eva, a primeira m\u00e3e da humanidade, em sua condi\u00e7\u00e3o de pecadora, introduz no mundo a dor e o sofrimento. Contudo, Deus nunca &hellip;<\/p>\n<p class=\"read-more\"> <a class=\"\" href=\"https:\/\/www.cnbb.org.br\/maria-aurora-sem-macula-promessa-graca-e-plenitude\/\"> <span class=\"screen-reader-text\">\u201cMaria, aurora sem m\u00e1cula: promessa, gra\u00e7a e plenitude\u201d\u00a0<\/span> Leia mais &raquo;<\/a><\/p>\n","protected":false},"author":45,"featured_media":0,"comment_status":"closed","ping_status":"closed","sticky":false,"template":"","format":"standard","meta":{"site-sidebar-layout":"default","site-content-layout":"default","ast-global-header-display":"","ast-banner-title-visibility":"","ast-main-header-display":"","ast-hfb-above-header-display":"","ast-hfb-below-header-display":"","ast-hfb-mobile-header-display":"","site-post-title":"","ast-breadcrumbs-content":"","ast-featured-img":"","footer-sml-layout":"","theme-transparent-header-meta":"default","adv-header-id-meta":"","stick-header-meta":"","header-above-stick-meta":"","header-main-stick-meta":"","header-below-stick-meta":""},"categories":[758],"tags":[],"acf":[],"_links":{"self":[{"href":"https:\/\/www.cnbb.org.br\/cnbb-app\/wp\/v2\/posts\/992432"}],"collection":[{"href":"https:\/\/www.cnbb.org.br\/cnbb-app\/wp\/v2\/posts"}],"about":[{"href":"https:\/\/www.cnbb.org.br\/cnbb-app\/wp\/v2\/types\/post"}],"author":[{"embeddable":true,"href":"https:\/\/www.cnbb.org.br\/cnbb-app\/wp\/v2\/users\/45"}],"replies":[{"embeddable":true,"href":"https:\/\/www.cnbb.org.br\/cnbb-app\/wp\/v2\/comments?post=992432"}],"version-history":[{"count":2,"href":"https:\/\/www.cnbb.org.br\/cnbb-app\/wp\/v2\/posts\/992432\/revisions"}],"predecessor-version":[{"id":992434,"href":"https:\/\/www.cnbb.org.br\/cnbb-app\/wp\/v2\/posts\/992432\/revisions\/992434"}],"wp:attachment":[{"href":"https:\/\/www.cnbb.org.br\/cnbb-app\/wp\/v2\/media?parent=992432"}],"wp:term":[{"taxonomy":"category","embeddable":true,"href":"https:\/\/www.cnbb.org.br\/cnbb-app\/wp\/v2\/categories?post=992432"},{"taxonomy":"post_tag","embeddable":true,"href":"https:\/\/www.cnbb.org.br\/cnbb-app\/wp\/v2\/tags?post=992432"}],"curies":[{"name":"wp","href":"https:\/\/api.w.org\/{rel}","templated":true}]}}