{"id":992444,"date":"2025-12-05T11:03:59","date_gmt":"2025-12-05T14:03:59","guid":{"rendered":"https:\/\/www.cnbb.org.br\/?p=992444"},"modified":"2025-12-05T11:03:59","modified_gmt":"2025-12-05T14:03:59","slug":"senado-pacto-educativo-global-papel-educacao-catolica","status":"publish","type":"post","link":"https:\/\/www.cnbb.org.br\/senado-pacto-educativo-global-papel-educacao-catolica\/","title":{"rendered":"Sess\u00e3o no Senado destaca compromissos do Pacto Educativo Global e papel da educa\u00e7\u00e3o cat\u00f3lica"},"content":{"rendered":"<p>O Pacto Educativo Global \u00e9 um sopro de esperan\u00e7a para educadores, afirmou o padre J\u00falio C\u00e9sar Resende, assessor da Comiss\u00e3o para a Cultura e a Educa\u00e7\u00e3o da Confer\u00eancia Nacional dos Bispos do Brasil (CNBB), durante sess\u00e3o especial no Senado, realizada na \u00faltima sexta-feira. O evento celebrou o Pacto Educativo Global e o legado do Papa Francisco, reunindo representantes da Associa\u00e7\u00e3o Nacional de Educa\u00e7\u00e3o Cat\u00f3lica (Anec), autoridades e membros da Igreja e da comunidade acad\u00eamica para reafirmar o compromisso do Brasil com uma educa\u00e7\u00e3o integral, fraterna e voltada ao bem comum.<\/p>\n<p>Proposta pelo senador Fl\u00e1vio Arns, a sess\u00e3o foi momento para refor\u00e7ar o papel decisivo do Legislativo Brasileiro na consolida\u00e7\u00e3o do pacto no pa\u00eds, especialmente durante a revis\u00e3o e vota\u00e7\u00e3o do Plano Nacional de Educa\u00e7\u00e3o (PNE), que definir\u00e1 diretrizes para a pr\u00f3xima d\u00e9cada.<\/p>\n<p><img decoding=\"async\" loading=\"lazy\" class=\"aligncenter size-full wp-image-992455\" src=\"https:\/\/www.cnbb.org.br\/wp-content\/uploads\/2025\/12\/Pe-Julio-Cesar-Senado.jpg\" alt=\"\" width=\"960\" height=\"640\" srcset=\"https:\/\/www.cnbb.org.br\/wp-content\/uploads\/2025\/12\/Pe-Julio-Cesar-Senado.jpg 960w, https:\/\/www.cnbb.org.br\/wp-content\/uploads\/2025\/12\/Pe-Julio-Cesar-Senado-300x200.jpg 300w, https:\/\/www.cnbb.org.br\/wp-content\/uploads\/2025\/12\/Pe-Julio-Cesar-Senado-768x512.jpg 768w, https:\/\/www.cnbb.org.br\/wp-content\/uploads\/2025\/12\/Pe-Julio-Cesar-Senado-500x333.jpg 500w\" sizes=\"(max-width: 960px) 100vw, 960px\" \/><\/p>\n<p>&nbsp;<\/p>\n<p>Em sua fala, o assessor do Setor Educa\u00e7\u00e3o da Comiss\u00e3o para a Cultura e a Educa\u00e7\u00e3o da CNBB recordou que diversos organismos internacionais reconheceram no Papa Francisco &#8220;uma voz l\u00facida, prof\u00e9tica e coerente em meio a um mundo marcado por ru\u00eddos, fragmenta\u00e7\u00f5es e contradi\u00e7\u00f5es&#8221;.<\/p>\n<blockquote><p>&#8220;Ao conclamar a sociedade, as fam\u00edlias, as institui\u00e7\u00f5es de ensino, os governos e as comunidades religiosas a repensarem seu compromisso educativo, o Papa nos chama a somar esfor\u00e7os e a assumir, com renovada convic\u00e7\u00e3o, que o ato de educar \u00e9, antes de tudo, uma arte tecida a muitas m\u00e3os&#8221;, afirmou padre J\u00falio C\u00e9sar.<\/p><\/blockquote>\n<p>O padre salientou que o Pacto Educativo nasce do olhar &#8220;perspicaz e compassivo do Papa Francisco diante de uma humanidade fragilizada, cansada e frequentemente desiludida&#8221;. Sua proposta, continuou, &#8220;brota de um cora\u00e7\u00e3o atento aos apelos de Deus, fonte da vida e da esperan\u00e7a, que sonha com a plenitude de toda a cria\u00e7\u00e3o e conosco, criados \u00e0 sua imagem&#8221;.<\/p>\n<h3>Compromissos<\/h3>\n<p>Ao lan\u00e7ar esse apelo global, o Papa Francisco convocou a repensar os rumos da educa\u00e7\u00e3o como espa\u00e7o privilegiado de transforma\u00e7\u00e3o, capaz de regenerar v\u00ednculos, fortalecer a cultura do encontro e recolocar a pessoa no centro.<\/p>\n<p>Da\u00ed, o desafio de assumir compromissos. O Papa Frnacisco indicou sete: colocar a pessoa no centro; ouvir as novas gera\u00e7\u00f5es; dar espa\u00e7os para as mulheres; motivar a responsabilidade das fam\u00edlias; abrir-se \u00e0 acolhida; promover novas formas de economia e pol\u00edtica; e o cuidado respons\u00e1vel da casa comum.<\/p>\n<p>Padre J\u00falio tamb\u00e9m citou o relan\u00e7amento do Pacto feito pelo Papa Le\u00e3o XIV, com a adi\u00e7\u00e3o de mais tr\u00eas compromissos diante dos desafios emergentes: a forma\u00e7\u00e3o para uma cultura da paz \u2014 uma paz \u2018desarmada e desarmante\u2019; a humaniza\u00e7\u00e3o das tecnologias e da intelig\u00eancia artificial; e a promo\u00e7\u00e3o de uma aut\u00eantica vida interior, indispens\u00e1vel \u00e0 constru\u00e7\u00e3o de projetos de vida que brotam de madura reflex\u00e3o pessoal.<\/p>\n<p><img decoding=\"async\" loading=\"lazy\" class=\"aligncenter size-full wp-image-992457\" src=\"https:\/\/www.cnbb.org.br\/wp-content\/uploads\/2025\/12\/Senado-Pacto-Educativo.jpg\" alt=\"\" width=\"960\" height=\"640\" srcset=\"https:\/\/www.cnbb.org.br\/wp-content\/uploads\/2025\/12\/Senado-Pacto-Educativo.jpg 960w, https:\/\/www.cnbb.org.br\/wp-content\/uploads\/2025\/12\/Senado-Pacto-Educativo-300x200.jpg 300w, https:\/\/www.cnbb.org.br\/wp-content\/uploads\/2025\/12\/Senado-Pacto-Educativo-768x512.jpg 768w, https:\/\/www.cnbb.org.br\/wp-content\/uploads\/2025\/12\/Senado-Pacto-Educativo-500x333.jpg 500w\" sizes=\"(max-width: 960px) 100vw, 960px\" \/><\/p>\n<p>&nbsp;<\/p>\n<h3>Iniciativa vigorosa<\/h3>\n<p>Em seu discurso, padre J\u00falio destacou o Pacto Educativo como &#8220;uma das iniciativas mais vigorosas do pontificado do Papa Francisco, pois oferece um verdadeiro ant\u00eddoto \u00e0 crise antropol\u00f3gica contempor\u00e2nea, recolocando a pessoa no centro e contrapondo-se \u00e0 l\u00f3gica utilitarista e competitiva que permeia nossas mentalidades&#8221;.<\/p>\n<blockquote><p>&#8220;Trata-se, sobretudo, de um sopro de esperan\u00e7a para n\u00f3s, educadores, que tantas vezes nos percebemos \u00e0 semelhan\u00e7a dos disc\u00edpulos de Ema\u00fas: desalentados, com o cora\u00e7\u00e3o vacilante, tentados a retroceder e a renunciar \u00e0 miss\u00e3o educativa. Contudo, \u00e0 luz desse Pacto, reencontramos raz\u00f5es para perseverar; nossas esperan\u00e7as s\u00e3o reavivadas e a chama da utopia volta a arder em n\u00f3s&#8221;.<\/p><\/blockquote>\n<p>Para ele, &#8220;o Papa Francisco passou por nossas vidas como um \u2018avivador de utopias\u2019, revigorando aqueles que ainda ousam sonhar com um mundo mais fraterno e solid\u00e1rio, e encorajando-nos a n\u00e3o desistir da miss\u00e3o que nos foi confiada&#8221;.<\/p>\n<h3>Compromisso brasileiro<\/h3>\n<p>A presidente da Anec, irm\u00e3 Iran\u00ed Rupolo, afirmou que o pacto se alinha diretamente com a miss\u00e3o da educa\u00e7\u00e3o cat\u00f3lica:<\/p>\n<blockquote><p>\u201cEducar \u00e9 dignificar a pessoa humana. Le\u00e3o XIV nos convida a imaginar novos mapas de esperan\u00e7a e a integrar espiritualidade, tecnologia e paz como fundamentos educativos. A Casa Legislativa tem papel crucial ao regulamentar pol\u00edticas que alcan\u00e7am toda a educa\u00e7\u00e3o \u2014 p\u00fablica, privada e confessional.\u201d<\/p><\/blockquote>\n<p>A atua\u00e7\u00e3o da ANEC, segundo a irm\u00e3 Iran\u00ed, tem buscado fortalecer projetos institucionais, articula\u00e7\u00e3o p\u00fablica e iniciativas de forma\u00e7\u00e3o alinhadas aos dez compromissos do pacto.<\/p>\n<p>&nbsp;<\/p>\n<p>&nbsp;<\/p>\n<pre>Luiz Lopes Jr - com informa\u00e7\u00f5es da ANEC<\/pre>\n","protected":false},"excerpt":{"rendered":"<p>O Pacto Educativo nasce do olhar do Papa Francisco diante de uma humanidade fragilizada, cansada e frequentemente desiludida. Ao lan\u00e7ar esse apelo global, o Papa Francisco convocou a repensar os rumos da educa\u00e7\u00e3o como espa\u00e7o privilegiado de transforma\u00e7\u00e3o, capaz de regenerar v\u00ednculos, fortalecer a cultura do encontro e recolocar a pessoa no centro<\/p>\n","protected":false},"author":38,"featured_media":992456,"comment_status":"closed","ping_status":"closed","sticky":false,"template":"","format":"standard","meta":{"site-sidebar-layout":"default","site-content-layout":"default","ast-global-header-display":"","ast-banner-title-visibility":"","ast-main-header-display":"","ast-hfb-above-header-display":"","ast-hfb-below-header-display":"","ast-hfb-mobile-header-display":"","site-post-title":"","ast-breadcrumbs-content":"","ast-featured-img":"","footer-sml-layout":"","theme-transparent-header-meta":"default","adv-header-id-meta":"","stick-header-meta":"","header-above-stick-meta":"","header-main-stick-meta":"","header-below-stick-meta":""},"categories":[799,50],"tags":[2230],"acf":[],"_links":{"self":[{"href":"https:\/\/www.cnbb.org.br\/cnbb-app\/wp\/v2\/posts\/992444"}],"collection":[{"href":"https:\/\/www.cnbb.org.br\/cnbb-app\/wp\/v2\/posts"}],"about":[{"href":"https:\/\/www.cnbb.org.br\/cnbb-app\/wp\/v2\/types\/post"}],"author":[{"embeddable":true,"href":"https:\/\/www.cnbb.org.br\/cnbb-app\/wp\/v2\/users\/38"}],"replies":[{"embeddable":true,"href":"https:\/\/www.cnbb.org.br\/cnbb-app\/wp\/v2\/comments?post=992444"}],"version-history":[{"count":2,"href":"https:\/\/www.cnbb.org.br\/cnbb-app\/wp\/v2\/posts\/992444\/revisions"}],"predecessor-version":[{"id":992459,"href":"https:\/\/www.cnbb.org.br\/cnbb-app\/wp\/v2\/posts\/992444\/revisions\/992459"}],"wp:featuredmedia":[{"embeddable":true,"href":"https:\/\/www.cnbb.org.br\/cnbb-app\/wp\/v2\/media\/992456"}],"wp:attachment":[{"href":"https:\/\/www.cnbb.org.br\/cnbb-app\/wp\/v2\/media?parent=992444"}],"wp:term":[{"taxonomy":"category","embeddable":true,"href":"https:\/\/www.cnbb.org.br\/cnbb-app\/wp\/v2\/categories?post=992444"},{"taxonomy":"post_tag","embeddable":true,"href":"https:\/\/www.cnbb.org.br\/cnbb-app\/wp\/v2\/tags?post=992444"}],"curies":[{"name":"wp","href":"https:\/\/api.w.org\/{rel}","templated":true}]}}