{"id":992449,"date":"2025-12-05T11:18:26","date_gmt":"2025-12-05T14:18:26","guid":{"rendered":"https:\/\/www.cnbb.org.br\/?p=992449"},"modified":"2025-12-05T11:21:55","modified_gmt":"2025-12-05T14:21:55","slug":"comissao-continua-revisao-de-melodias-para-o-canto-da-presidencia-e-participa-da-iii-maratona-sacrosanctum-concilium","status":"publish","type":"post","link":"https:\/\/www.cnbb.org.br\/comissao-continua-revisao-de-melodias-para-o-canto-da-presidencia-e-participa-da-iii-maratona-sacrosanctum-concilium\/","title":{"rendered":"Comiss\u00e3o continua revis\u00e3o de melodias para o canto da presid\u00eancia e participa da III Maratona Sacrosanctum Concilium"},"content":{"rendered":"<div>\n<div class=\"x_elementToProof\" style=\"text-align: justify;\">\n<p>O Setor M\u00fasica, da Comiss\u00e3o Episcopal para a Liturgia da CNBB, realizou reuni\u00e3o nos dias 30 de novembro e 1\u00ba de dezembro, no Centro de Pastoral Dom Fernando, em Goi\u00e2nia, continuando os trabalhos de revis\u00e3o para publica\u00e7\u00e3o de melodias para o canto da presid\u00eancia da Eucaristia, inspiradas na m\u00fasica brasileira. Este trabalho re\u00fane melodias de ora\u00e7\u00f5es eucar\u00edsticas e de outras partes da missa em que h\u00e1 di\u00e1logos do presidente com a assembleia celebrante, como o sinal da cruz, o Pai Nosso, as ora\u00e7\u00f5es coleta, sobre as oferendas e ap\u00f3s comunh\u00e3o, e as ben\u00e7\u00e3os finais e ora\u00e7\u00f5es sobre o povo.<\/p>\n<p>Um diferencial do trabalho \u00e9 a inspira\u00e7\u00e3o na m\u00fasica brasileira: os compositores representam v\u00e1rias partes do Brasil, e esta diversidade transparece nas melodias. A import\u00e2ncia da inspira\u00e7\u00e3o brasileira, segundo padre Jair Costa, assessor do Setor, pretende facilitar o cantar de quem preside, num recitativo dentro do nosso universo cultural.<\/p>\n<h3>III Maratona Sacrosanctum Concilium<\/h3>\n<p>J\u00e1 no dia 4 de dezembro aconteceu a III Maratona Sacrosanctum Concilium. Este evento foi promovido pelo Centro de Liturgia Dom Clemente Isnard, em parceria com a Rede Celebra de Anima\u00e7\u00e3o Lit\u00fargica e as Pias Disc\u00edpulas do Divino Mestre, e transmitido pelos seus respectivos canais no YouTube. Assessores da Comiss\u00e3o Episcopal para a Liturgia participaram do evento, como tamb\u00e9m membros das equipes de reflex\u00e3o do espa\u00e7o lit\u00fargico, pastoral e m\u00fasica lit\u00fargica. Foram 12 horas ininterruptas de transmiss\u00e3o, em entusiasmadas mesas redondas.<\/p>\n<p><img decoding=\"async\" loading=\"lazy\" class=\"aligncenter wp-image-992460 \" src=\"https:\/\/www.cnbb.org.br\/wp-content\/uploads\/2025\/12\/image-1.png\" alt=\"\" width=\"491\" height=\"276\" srcset=\"https:\/\/www.cnbb.org.br\/wp-content\/uploads\/2025\/12\/image-1.png 886w, https:\/\/www.cnbb.org.br\/wp-content\/uploads\/2025\/12\/image-1-300x169.png 300w, https:\/\/www.cnbb.org.br\/wp-content\/uploads\/2025\/12\/image-1-768x432.png 768w, https:\/\/www.cnbb.org.br\/wp-content\/uploads\/2025\/12\/image-1-500x281.png 500w\" sizes=\"(max-width: 491px) 100vw, 491px\" \/><\/p>\n<p>O tema escolhido para a Maratona deste ano foi &#8220;Tesouro de inestim\u00e1vel valor: a M\u00fasica Lit\u00fargica na Sacrosanctum Concilium&#8221;. O cap\u00edtulo 6 do documento foi apresentado a partir de v\u00e1rios pontos de vista, entre eles: a m\u00fasica como parte integrante da Liturgia, a presen\u00e7a de Cristo quando a assembleia reza e canta, a finalidade da m\u00fasica como gl\u00f3ria de Deus e santifica\u00e7\u00e3o dos fi\u00e9is, as fontes da M\u00fasica Lit\u00fargica do canto gregoriano ao canto popular,\u00a0 a m\u00fasica na forma\u00e7\u00e3o integral dos candidatos ao Presbiterato, a hist\u00f3ria da M\u00fasica no Brasil , espa\u00e7o celebrativo e m\u00fasica lit\u00fargica, repert\u00f3rio do Hin\u00e1rio, os desafios da forma\u00e7\u00e3o lit\u00fargico musical.<\/p>\n<p>O presidente da Comiss\u00e3o Episcopal para a Liturgia, dom Hernaldo Pinto Farias, esteve presente tamb\u00e9m durante a maratona, e destacou que &#8220;crescemos muito na compreens\u00e3o da m\u00fasica lit\u00fargica no Brasil, no sentido teol\u00f3gico e na viv\u00eancia dos rituais, mas \u00e9 preciso retomar a forma\u00e7\u00e3o lit\u00fargico-musical desde os aspectos mais b\u00e1sicos da teologia lit\u00fargica&#8221;.<\/p>\n<p>Destacou tamb\u00e9m que &#8220;a Igreja demanda uma forma\u00e7\u00e3o nova, diferente&#8221;, para que a reforma lit\u00fargica continue avan\u00e7ando tamb\u00e9m com os que est\u00e3o mais distantes do Conc\u00edlio Vaticano II.<\/p>\n<p>O conte\u00fado da III Maratona pode ser assistido abaixo:<\/p>\n<div class=\"ast-oembed-container\" style=\"height: 100%;\"><iframe loading=\"lazy\" title=\"III Maratona Sacrosanctum Concilium -\" width=\"500\" height=\"281\" src=\"https:\/\/www.youtube.com\/embed\/dOYA1o7_l04?feature=oembed\" frameborder=\"0\" allow=\"accelerometer; autoplay; clipboard-write; encrypted-media; gyroscope; picture-in-picture; web-share\" referrerpolicy=\"strict-origin-when-cross-origin\" allowfullscreen><\/iframe><\/div>\n<\/div>\n<\/div>\n<p>&nbsp;<\/p>\n<pre>\r\nPor padre Jair Costa | Setor M\u00fasida da Comiss\u00e3o para a Liturgia<\/pre>\n<p>&nbsp;<\/p>\n<div><\/div>\n","protected":false},"excerpt":{"rendered":"<p>O Setor M\u00fasica, da Comiss\u00e3o Episcopal para a Liturgia da CNBB, deu continuidade aos trabalhos de revis\u00e3o para publica\u00e7\u00e3o de melodias para o canto da presid\u00eancia da Eucaristia, inspiradas na m\u00fasica brasileira. Este trabalho re\u00fane melodias de ora\u00e7\u00f5es eucar\u00edsticas e de outras partes da missa em que h\u00e1 di\u00e1logos do presidente com a assembleia celebrante<\/p>\n","protected":false},"author":141,"featured_media":992461,"comment_status":"closed","ping_status":"closed","sticky":false,"template":"","format":"standard","meta":{"site-sidebar-layout":"default","site-content-layout":"default","ast-global-header-display":"","ast-banner-title-visibility":"","ast-main-header-display":"","ast-hfb-above-header-display":"","ast-hfb-below-header-display":"","ast-hfb-mobile-header-display":"","site-post-title":"","ast-breadcrumbs-content":"","ast-featured-img":"","footer-sml-layout":"","theme-transparent-header-meta":"default","adv-header-id-meta":"","stick-header-meta":"","header-above-stick-meta":"","header-main-stick-meta":"","header-below-stick-meta":""},"categories":[50,859],"tags":[6261,6259,6260],"acf":[],"_links":{"self":[{"href":"https:\/\/www.cnbb.org.br\/cnbb-app\/wp\/v2\/posts\/992449"}],"collection":[{"href":"https:\/\/www.cnbb.org.br\/cnbb-app\/wp\/v2\/posts"}],"about":[{"href":"https:\/\/www.cnbb.org.br\/cnbb-app\/wp\/v2\/types\/post"}],"author":[{"embeddable":true,"href":"https:\/\/www.cnbb.org.br\/cnbb-app\/wp\/v2\/users\/141"}],"replies":[{"embeddable":true,"href":"https:\/\/www.cnbb.org.br\/cnbb-app\/wp\/v2\/comments?post=992449"}],"version-history":[{"count":7,"href":"https:\/\/www.cnbb.org.br\/cnbb-app\/wp\/v2\/posts\/992449\/revisions"}],"predecessor-version":[{"id":992465,"href":"https:\/\/www.cnbb.org.br\/cnbb-app\/wp\/v2\/posts\/992449\/revisions\/992465"}],"wp:featuredmedia":[{"embeddable":true,"href":"https:\/\/www.cnbb.org.br\/cnbb-app\/wp\/v2\/media\/992461"}],"wp:attachment":[{"href":"https:\/\/www.cnbb.org.br\/cnbb-app\/wp\/v2\/media?parent=992449"}],"wp:term":[{"taxonomy":"category","embeddable":true,"href":"https:\/\/www.cnbb.org.br\/cnbb-app\/wp\/v2\/categories?post=992449"},{"taxonomy":"post_tag","embeddable":true,"href":"https:\/\/www.cnbb.org.br\/cnbb-app\/wp\/v2\/tags?post=992449"}],"curies":[{"name":"wp","href":"https:\/\/api.w.org\/{rel}","templated":true}]}}