{"id":992566,"date":"2025-12-09T09:47:09","date_gmt":"2025-12-09T12:47:09","guid":{"rendered":"https:\/\/www.cnbb.org.br\/?p=992566"},"modified":"2025-12-09T14:36:52","modified_gmt":"2025-12-09T17:36:52","slug":"nossa-senhora-de-guadalupe-5","status":"publish","type":"post","link":"https:\/\/www.cnbb.org.br\/nossa-senhora-de-guadalupe-5\/","title":{"rendered":"Nossa Senhora de Guadalupe\u00a0"},"content":{"rendered":"<p style=\"text-align: right;\"><b><span data-contrast=\"none\">Cardeal Orani Jo\u00e3o Tempesta<\/span><\/b><span data-ccp-props=\"{&quot;201341983&quot;:0,&quot;335551550&quot;:3,&quot;335551620&quot;:3,&quot;335559731&quot;:708,&quot;335559739&quot;:160,&quot;335559740&quot;:259}\"><br \/>\n<\/span><b><span data-contrast=\"none\">Arcebispo do Rio de Janeiro (RJ)<\/span><\/b><span data-ccp-props=\"{&quot;201341983&quot;:0,&quot;335551550&quot;:3,&quot;335551620&quot;:3,&quot;335559731&quot;:708,&quot;335559739&quot;:160,&quot;335559740&quot;:259}\">\u00a0<\/span><\/p>\n<p style=\"text-align: justify;\"><span data-ccp-props=\"{&quot;201341983&quot;:0,&quot;335559739&quot;:160,&quot;335559740&quot;:259}\">\u00a0<\/span><\/p>\n<p style=\"text-align: justify;\"><span data-contrast=\"none\">Celebramos, no dia 12 de dezembro, a festa lit\u00fargica de Nossa Senhora de Guadalupe, padroeira do M\u00e9xico e da Am\u00e9rica Latina. Guadalupe \u00e9 um dos tantos t\u00edtulos que temos concedidos a Nossa Senhora, que recebe um determinado t\u00edtulo devido \u00e0 circunst\u00e2ncia da apari\u00e7\u00e3o ou ao local em\u00a0que Ela\u00a0apareceu. Nossa Senhora recebe o t\u00edtulo de Guadalupe porque apareceu no monte\u00a0Tepeyac, perto da capital, em socorro ao ind\u00edgena Juan Diego. Ela aparece como um \u201crio de luz\u201d que veio para iluminar a vida do ind\u00edgena e a de todos n\u00f3s.<\/span><span data-ccp-props=\"{&quot;201341983&quot;:0,&quot;335551550&quot;:6,&quot;335551620&quot;:6,&quot;335559731&quot;:708,&quot;335559739&quot;:160,&quot;335559740&quot;:259}\">\u00a0<\/span><\/p>\n<p style=\"text-align: justify;\"><span data-contrast=\"none\">A apari\u00e7\u00e3o de Nossa Senhora em Guadalupe teve dois motivos principais: primeiro, ajudar o rec\u00e9m-convertido ind\u00edgena Juan Diego, fortalecer a sua f\u00e9 e fazer com que, por meio de sua f\u00e9, o seu tio, que estava doente, ficasse curado. Em segundo lugar, a apari\u00e7\u00e3o de Nossa Senhora em Guadalupe tinha o intuito de acabar com a idolatria pag\u00e3 e ajudar a espalhar o cristianismo nas Am\u00e9ricas.<\/span><span data-ccp-props=\"{&quot;201341983&quot;:0,&quot;335551550&quot;:6,&quot;335551620&quot;:6,&quot;335559731&quot;:708,&quot;335559739&quot;:160,&quot;335559740&quot;:259}\">\u00a0<\/span><\/p>\n<p style=\"text-align: justify;\"><span data-contrast=\"none\">O nome \u201cGuadalupe\u201d \u00e9 sin\u00f4nimo de f\u00e9, prote\u00e7\u00e3o e milagre; tinha o intuito de fortalecer a f\u00e9 do ind\u00edgena e de todo o povo daquela regi\u00e3o. Inclusive, fortalecer a f\u00e9 dos pr\u00f3prios membros da Igreja, at\u00e9 mesmo o bispo, que num primeiro momento n\u00e3o acreditou nas palavras do ind\u00edgena. Como de costume, as apari\u00e7\u00f5es de Nossa Senhora se davam com o intuito de ajudar os mais humildes e pobres, principalmente quando esses eram oprimidos pelos poderosos. Nossa Senhora vem em socorro dos humildes e, ainda, as apari\u00e7\u00f5es de Nossa Senhora tinham o intuito de fortalecer a f\u00e9 de todo o povo.<\/span><span data-ccp-props=\"{&quot;201341983&quot;:0,&quot;335551550&quot;:6,&quot;335551620&quot;:6,&quot;335559731&quot;:708,&quot;335559739&quot;:160,&quot;335559740&quot;:259}\">\u00a0<\/span><\/p>\n<p style=\"text-align: justify;\"><span data-contrast=\"none\">Meus irm\u00e3os, da mesma forma, as apari\u00e7\u00f5es de Nossa Senhora n\u00e3o t\u00eam o intuito de\u00a0revelar Ela pr\u00f3pria, mas de apresentar o seu Filho Jesus \u00e0 humanidade, al\u00e9m de trazer uma mensagem para a humanidade. A mensagem central \u00e9 que as pessoas fortale\u00e7am a f\u00e9 no Filho de Deus, abandonem as guerras, o \u00f3dio e a viol\u00eancia e se abram ao amor. E que cada fiel aumente a sua f\u00e9 e edifique o Reino de Deus aqui na terra.<\/span><span data-ccp-props=\"{&quot;201341983&quot;:0,&quot;335551550&quot;:6,&quot;335551620&quot;:6,&quot;335559731&quot;:708,&quot;335559739&quot;:160,&quot;335559740&quot;:259}\">\u00a0<\/span><\/p>\n<p style=\"text-align: justify;\"><span data-contrast=\"none\">Neste m\u00eas de dezembro, al\u00e9m da festa lit\u00fargica de Nossa Senhora de Guadalupe, celebramos, em 08 de dezembro, a solenidade da Imaculada Concei\u00e7\u00e3o\u00a0e no dia 10 a de N. Sra. de Loreto,\u00a0a devo\u00e7\u00e3o a N. Sra., do \u00d3 ou da Expecta\u00e7\u00e3o,\u00a0um m\u00eas especial para todos n\u00f3s, pois, al\u00e9m de celebrarmos o Natal do Senhor, dia 25, comemoramos festas importantes dedicadas \u00e0 M\u00e3e\u00a0de Jesus. E ainda celebramos a Sagrada Fam\u00edlia no domingo, dia 28, e com essa festa encerraremos o Ano Jubilar da Esperan\u00e7a.<\/span><span data-ccp-props=\"{&quot;201341983&quot;:0,&quot;335551550&quot;:6,&quot;335551620&quot;:6,&quot;335559731&quot;:708,&quot;335559739&quot;:160,&quot;335559740&quot;:259}\">\u00a0<\/span><\/p>\n<p style=\"text-align: justify;\"><span data-contrast=\"none\">Era um s\u00e1bado do ano de 1531, na colina de\u00a0Tepeyac, perto da capital. Nossa Senhora faz um pedido ao ind\u00edgena Juan Diego: que ele fosse at\u00e9 o bispo e lhe pedisse que, naquele local, fosse constru\u00eddo um santu\u00e1rio para o louvor e gl\u00f3ria de Deus. O bispo, usando de prud\u00eancia, pede ao ind\u00edgena um sinal da Virgem Maria, pois, evidentemente, n\u00e3o poderia acreditar somente na palavra do ind\u00edgena num primeiro momento. Esse sinal s\u00f3 foi concedido ao ind\u00edgena na terceira apari\u00e7\u00e3o da Virgem Maria a ele. Isso ocorreu quando o \u00edndio buscava um sacerdote para o seu tio que estava doente.<\/span><span data-ccp-props=\"{&quot;201341983&quot;:0,&quot;335551550&quot;:6,&quot;335551620&quot;:6,&quot;335559731&quot;:708,&quot;335559739&quot;:160,&quot;335559740&quot;:259}\">\u00a0<\/span><\/p>\n<p style=\"text-align: justify;\"><span data-contrast=\"none\">Nossa Senhora diz ao ind\u00edgena para n\u00e3o se preocupar nem se assustar com a doen\u00e7a de seu tio, nem com qualquer outro dissabor ou afli\u00e7\u00e3o. Nossa Senhora diz ao ind\u00edgena que est\u00e1 ao seu lado e ele deve acreditar nisso; ela estava ali para cuidar dele. Nossa Senhora pede que Juan Diego n\u00e3o se aflija nem perturbe o cora\u00e7\u00e3o. Quanto \u00e0 doen\u00e7a do seu tio, ela n\u00e3o \u00e9 mortal; ela pede para que ele acredite,\u00a0pois\u00a0seu tio j\u00e1 est\u00e1 curado.<\/span><span data-ccp-props=\"{&quot;201341983&quot;:0,&quot;335551550&quot;:6,&quot;335551620&quot;:6,&quot;335559731&quot;:708,&quot;335559739&quot;:160,&quot;335559740&quot;:259}\">\u00a0<\/span><\/p>\n<p style=\"text-align: justify;\"><span data-contrast=\"none\">Nossa Senhora entrega rosas ao ind\u00edgena para que ele as levasse ao bispo, e, por meio daquelas rosas, ele veria qual a verdadeira vontade de Nossa Senhora, e essa vontade seria cumprida. Ela diz que Juan Diego \u00e9 seu embaixador e merece toda a sua confian\u00e7a. Nossa Senhora n\u00e3o apareceu primeiramente ao bispo, ou aos poderosos e letrados deste mundo, mas aparece ao humilde servo Juan Diego, do mesmo modo que Deus escolheu Nossa Senhora, a humilde serva, para gerar o seu Filho Jesus. \u00c9 dos mais humildes que vem a f\u00e9 mais confiante. Tanto que o ind\u00edgena Juan Diego acredita, com toda a confian\u00e7a, nas palavras da Virgem Maria.<\/span><span data-ccp-props=\"{&quot;201341983&quot;:0,&quot;335551550&quot;:6,&quot;335551620&quot;:6,&quot;335559731&quot;:708,&quot;335559739&quot;:160,&quot;335559740&quot;:259}\">\u00a0<\/span><\/p>\n<p style=\"text-align: justify;\"><span data-contrast=\"none\">Nossa Senhora ainda recomenda ao ind\u00edgena:\u00a0<\/span><i><span data-contrast=\"none\">\u201cQuando chegar diante dele, desdobre a sua \u2018tilma\u2019 (manto) e mostre-lhe o que carrega, por\u00e9m, s\u00f3 em sua presen\u00e7a. Diga-lhe tudo o que viu e ouviu, nada omita.\u201d<\/span><\/i><span data-contrast=\"none\">\u00a0O \u00edndio nem precisou falar muito, e o bispo, ao ver as rosas, observou tamb\u00e9m a imagem de Nossa Senhora, pintada prodigiosamente no manto do humilde ind\u00edgena. O bispo levou o manto, junto com as rosas, para a capela e, chorando, pediu perd\u00e3o a Nossa Senhora. Era 12 de dezembro de 1531.<\/span><span data-ccp-props=\"{&quot;201341983&quot;:0,&quot;335551550&quot;:6,&quot;335551620&quot;:6,&quot;335559731&quot;:708,&quot;335559739&quot;:160,&quot;335559740&quot;:259}\">\u00a0<\/span><\/p>\n<p style=\"text-align: justify;\"><span data-contrast=\"none\">A confirma\u00e7\u00e3o da intercess\u00e3o de Nossa Senhora e de\u00a0que Ela\u00a0entregou, de fato, as rosas ao ind\u00edgena Juan Diego foi quando ele foi visitar o seu tio, que, at\u00e9 ent\u00e3o, estava doente: o encontrou em perfeito estado de sa\u00fade, e ele narrou<\/span><i><span data-contrast=\"none\">: \u201cEu tamb\u00e9m a vi. Ela veio a esta casa e falou a mim. Disse-me tamb\u00e9m que desejava a constru\u00e7\u00e3o de um templo na colina de\u00a0Tepeyac\u00a0e que sua imagem seria chamada de \u2018Santa Maria de Guadalupe\u2019, embora n\u00e3o tenha explicado o porqu\u00ea\u201d.<\/span><\/i><span data-contrast=\"none\">\u00a0Diante disso, muitos se converteram e o santu\u00e1rio foi constru\u00eddo.<\/span><span data-ccp-props=\"{&quot;201341983&quot;:0,&quot;335551550&quot;:6,&quot;335551620&quot;:6,&quot;335559731&quot;:708,&quot;335559739&quot;:160,&quot;335559740&quot;:259}\">\u00a0<\/span><\/p>\n<p style=\"text-align: justify;\"><span data-contrast=\"none\">O grande milagre de Nossa Senhora de Guadalupe, por\u00e9m, \u00e9 a sua pr\u00f3pria imagem. O tecido, feito de cacto, n\u00e3o duraria mais do que vinte anos, e esse j\u00e1 existe h\u00e1 mais de quatro s\u00e9culos e meio. Durante 16 anos, a tela esteve totalmente desprotegida, sendo que a imagem nunca foi retocada e, at\u00e9 hoje, os peritos em pintura e qu\u00edmica n\u00e3o encontraram nenhum sinal de corrup\u00e7\u00e3o. No ano de 1971, alguns peritos indevidamente deixaram cair \u00e1cido n\u00edtrico sobre toda a pintura, e nem a for\u00e7a de um \u00e1cido t\u00e3o corrosivo estragou ou manchou a imagem.<\/span><span data-ccp-props=\"{&quot;201341983&quot;:0,&quot;335551550&quot;:6,&quot;335551620&quot;:6,&quot;335559731&quot;:708,&quot;335559739&quot;:160,&quot;335559740&quot;:259}\">\u00a0<\/span><\/p>\n<p style=\"text-align: justify;\"><span data-contrast=\"none\">A imagem foi coroada em 1875, durante o pontificado de Le\u00e3o XIII. Nossa Senhora de Guadalupe foi declarada padroeira de toda a Am\u00e9rica pelo Papa Pio XII, no dia 12 de outubro de 1945. A\u00a0nova\u00a0Bas\u00edlica foi constru\u00edda em 1976 e re\u00fane, todos os anos, milh\u00f5es de peregrinos. Os fi\u00e9is demonstram o amor e a f\u00e9 pela Santa de Guadalupe. O manto do ind\u00edgena Juan Diego permanece preservado no santu\u00e1rio.<\/span><span data-ccp-props=\"{&quot;201341983&quot;:0,&quot;335551550&quot;:6,&quot;335551620&quot;:6,&quot;335559731&quot;:708,&quot;335559739&quot;:160,&quot;335559740&quot;:259}\">\u00a0<\/span><\/p>\n<p style=\"text-align: justify;\"><span data-contrast=\"none\">Em 1754, o Papa Bento XIV declarou:\u00a0<\/span><i><span data-contrast=\"none\">\u201cNela tudo \u00e9 milagroso: uma imagem que prov\u00e9m de flores colhidas num terreno totalmente est\u00e9ril, no qual s\u00f3 podem crescer espinheiros&#8230; Uma imagem estampada numa tela t\u00e3o rala que, atrav\u00e9s dela, pode-se enxergar o povo e a nave da Igreja&#8230; Deus n\u00e3o agiu assim com nenhuma outra na\u00e7\u00e3o.\u201d<\/span><\/i><span data-ccp-props=\"{&quot;201341983&quot;:0,&quot;335551550&quot;:6,&quot;335551620&quot;:6,&quot;335559731&quot;:708,&quot;335559739&quot;:160,&quot;335559740&quot;:259}\">\u00a0<\/span><\/p>\n<p style=\"text-align: justify;\"><span data-contrast=\"none\">S\u00e3o Jo\u00e3o Paulo II esteve, em 1979, no santu\u00e1rio, durante uma viagem apost\u00f3lica ao M\u00e9xico, visitou o Santu\u00e1rio de Guadalupe e consagrou a Virgem de Guadalupe como padroeira de toda a Am\u00e9rica Latina.<\/span><span data-ccp-props=\"{&quot;201341983&quot;:0,&quot;335551550&quot;:6,&quot;335551620&quot;:6,&quot;335559731&quot;:708,&quot;335559739&quot;:160,&quot;335559740&quot;:259}\">\u00a0<\/span><\/p>\n<p style=\"text-align: justify;\"><span data-contrast=\"none\">Irm\u00e3os e irm\u00e3s, celebremos com alegria a festa de Nossa Senhora de Guadalupe e pe\u00e7amos\u00a0que Ela\u00a0interceda por n\u00f3s junto ao seu Filho Jesus. Tenhamos a mesma f\u00e9 e humildade do ind\u00edgena Juan Diego e que possamos reconhecer a presen\u00e7a materna de Nossa Senhora no meio de n\u00f3s. Que Ela nos aponte o caminho da humildade e da obedi\u00eancia e possamos fazer, em tudo, a vontade de Deus.<\/span><span data-ccp-props=\"{&quot;201341983&quot;:0,&quot;335551550&quot;:6,&quot;335551620&quot;:6,&quot;335559731&quot;:708,&quot;335559739&quot;:160,&quot;335559740&quot;:259}\">\u00a0<\/span><\/p>\n<p>&nbsp;<\/p>\n<p><span data-ccp-props=\"{&quot;201341983&quot;:0,&quot;335551550&quot;:6,&quot;335551620&quot;:6,&quot;335559731&quot;:708,&quot;335559739&quot;:160,&quot;335559740&quot;:259}\">\u00a0<\/span><\/p>\n","protected":false},"excerpt":{"rendered":"<p>Cardeal Orani Jo\u00e3o Tempesta Arcebispo do Rio de Janeiro (RJ)\u00a0 \u00a0 Celebramos, no dia 12 de dezembro, a festa lit\u00fargica de Nossa Senhora de Guadalupe, padroeira do M\u00e9xico e da Am\u00e9rica Latina. Guadalupe \u00e9 um dos tantos t\u00edtulos que temos concedidos a Nossa Senhora, que recebe um determinado t\u00edtulo devido \u00e0 circunst\u00e2ncia da apari\u00e7\u00e3o ou &hellip;<\/p>\n<p class=\"read-more\"> <a class=\"\" href=\"https:\/\/www.cnbb.org.br\/nossa-senhora-de-guadalupe-5\/\"> <span class=\"screen-reader-text\">Nossa Senhora de Guadalupe\u00a0<\/span> Leia mais &raquo;<\/a><\/p>\n","protected":false},"author":31,"featured_media":0,"comment_status":"closed","ping_status":"closed","sticky":false,"template":"","format":"standard","meta":{"site-sidebar-layout":"default","site-content-layout":"default","ast-global-header-display":"","ast-banner-title-visibility":"","ast-main-header-display":"","ast-hfb-above-header-display":"","ast-hfb-below-header-display":"","ast-hfb-mobile-header-display":"","site-post-title":"","ast-breadcrumbs-content":"","ast-featured-img":"","footer-sml-layout":"","theme-transparent-header-meta":"default","adv-header-id-meta":"","stick-header-meta":"","header-above-stick-meta":"","header-main-stick-meta":"","header-below-stick-meta":""},"categories":[758],"tags":[],"acf":[],"_links":{"self":[{"href":"https:\/\/www.cnbb.org.br\/cnbb-app\/wp\/v2\/posts\/992566"}],"collection":[{"href":"https:\/\/www.cnbb.org.br\/cnbb-app\/wp\/v2\/posts"}],"about":[{"href":"https:\/\/www.cnbb.org.br\/cnbb-app\/wp\/v2\/types\/post"}],"author":[{"embeddable":true,"href":"https:\/\/www.cnbb.org.br\/cnbb-app\/wp\/v2\/users\/31"}],"replies":[{"embeddable":true,"href":"https:\/\/www.cnbb.org.br\/cnbb-app\/wp\/v2\/comments?post=992566"}],"version-history":[{"count":2,"href":"https:\/\/www.cnbb.org.br\/cnbb-app\/wp\/v2\/posts\/992566\/revisions"}],"predecessor-version":[{"id":992568,"href":"https:\/\/www.cnbb.org.br\/cnbb-app\/wp\/v2\/posts\/992566\/revisions\/992568"}],"wp:attachment":[{"href":"https:\/\/www.cnbb.org.br\/cnbb-app\/wp\/v2\/media?parent=992566"}],"wp:term":[{"taxonomy":"category","embeddable":true,"href":"https:\/\/www.cnbb.org.br\/cnbb-app\/wp\/v2\/categories?post=992566"},{"taxonomy":"post_tag","embeddable":true,"href":"https:\/\/www.cnbb.org.br\/cnbb-app\/wp\/v2\/tags?post=992566"}],"curies":[{"name":"wp","href":"https:\/\/api.w.org\/{rel}","templated":true}]}}