{"id":992577,"date":"2025-12-09T11:19:56","date_gmt":"2025-12-09T14:19:56","guid":{"rendered":"https:\/\/www.cnbb.org.br\/?p=992577"},"modified":"2025-12-09T11:20:36","modified_gmt":"2025-12-09T14:20:36","slug":"preparai-o-coracao","status":"publish","type":"post","link":"https:\/\/www.cnbb.org.br\/preparai-o-coracao\/","title":{"rendered":"Preparai o cora\u00e7\u00e3o"},"content":{"rendered":"<div data-olk-copy-source=\"MessageBody\">\n<div class=\"x_elementToProof\" style=\"text-align: right;\"><strong>Dom Carlos Jos\u00e9<\/strong><\/div>\n<div style=\"text-align: right;\"><strong>Bispo de Apucarana (PR)<\/strong><\/div>\n<div><\/div>\n<div><\/div>\n<\/div>\n<div style=\"text-align: justify;\"><\/div>\n<div class=\"x_elementToProof\" style=\"text-align: justify;\">\u201cFicai firmes at\u00e9 a vinda do Senhor.\u201d (Tg 5, 7)<\/div>\n<div class=\"x_elementToProof\" style=\"text-align: justify;\"><\/div>\n<div class=\"x_elementToProof\" style=\"text-align: justify;\">\u00c9 fundamental que compreendamos o sentido do Tempo do Advento para que viv\u00ea-lo com f\u00e9 e esperan\u00e7a. Pensar o Natal sem vivenciar o Advento, ser\u00e1 o mesmo que fazer dele um dia comum e, Natal n\u00e3o \u00e9 e nem ser\u00e1, jamais, um dia qualquer. \u00c9 pertinente que nos perguntemos: onde est\u00e3o as luzes coloridas que v\u00edamos praticamente em todas as casas ao nosso redor, preanunciando que a Luz do Senhor estava por vir? Onde foram guardados os pres\u00e9pios que decoravam os jardins das resid\u00eancias, com fontes, \u00a0piscas-piscas e m\u00fasicas natalinas, anunciando o doce encanto da espera do Menino? Onde se esconderam as estrelas reluzentes, as \u00e1rvores enfeitadas das ruas anunciando a alegria da espera Daquele que nasceu para a Salva\u00e7\u00e3o dos Homens? Onde est\u00e1 a minha alegria diante da espera? \u00c9 certo que o Menino j\u00e1 nasceu, o Salvador j\u00e1 veio conforme nos foi prometido! A Gra\u00e7a aconteceu, gl\u00f3ria a Deus! No entanto, n\u00e3o podemos, n\u00e3o devemos nos esquecer que Ele, o Cristo de Deus vir\u00e1 novamente, Glorioso, embora esteja no meio de n\u00f3s! Por isso, o Tempo do Advento deve despertar nosso cora\u00e7\u00e3o, fazendo brilhar a chama da esperan\u00e7a e de um amor ardente que confia plenamente nos planos do Senhor!<\/div>\n<div><\/div>\n<div class=\"x_elementToProof\" style=\"text-align: justify;\">No Advento se recorda a mem\u00f3ria do que a Virgem Maria e S\u00e3o Jos\u00e9 viveram para que n\u00f3s pud\u00e9ssemos ser salvos. Somos exortados pela Liturgia da Santa Igreja a trilha o Advento como um caminho prop\u00edcio \u00e0 convers\u00e3o, buscando uma f\u00e9 firme e atitudes vigilantes, com o cora\u00e7\u00e3o inteiramente voltado a um novo nascimento, revendo nossa pr\u00f3pria hist\u00f3ria. Indagar a n\u00f3s mesmos: \u2018meu cora\u00e7\u00e3o est\u00e1 firme para que o Senhor Jesus entre e permane\u00e7a? Estou com as luzes acesas para receber o Salvador ou necessito tirar as trevas do pecado atrav\u00e9s de uma boa confiss\u00e3o, deixando limpa a manjedoura da minha alma?\u2019 \u2018H\u00e1 espa\u00e7o em mim ou estou com tantos afazeres que, nada mais cabe?\u2019 Ainda h\u00e1 tempo de montarmos o pres\u00e9pio, a \u00e1rvore de Natal, fazermos a Novena em Fam\u00edlia, enfeitarmos a fachada de nossa casa e faxinarmos o nosso cora\u00e7\u00e3o, fazendo dele uma linda manjedoura. H\u00e1 tempo de fazermos o nosso caminho at\u00e9 a Bel\u00e9m que temos dentro de n\u00f3s e ali, permitir que o Salvador tenha abrigo!<\/div>\n<div><\/div>\n<div class=\"x_elementToProof\" style=\"text-align: justify;\">Muitos dizem que o Natal \u00e9 um tempo m\u00e1gico. N\u00e3o meus irm\u00e3os, o Natal n\u00e3o \u00e9 magia, pois magia \u00e9 ilus\u00e3o. Natal \u00e9 uma realidade Divina, \u00e9 um Santo Mist\u00e9rio! Natal \u00e9 Deus que atravessa o sil\u00eancio da eternidade para nascer no cora\u00e7\u00e3o de um mundo ferido a fim de resgatar e salvar a humanidade. E, at\u00e9 que Ele venha Glorioso, precisamos lembrar que num Natal, distante de n\u00f3s, Ele veio e permanece entre n\u00f3s, em Corpo, Sangue, Alma e Divindade. A Palavra nos garante, e pela f\u00e9, cremos e clamamos: \u201cVem Senhor Jesus\u201d (Ap 22,20)<\/div>\n<div class=\"x_elementToProof\" style=\"text-align: justify;\"><\/div>\n<div><\/div>\n","protected":false},"excerpt":{"rendered":"<p>Dom Carlos Jos\u00e9 Bispo de Apucarana (PR) \u201cFicai firmes at\u00e9 a vinda do Senhor.\u201d (Tg 5, 7) \u00c9 fundamental que compreendamos o sentido do Tempo do Advento para que viv\u00ea-lo com f\u00e9 e esperan\u00e7a. Pensar o Natal sem vivenciar o Advento, ser\u00e1 o mesmo que fazer dele um dia comum e, Natal n\u00e3o \u00e9 e &hellip;<\/p>\n<p class=\"read-more\"> <a class=\"\" href=\"https:\/\/www.cnbb.org.br\/preparai-o-coracao\/\"> <span class=\"screen-reader-text\">Preparai o cora\u00e7\u00e3o<\/span> Leia mais &raquo;<\/a><\/p>\n","protected":false},"author":101,"featured_media":0,"comment_status":"closed","ping_status":"closed","sticky":false,"template":"","format":"standard","meta":{"site-sidebar-layout":"default","site-content-layout":"default","ast-global-header-display":"","ast-banner-title-visibility":"","ast-main-header-display":"","ast-hfb-above-header-display":"","ast-hfb-below-header-display":"","ast-hfb-mobile-header-display":"","site-post-title":"","ast-breadcrumbs-content":"","ast-featured-img":"","footer-sml-layout":"","theme-transparent-header-meta":"default","adv-header-id-meta":"","stick-header-meta":"","header-above-stick-meta":"","header-main-stick-meta":"","header-below-stick-meta":""},"categories":[758],"tags":[],"acf":[],"_links":{"self":[{"href":"https:\/\/www.cnbb.org.br\/cnbb-app\/wp\/v2\/posts\/992577"}],"collection":[{"href":"https:\/\/www.cnbb.org.br\/cnbb-app\/wp\/v2\/posts"}],"about":[{"href":"https:\/\/www.cnbb.org.br\/cnbb-app\/wp\/v2\/types\/post"}],"author":[{"embeddable":true,"href":"https:\/\/www.cnbb.org.br\/cnbb-app\/wp\/v2\/users\/101"}],"replies":[{"embeddable":true,"href":"https:\/\/www.cnbb.org.br\/cnbb-app\/wp\/v2\/comments?post=992577"}],"version-history":[{"count":4,"href":"https:\/\/www.cnbb.org.br\/cnbb-app\/wp\/v2\/posts\/992577\/revisions"}],"predecessor-version":[{"id":992581,"href":"https:\/\/www.cnbb.org.br\/cnbb-app\/wp\/v2\/posts\/992577\/revisions\/992581"}],"wp:attachment":[{"href":"https:\/\/www.cnbb.org.br\/cnbb-app\/wp\/v2\/media?parent=992577"}],"wp:term":[{"taxonomy":"category","embeddable":true,"href":"https:\/\/www.cnbb.org.br\/cnbb-app\/wp\/v2\/categories?post=992577"},{"taxonomy":"post_tag","embeddable":true,"href":"https:\/\/www.cnbb.org.br\/cnbb-app\/wp\/v2\/tags?post=992577"}],"curies":[{"name":"wp","href":"https:\/\/api.w.org\/{rel}","templated":true}]}}