{"id":992585,"date":"2025-12-10T09:37:35","date_gmt":"2025-12-10T12:37:35","guid":{"rendered":"https:\/\/www.cnbb.org.br\/?p=992585"},"modified":"2025-12-10T10:46:56","modified_gmt":"2025-12-10T13:46:56","slug":"congresso-internacional-concilio-vaticano-ii-sinodalidade-dialogo-desafios-contemporaneos","status":"publish","type":"post","link":"https:\/\/www.cnbb.org.br\/congresso-internacional-concilio-vaticano-ii-sinodalidade-dialogo-desafios-contemporaneos\/","title":{"rendered":"Congresso Internacional \u00e9 aberto com chamado \u00e0 sinodalidade e ao di\u00e1logo com os desafios contempor\u00e2neos"},"content":{"rendered":"<p>A Arquidiocese de Goi\u00e2nia, a PUC Goi\u00e1s e a CNBB abriram na noite de segunda-feira, 8 de dezembro, na Cidade da Comunh\u00e3o, o Congresso Internacional Conc\u00edlio Vaticano II: 60 anos a caminho da esperan\u00e7a. A cerim\u00f4nia marcou o in\u00edcio de tr\u00eas dias de debates, celebra\u00e7\u00f5es e confer\u00eancias que buscam revisitar o Vaticano II n\u00e3o apenas como evento hist\u00f3rico, mas como fonte viva para compreender a miss\u00e3o da Igreja no s\u00e9culo XXI.<\/p>\n<p>A Santa Missa do Jubileu dos 60 anos, presidida pelo arcebispo de Porto Alegre (RS) e presidente da CNBB, cardeal Jaime Spengler, abriu oficialmente o evento no Audit\u00f3rio M\u00e3e da Igreja, seguida pela mesa de abertura e pela confer\u00eancia inaugural do bispo auxiliar do Patriarcado de Lisboa, dom Alexandre Palma.<\/p>\n<p><img decoding=\"async\" class=\"aligncenter\" src=\"https:\/\/www.pucgoias.edu.br\/wp-content\/uploads\/2025\/12\/WhatsApp-Image-2025-12-09-at-12.06.42-1024x682.jpeg\" \/><\/p>\n<p>&nbsp;<\/p>\n<h3>A relev\u00e2ncia do Conc\u00edlio Vaticano II<\/h3>\n<p>Primeiro conferencista da noite, dom Alexandre Palma lembrou que, no pr\u00f3prio dia 8 de dezembro, completaram-se 60 anos do encerramento do conc\u00edlio, em 1965, evento que, segundo ele, \u201cfoi o grande acontecimento na hist\u00f3ria da Igreja no per\u00edodo contempor\u00e2neo\u201d.<\/p>\n<p>Para o bispo, o Vaticano II continua funcionando como b\u00fassola e mapa para o caminhar da Igreja. Ele explicou que \u00e9 indispens\u00e1vel retomar sua mensagem para fortalecer uma eclesiologia de comunh\u00e3o: \u201cTrata-se de compreender o que o conc\u00edlio fala para n\u00f3s, para pensar e ser Igreja mais em conjunto, mais sinodal\u201d.<\/p>\n<p>Dom Alexandre refor\u00e7ou que o mundo e a pr\u00f3pria comunidade eclesial vivem desafios in\u00e9ditos, mas que o conc\u00edlio oferece os fundamentos para enfrent\u00e1-los. Ele prop\u00f4s que os participantes voltem ao esp\u00edrito conciliar com disposi\u00e7\u00e3o de escuta, di\u00e1logo e abertura \u00e0s novas realidades culturais.<\/p>\n<p>&nbsp;<\/p>\n<h3>Presidente da CNBB destaca legado, desafios e atualidade<\/h3>\n<p>Horas antes da cerim\u00f4nia, o cardeal Dom Jaime Spengler concedeu entrevista aos jornalistas e apresentou uma an\u00e1lise abrangente sobre o legado do Vaticano II, suas repercuss\u00f5es no continente latino-americano e os desafios que se apresentam \u00e0 Igreja no Brasil.<\/p>\n<p>Segundo ele, o conc\u00edlio foi uma \u201clufada de ar fresco\u201d que reacendeu o vigor mission\u00e1rio da Igreja, ao buscar responder aos sinais dos tempos a partir da tradi\u00e7\u00e3o. Dom Jaime enfatizou que o Vaticano II n\u00e3o foi apenas um marco de atualiza\u00e7\u00e3o, mas um chamado cont\u00ednuo.<\/p>\n<blockquote><p>\u201cPrecisamos voltar ao conc\u00edlio\u201d, declarou, afirmando que suas intui\u00e7\u00f5es \u201ccontinuam oferecendo indica\u00e7\u00f5es preciosas para a mobiliza\u00e7\u00e3o no mundo de hoje\u201d.<\/p><\/blockquote>\n<p>O cardeal articulou sua an\u00e1lise com uma perspectiva hist\u00f3rica, lembrando que a Am\u00e9rica Latina assumiu com profundidade a recep\u00e7\u00e3o conciliar nas confer\u00eancias episcopais de Medell\u00edn, Puebla, Santo Domingo e Aparecida.<\/p>\n<blockquote><p>Ele afirmou: \u201choje o mundo olha para a Am\u00e9rica Latina p\u00f3s-conc\u00edlio como uma refer\u00eancia exemplar. Isso nos empenha, nos desafia e nos responsabiliza\u201d, refletiu.<\/p><\/blockquote>\n<p>Abordando diretamente os desafios atuais, o cardeal Spengler refletiu sobre a dificuldade de transmitir a f\u00e9 \u00e0s novas gera\u00e7\u00f5es, algo que considerou \u201cuma realidade que preocupa e desafia\u201d, especialmente diante das transforma\u00e7\u00f5es culturais e linguagens emergentes. Ele ainda questionou: \u201ccom que linguagem, com que metodologia, podemos tornar outros participantes da f\u00e9 que nos une?\u201d<\/p>\n<p>Ao falar sobre o Brasil, foi incisivo ao relacionar o conc\u00edlio com quest\u00f5es sociais urgentes. Lembrou que corrup\u00e7\u00e3o, pobreza, viol\u00eancia e a quest\u00e3o da terra s\u00e3o realidades que \u201cexigem de todo batizado uma postura \u00e0 altura\u201d. E concluiu a reflex\u00e3o, em tom prof\u00e9tico:<\/p>\n<p>\u201cn\u00e3o podemos ficar indiferentes diante das situa\u00e7\u00f5es onde a vida n\u00e3o \u00e9 suficientemente respeitada e promovida. O conc\u00edlio nos ajuda a elaborar uma resposta diante destas situa\u00e7\u00f5es de dor e muitas vezes de morte\u201d, declarou.<\/p>\n<p><img decoding=\"async\" class=\"aligncenter\" src=\"https:\/\/www.pucgoias.edu.br\/wp-content\/uploads\/2025\/12\/WhatsApp-Image-2025-12-09-at-12.06.44-1024x682.jpeg\" \/><\/p>\n<p>&nbsp;<\/p>\n<h3>PUC marcada pelo esp\u00edrito conciliar<\/h3>\n<p>A reitora da PUC Goi\u00e1s, Olga Izilda Ronchi, destacou que celebrar o Vaticano II \u00e9 revisitar tamb\u00e9m a hist\u00f3ria da pr\u00f3pria universidade, profundamente atravessada pelo esp\u00edrito de renova\u00e7\u00e3o conciliar. Ela relembrou que dom Fernando, fundador da institui\u00e7\u00e3o, foi bispo conciliar, participante ativo das discuss\u00f5es e desdobramentos do Vaticano II.<\/p>\n<p>\u201cEle trouxe para a PUC e para a Arquidiocese a marca profunda do conc\u00edlio\u201d, afirmou. A reitora explicou que essa marca moldou uma PUC \u201crenovada, enculturada e pr\u00f3xima das comunidades mais vulner\u00e1veis\u201d.<\/p>\n<p>Segundo a profa. Olga, as diretrizes conciliares continuam a orientar a identidade cat\u00f3lica e comunit\u00e1ria da universidade, especialmente no compromisso com a forma\u00e7\u00e3o integral. Ela lembrou que a Declara\u00e7\u00e3o\u00a0Gravissimum Educationis, que tamb\u00e9m completa 60 anos, segue desafiando a institui\u00e7\u00e3o: \u201cela nos provoca todos os dias a uma educa\u00e7\u00e3o fundada no Evangelho de Jesus Cristo, lido \u00e0 luz do conc\u00edlio\u201d, completou.<\/p>\n<p><img decoding=\"async\" class=\"aligncenter\" src=\"https:\/\/www.pucgoias.edu.br\/wp-content\/uploads\/2025\/12\/WhatsApp-Image-2025-12-09-at-12.06.47-1024x682.jpeg\" \/><\/p>\n<p>&nbsp;<\/p>\n<h3>Recep\u00e7\u00e3o cont\u00ednua do conc\u00edlio e desafios atuais<\/h3>\n<p>Arcebispo metropolitano de Goi\u00e2nia, dom Jo\u00e3o Justino contextualizou o congresso dentro da trajet\u00f3ria mais ampla da Igreja. Ele lembrou que, poucos dias antes, o Papa Le\u00e3o XIV celebrou os 1700 anos do Primeiro Conc\u00edlio de Niceia, marco que abre uma linha hist\u00f3rica que desemboca no Vaticano II, \u201co 21\u00ba conc\u00edlio ecum\u00eanico, encerrado em 1965\u201d.<\/p>\n<p>Dom Jo\u00e3o observou que a recep\u00e7\u00e3o conciliar \u00e9 uma tarefa permanente. Ele recordou que todos os papas p\u00f3s-conciliares reafirmaram a centralidade de seus documentos, citando o famoso apelo de Le\u00e3o XIV aos cardeais dias depois de assumir seu pontificado, em Roma: \u201cjuntos abracemos a heran\u00e7a do conc\u00edlio.\u201d<\/p>\n<p>Para o arcebispo, o maior desafio atual est\u00e1 no di\u00e1logo com a cultura contempor\u00e2nea, que se tornou \u201cmuito mais complexa do que h\u00e1 60 anos\u201d. Ele enfatizou que a Igreja permanece fiel ao mesmo Evangelho, mas precisa encontrar novas linguagens para comunic\u00e1-lo.<\/p>\n<p>Ainda completou que a sinodalidade \u00e9, em si mesma, uma forma concreta de aplicar o conc\u00edlio nos dias de hoje.<\/p>\n<h3>Programa\u00e7\u00e3o<\/h3>\n<p>Com atividades entre 8 e 10 de dezembro, o congresso re\u00fane te\u00f3logos, pesquisadores, bispos, agentes de pastoral, estudantes e professores de institui\u00e7\u00f5es como PUC Goi\u00e1s, PUC S\u00e3o Paulo, PUC Rio Grande do Sul, PUC Paran\u00e1, UniAcademia, FAJE e Paulinas. A programa\u00e7\u00e3o inclui confer\u00eancias, mesas-redondas, sess\u00f5es tem\u00e1ticas, apresenta\u00e7\u00f5es culturais e celebra\u00e7\u00f5es di\u00e1rias.<\/p>\n<p>Entre os nomes presentes est\u00e3o dom Waldemar Passini Dalbello, cardeal Paulo Cezar Costa, dom Joel Portella Amado, dom Jos\u00e9 Albuquerque e dom Jo\u00e3o Justino de Medeiros Silva, que atuam como celebrantes, conferencistas ou moderadores.<\/p>\n<p data-start=\"6933\" data-end=\"7160\">Acesse a programa\u00e7\u00e3o completa do Congresso\u00a0<a href=\"https:\/\/congressos.pucgoias.edu.br\/congresso-internacional-concilio-vaticano-ii-60-anos-a-caminho-da-esperanca\" target=\"_blank\" rel=\"noopener\">aqui.\u00a0<\/a><\/p>\n<pre data-start=\"6933\" data-end=\"7160\">Belisa Monteiro\/PUC Goi\u00e1s | Fotos: Weslley Cruz<\/pre>\n","protected":false},"excerpt":{"rendered":"<p>Evento em Goi\u00e2nia tem debates, celebra\u00e7\u00f5es e confer\u00eancias que buscam revisitar o Vaticano II n\u00e3o apenas como evento hist\u00f3rico, mas como fonte viva para compreender a miss\u00e3o da Igreja no s\u00e9culo XXI. Para dom Jaime, o conc\u00edlio foi uma \u201clufada de ar fresco\u201d que reacendeu o vigor mission\u00e1rio da Igreja<\/p>\n","protected":false},"author":38,"featured_media":992586,"comment_status":"closed","ping_status":"closed","sticky":false,"template":"","format":"standard","meta":{"site-sidebar-layout":"default","site-content-layout":"default","ast-global-header-display":"","ast-banner-title-visibility":"","ast-main-header-display":"","ast-hfb-above-header-display":"","ast-hfb-below-header-display":"","ast-hfb-mobile-header-display":"","site-post-title":"","ast-breadcrumbs-content":"","ast-featured-img":"","footer-sml-layout":"","theme-transparent-header-meta":"default","adv-header-id-meta":"","stick-header-meta":"","header-above-stick-meta":"","header-main-stick-meta":"","header-below-stick-meta":""},"categories":[50,2693,797],"tags":[5314],"acf":[],"_links":{"self":[{"href":"https:\/\/www.cnbb.org.br\/cnbb-app\/wp\/v2\/posts\/992585"}],"collection":[{"href":"https:\/\/www.cnbb.org.br\/cnbb-app\/wp\/v2\/posts"}],"about":[{"href":"https:\/\/www.cnbb.org.br\/cnbb-app\/wp\/v2\/types\/post"}],"author":[{"embeddable":true,"href":"https:\/\/www.cnbb.org.br\/cnbb-app\/wp\/v2\/users\/38"}],"replies":[{"embeddable":true,"href":"https:\/\/www.cnbb.org.br\/cnbb-app\/wp\/v2\/comments?post=992585"}],"version-history":[{"count":11,"href":"https:\/\/www.cnbb.org.br\/cnbb-app\/wp\/v2\/posts\/992585\/revisions"}],"predecessor-version":[{"id":992611,"href":"https:\/\/www.cnbb.org.br\/cnbb-app\/wp\/v2\/posts\/992585\/revisions\/992611"}],"wp:featuredmedia":[{"embeddable":true,"href":"https:\/\/www.cnbb.org.br\/cnbb-app\/wp\/v2\/media\/992586"}],"wp:attachment":[{"href":"https:\/\/www.cnbb.org.br\/cnbb-app\/wp\/v2\/media?parent=992585"}],"wp:term":[{"taxonomy":"category","embeddable":true,"href":"https:\/\/www.cnbb.org.br\/cnbb-app\/wp\/v2\/categories?post=992585"},{"taxonomy":"post_tag","embeddable":true,"href":"https:\/\/www.cnbb.org.br\/cnbb-app\/wp\/v2\/tags?post=992585"}],"curies":[{"name":"wp","href":"https:\/\/api.w.org\/{rel}","templated":true}]}}