{"id":992612,"date":"2025-12-11T09:11:20","date_gmt":"2025-12-11T12:11:20","guid":{"rendered":"https:\/\/www.cnbb.org.br\/?p=992612"},"modified":"2025-12-11T09:12:03","modified_gmt":"2025-12-11T12:12:03","slug":"a-alegria-que-recria-e-muda-a-vida-por-inteiro","status":"publish","type":"post","link":"https:\/\/www.cnbb.org.br\/a-alegria-que-recria-e-muda-a-vida-por-inteiro\/","title":{"rendered":"A alegria que recria e muda a vida por inteiro!\u00a0"},"content":{"rendered":"<p style=\"text-align: right;\"><strong>Dom Roberto Francisco\u00a0Ferreria\u00a0Paz\u00a0<\/strong><br \/>\n<strong>Bispo de Campos (RJ)<\/strong><\/p>\n<p>&nbsp;<\/p>\n<p style=\"text-align: justify;\"><span data-contrast=\"none\">O terceiro domingo de Advento conhecido com o nome de\u00a0Gaudete, e pelo uso de paramentos r\u00f3seos nos convida a uma alegria\u00a0inuscitada, plena. Uma alegria capaz de reinventar e estimular um\u00a0maravilhamento\u00a0e\u00a0apaixonamento\u00a0pela vida. Uma alegria como afirma o profeta Isa\u00edas (Is\u00a035, 10) que brilha nos rostos que ficar\u00e3o cheios de gozo e contentamento.\u00a0<\/span><span data-ccp-props=\"{&quot;201341983&quot;:0,&quot;335551550&quot;:6,&quot;335551620&quot;:6,&quot;335559739&quot;:0,&quot;335559740&quot;:240}\">\u00a0<\/span><\/p>\n<p style=\"text-align: justify;\"><span data-contrast=\"none\">O Natal n\u00e3o nos esque\u00e7amos \u00e9 a Festa do recome\u00e7o como afirma\u00a0Anselm\u00a0Grumm, pois com Cristo sempre nascemos de novo. A poetisa Cec\u00edlia Meirelles nos lembra que uma vez no ano celebramos o nascimento de Cristo, mas ela se pergunta quantas vezes Ele nasce no nosso cora\u00e7\u00e3o, ou tem que nascer para que vivamos realmente a sua mensagem e a sua gra\u00e7a em n\u00f3s.\u00a0<\/span><span data-ccp-props=\"{&quot;201341983&quot;:0,&quot;335551550&quot;:6,&quot;335551620&quot;:6,&quot;335559739&quot;:0,&quot;335559740&quot;:240}\">\u00a0<\/span><\/p>\n<p style=\"text-align: justify;\"><span data-contrast=\"none\">A alegria torna-nos leves, criativos e solid\u00e1rios, pessoas com horizontes e caminhos abertos e poss\u00edveis de\u00a0reencantar\u00a0e iluminar tudo com a luz de Cristo.\u00a0<\/span><span data-ccp-props=\"{&quot;201341983&quot;:0,&quot;335551550&quot;:6,&quot;335551620&quot;:6,&quot;335559739&quot;:0,&quot;335559740&quot;:240}\">\u00a0<\/span><\/p>\n<p style=\"text-align: justify;\"><span data-contrast=\"none\">Todavia n\u00e3o confundamos este fruto do Esp\u00edrito Santo com a\u00a0auto complac\u00eancia\u00a0ou a frui\u00e7\u00e3o consumista das coisas, pois\u00a0esta\u00a0a diferen\u00e7a da alegria verdadeira \u00e9 ef\u00eamera e n\u00e3o nos conduze a Bel\u00e9m, sendo apenas como estrelas cadentes ou falsas, que\u00a0nos atordoam com seu fulgor moment\u00e2neo deixando-nos vazios e frustrados.\u00a0<\/span><span data-ccp-props=\"{&quot;201341983&quot;:0,&quot;335551550&quot;:6,&quot;335551620&quot;:6,&quot;335559739&quot;:0,&quot;335559740&quot;:240}\">\u00a0<\/span><\/p>\n<p style=\"text-align: justify;\"><span data-contrast=\"none\">A alegria crist\u00e3 acompanha e nos impulsiona sempre a evangelizar, mostrando a p\u00e9rola preciosa de infinito valor que \u00e9 Cristo, que nos d\u00e1 como dizia Dom Helder C\u00e2mara mais de mil raz\u00f5es para viver.\u00a0<\/span><span data-ccp-props=\"{&quot;201341983&quot;:0,&quot;335551550&quot;:6,&quot;335551620&quot;:6,&quot;335559739&quot;:0,&quot;335559740&quot;:240}\">\u00a0<\/span><\/p>\n<p style=\"text-align: justify;\"><span data-contrast=\"none\">Aprendamos com o Menino Jesus denominado na composi\u00e7\u00e3o de Handel a alegria dos homens, que veio do c\u00e9u para nascer como um de n\u00f3s, como estreante da vida, para abra\u00e7ar a cada um de seus irm\u00e3os humanos.\u00a0<\/span><span data-ccp-props=\"{&quot;201341983&quot;:0,&quot;335551550&quot;:6,&quot;335551620&quot;:6,&quot;335559739&quot;:0,&quot;335559740&quot;:240}\">\u00a0<\/span><\/p>\n<p style=\"text-align: justify;\"><span data-contrast=\"none\">Que nunca\u00a0perdamos\u00a0a alegria de ser amigo de Jesus e t\u00ea-lo sempre em nosso cora\u00e7\u00e3o, cultivando a beleza de sermos amados imensamente pelo Pai e contar com a presen\u00e7a e a sabedoria luminosa do Esp\u00edrito Santo. Que Maria a Senhora do Advento, M\u00e3e das alegrias e gozos, nos permita viver constantemente alegres mesmo nas tribula\u00e7\u00f5es, testemunhando a bondade e miseric\u00f3rdia do Deus da vida que tem prazer em salvar e restaurar. Deus seja louvado!<\/span><span data-ccp-props=\"{&quot;201341983&quot;:0,&quot;335551550&quot;:6,&quot;335551620&quot;:6,&quot;335559739&quot;:0,&quot;335559740&quot;:240}\">\u00a0<\/span><\/p>\n<p>&nbsp;<\/p>\n","protected":false},"excerpt":{"rendered":"<p>Dom Roberto Francisco\u00a0Ferreria\u00a0Paz\u00a0 Bispo de Campos (RJ) &nbsp; O terceiro domingo de Advento conhecido com o nome de\u00a0Gaudete, e pelo uso de paramentos r\u00f3seos nos convida a uma alegria\u00a0inuscitada, plena. Uma alegria capaz de reinventar e estimular um\u00a0maravilhamento\u00a0e\u00a0apaixonamento\u00a0pela vida. Uma alegria como afirma o profeta Isa\u00edas (Is\u00a035, 10) que brilha nos rostos que ficar\u00e3o cheios &hellip;<\/p>\n<p class=\"read-more\"> <a class=\"\" href=\"https:\/\/www.cnbb.org.br\/a-alegria-que-recria-e-muda-a-vida-por-inteiro\/\"> <span class=\"screen-reader-text\">A alegria que recria e muda a vida por inteiro!\u00a0<\/span> Leia mais &raquo;<\/a><\/p>\n","protected":false},"author":23,"featured_media":0,"comment_status":"closed","ping_status":"closed","sticky":false,"template":"","format":"standard","meta":{"site-sidebar-layout":"default","site-content-layout":"default","ast-global-header-display":"","ast-banner-title-visibility":"","ast-main-header-display":"","ast-hfb-above-header-display":"","ast-hfb-below-header-display":"","ast-hfb-mobile-header-display":"","site-post-title":"","ast-breadcrumbs-content":"","ast-featured-img":"","footer-sml-layout":"","theme-transparent-header-meta":"default","adv-header-id-meta":"","stick-header-meta":"","header-above-stick-meta":"","header-main-stick-meta":"","header-below-stick-meta":""},"categories":[758],"tags":[],"acf":[],"_links":{"self":[{"href":"https:\/\/www.cnbb.org.br\/cnbb-app\/wp\/v2\/posts\/992612"}],"collection":[{"href":"https:\/\/www.cnbb.org.br\/cnbb-app\/wp\/v2\/posts"}],"about":[{"href":"https:\/\/www.cnbb.org.br\/cnbb-app\/wp\/v2\/types\/post"}],"author":[{"embeddable":true,"href":"https:\/\/www.cnbb.org.br\/cnbb-app\/wp\/v2\/users\/23"}],"replies":[{"embeddable":true,"href":"https:\/\/www.cnbb.org.br\/cnbb-app\/wp\/v2\/comments?post=992612"}],"version-history":[{"count":2,"href":"https:\/\/www.cnbb.org.br\/cnbb-app\/wp\/v2\/posts\/992612\/revisions"}],"predecessor-version":[{"id":992614,"href":"https:\/\/www.cnbb.org.br\/cnbb-app\/wp\/v2\/posts\/992612\/revisions\/992614"}],"wp:attachment":[{"href":"https:\/\/www.cnbb.org.br\/cnbb-app\/wp\/v2\/media?parent=992612"}],"wp:term":[{"taxonomy":"category","embeddable":true,"href":"https:\/\/www.cnbb.org.br\/cnbb-app\/wp\/v2\/categories?post=992612"},{"taxonomy":"post_tag","embeddable":true,"href":"https:\/\/www.cnbb.org.br\/cnbb-app\/wp\/v2\/tags?post=992612"}],"curies":[{"name":"wp","href":"https:\/\/api.w.org\/{rel}","templated":true}]}}