{"id":992615,"date":"2025-12-11T09:13:42","date_gmt":"2025-12-11T12:13:42","guid":{"rendered":"https:\/\/www.cnbb.org.br\/?p=992615"},"modified":"2025-12-11T09:14:15","modified_gmt":"2025-12-11T12:14:15","slug":"a-caminhada-de-uma-familia-de-nazare","status":"publish","type":"post","link":"https:\/\/www.cnbb.org.br\/a-caminhada-de-uma-familia-de-nazare\/","title":{"rendered":"A\u00a0caminhada de\u00a0uma fam\u00edlia\u00a0de Nazar\u00e9\u00a0"},"content":{"rendered":"<p style=\"text-align: right;\"><strong>Dom Itacir Brassiani<\/strong><br \/>\n<strong>Bispo de Santa Cruz do Sul (RS)<\/strong><i><span data-contrast=\"auto\"><\/p>\n<p><\/span><\/i><\/p>\n<p>&nbsp;<\/p>\n<p style=\"text-align: justify;\"><span data-contrast=\"auto\">Convido\u00a0quem quiser vir comigo e\u00a0acompanhar\u00a0imaginariamente\u00a0a Sagrada Fam\u00edlia\u00a0de Nazar\u00e9\u00a0na sua caminhada de f\u00e9, do\u00a0primeiro domingo do Advento ao primeiro an\u00fancio mission\u00e1rio de Jesus.\u00a0O\u00a0profeta Isa\u00edas ocupa um lugar central\u00a0na liturgia do Advento,\u00a0assim como na f\u00e9 e na espiritualidade de Jos\u00e9 e Maria.\u00a0E, obviamente, na vida de Jesus.<\/span><span data-ccp-props=\"{&quot;335551550&quot;:6,&quot;335551620&quot;:6,&quot;335559739&quot;:120}\">\u00a0<\/span><\/p>\n<p style=\"text-align: justify;\"><span data-contrast=\"auto\">Parece que a\u00a0Sagrada Fam\u00edlia encontrou em Isa\u00edas\u00a0indica\u00e7\u00f5es\u00a0para sua\u00a0vida cotidiana. \u201cAbram um caminho no deserto. Aplainem uma estrada para o nosso Deus. Aterrem os vales e aplainem as colinas\u201d (Is\u00a040). \u201cEle me enviou para dar\u00a0boas not\u00edcias aos pobres, curar os cora\u00e7\u00f5es feridos,\u00a0proclamar a liberta\u00e7\u00e3o dos escravos\u201d (Is\u00a061).\u00a0<\/span><span data-ccp-props=\"{&quot;335551550&quot;:6,&quot;335551620&quot;:6,&quot;335559739&quot;:120}\">\u00a0<\/span><\/p>\n<p style=\"text-align: justify;\"><span data-contrast=\"auto\">Mais tarde, contemplando a\u00a0fragilidade do Menino deitado na manjedoura, Maria\u00a0e Jos\u00e9 se perguntaram onde estariam\u00a0os sinais do Deus forte, o\u00a0manto da realeza\u00a0e a fogueira\u00a0que queimaria\u00a0as armas de guerra e as roupas manchadas de sangue (Is\u00a09). Mas tamb\u00e9m se maravilharam\u00a0com o\u00a0que\u00a0os pastores\u00a0contavam sobre o que tinham ouvido.<\/span><span data-ccp-props=\"{&quot;335551550&quot;:6,&quot;335551620&quot;:6,&quot;335559739&quot;:120}\">\u00a0<\/span><\/p>\n<p style=\"text-align: justify;\"><span data-contrast=\"auto\">A visita dos magos despertou-lhes medo e constrangimento. O que teria de t\u00e3o especial aquele Menino para atrair gente de t\u00e3o longe? E a presen\u00e7a daqueles\u00a0pag\u00e3os n\u00e3o traria impureza para a fam\u00edlia? Ser\u00e1 que os pag\u00e3os tamb\u00e9m seriam\u00a0aben\u00e7oados por Deus?\u00a0Como poderia a gl\u00f3ria de Deus habitar numa crian\u00e7a e se manifestar\u00a0a todos os povos?<\/span><span data-ccp-props=\"{&quot;335551550&quot;:6,&quot;335551620&quot;:6,&quot;335559739&quot;:120}\">\u00a0<\/span><\/p>\n<p style=\"text-align: justify;\"><span data-contrast=\"auto\">O tempo foi passando,\u00a0e o filho\u00a0de Maria e Jos\u00e9 se\u00a0mostrava absolutamente normal: crescia lentamente;\u00a0aprendia a l\u00edngua da sua gente e\u00a0a religi\u00e3o dos seus pais; apreciava muito\u00a0as esperan\u00e7as\u00a0que seu povo cultivava;\u00a0crescia tamb\u00e9m em gra\u00e7a e sabedoria. Com 12 anos\u00a0tomou dist\u00e2ncia\u00a0dos\u00a0pais e discutiu com\u00a0os doutores da lei em\u00a0Jerusal\u00e9m.\u00a0<\/span><span data-ccp-props=\"{&quot;335551550&quot;:6,&quot;335551620&quot;:6,&quot;335559739&quot;:120}\">\u00a0<\/span><\/p>\n<p style=\"text-align: justify;\"><span data-contrast=\"auto\">Um dia,\u00a0Jesus, Maria e Jos\u00e9 foram ao encontro\u00a0de Jo\u00e3o Batista\u00a0nas margens do rio Jord\u00e3o e\u00a0acompanharam at\u00f4nitos o\u00a0filho entrando na \u00e1gua\u00a0para ser batizado. Viram o c\u00e9u se abrindo e\u00a0uma pomba pairando sobre ele. E\u00a0ouviram uma voz que vinha\u00a0do c\u00e9u: \u201cTu \u00e9s meu filho amado; em ti eu encontro meu agrado!\u201d\u00a0O\u00a0que significaria\u00a0tudo\u00a0isso?<\/span><span data-ccp-props=\"{&quot;335551550&quot;:6,&quot;335551620&quot;:6,&quot;335559739&quot;:120}\">\u00a0<\/span><\/p>\n<p style=\"text-align: justify;\"><span data-contrast=\"auto\">Com Jo\u00e3o Batista,\u00a0Maria e Jos\u00e9 descobriram que o filho n\u00e3o lhes pertencia, que os superava em sabedoria e gra\u00e7a e os precedia nos caminhos de Deus. \u201cDepois de mim vai chegar algu\u00e9m que \u00e9 mais forte do que eu&#8230; Eu n\u00e3o mere\u00e7o sequer desamarrar a correia das sand\u00e1lias dele&#8230;\u201d\u00a0Eles entenderam\u00a0que Deus \u00e9 grande porque\u00a0valoriza os\u00a0pequenos.<\/span><span data-ccp-props=\"{&quot;335551550&quot;:6,&quot;335551620&quot;:6,&quot;335559739&quot;:120}\">\u00a0<\/span><\/p>\n<p style=\"text-align: justify;\"><span data-contrast=\"auto\">Depois do batismo,\u00a0tudo mudou radicalmente.\u00a0Jesus\u00a0se afastou\u00a0do n\u00facleo familiar, passou a viver com um grupo de\u00a0disc\u00edpulos\u00a0e\u00a0a anunciar que o\u00a0Reino de Deus estava chegando.\u00a0N\u00e3o sem dificuldades, Maria e Jos\u00e9\u00a0passaram a fazer parte\u00a0da nova\u00a0fam\u00edlia\u00a0que se formou em torno dele: a fam\u00edlia dos que\u00a0acolhem e vivem\u00a0a Palavra de Deus.\u00a0<\/span><span data-ccp-props=\"{&quot;335551550&quot;:6,&quot;335551620&quot;:6,&quot;335559739&quot;:120}\">\u00a0<\/span><\/p>\n<p style=\"text-align: justify;\">\n","protected":false},"excerpt":{"rendered":"<p>Dom Itacir Brassiani Bispo de Santa Cruz do Sul (RS) &nbsp; Convido\u00a0quem quiser vir comigo e\u00a0acompanhar\u00a0imaginariamente\u00a0a Sagrada Fam\u00edlia\u00a0de Nazar\u00e9\u00a0na sua caminhada de f\u00e9, do\u00a0primeiro domingo do Advento ao primeiro an\u00fancio mission\u00e1rio de Jesus.\u00a0O\u00a0profeta Isa\u00edas ocupa um lugar central\u00a0na liturgia do Advento,\u00a0assim como na f\u00e9 e na espiritualidade de Jos\u00e9 e Maria.\u00a0E, obviamente, na vida de &hellip;<\/p>\n<p class=\"read-more\"> <a class=\"\" href=\"https:\/\/www.cnbb.org.br\/a-caminhada-de-uma-familia-de-nazare\/\"> <span class=\"screen-reader-text\">A\u00a0caminhada de\u00a0uma fam\u00edlia\u00a0de Nazar\u00e9\u00a0<\/span> Leia mais &raquo;<\/a><\/p>\n","protected":false},"author":2510,"featured_media":0,"comment_status":"closed","ping_status":"closed","sticky":false,"template":"","format":"standard","meta":{"site-sidebar-layout":"default","site-content-layout":"default","ast-global-header-display":"","ast-banner-title-visibility":"","ast-main-header-display":"","ast-hfb-above-header-display":"","ast-hfb-below-header-display":"","ast-hfb-mobile-header-display":"","site-post-title":"","ast-breadcrumbs-content":"","ast-featured-img":"","footer-sml-layout":"","theme-transparent-header-meta":"default","adv-header-id-meta":"","stick-header-meta":"","header-above-stick-meta":"","header-main-stick-meta":"","header-below-stick-meta":""},"categories":[758],"tags":[],"acf":[],"_links":{"self":[{"href":"https:\/\/www.cnbb.org.br\/cnbb-app\/wp\/v2\/posts\/992615"}],"collection":[{"href":"https:\/\/www.cnbb.org.br\/cnbb-app\/wp\/v2\/posts"}],"about":[{"href":"https:\/\/www.cnbb.org.br\/cnbb-app\/wp\/v2\/types\/post"}],"author":[{"embeddable":true,"href":"https:\/\/www.cnbb.org.br\/cnbb-app\/wp\/v2\/users\/2510"}],"replies":[{"embeddable":true,"href":"https:\/\/www.cnbb.org.br\/cnbb-app\/wp\/v2\/comments?post=992615"}],"version-history":[{"count":2,"href":"https:\/\/www.cnbb.org.br\/cnbb-app\/wp\/v2\/posts\/992615\/revisions"}],"predecessor-version":[{"id":992617,"href":"https:\/\/www.cnbb.org.br\/cnbb-app\/wp\/v2\/posts\/992615\/revisions\/992617"}],"wp:attachment":[{"href":"https:\/\/www.cnbb.org.br\/cnbb-app\/wp\/v2\/media?parent=992615"}],"wp:term":[{"taxonomy":"category","embeddable":true,"href":"https:\/\/www.cnbb.org.br\/cnbb-app\/wp\/v2\/categories?post=992615"},{"taxonomy":"post_tag","embeddable":true,"href":"https:\/\/www.cnbb.org.br\/cnbb-app\/wp\/v2\/tags?post=992615"}],"curies":[{"name":"wp","href":"https:\/\/api.w.org\/{rel}","templated":true}]}}