{"id":992655,"date":"2025-12-12T08:39:59","date_gmt":"2025-12-12T11:39:59","guid":{"rendered":"https:\/\/www.cnbb.org.br\/?p=992655"},"modified":"2025-12-12T08:45:29","modified_gmt":"2025-12-12T11:45:29","slug":"a-fenomenologia-do-olhar","status":"publish","type":"post","link":"https:\/\/www.cnbb.org.br\/a-fenomenologia-do-olhar\/","title":{"rendered":"A fenomenologia do olhar\u00a0"},"content":{"rendered":"<p style=\"text-align: right;\"><strong>Dom Jo\u00e3o Santos Cardoso<br \/>\nArcebispo de Natal (RN)<\/strong><\/p>\n<p style=\"text-align: justify;\"><span data-ccp-props=\"{&quot;201341983&quot;:0,&quot;335551550&quot;:6,&quot;335551620&quot;:6,&quot;335559731&quot;:567,&quot;335559739&quot;:40,&quot;335559740&quot;:240,&quot;469777462&quot;:[720],&quot;469777927&quot;:[0],&quot;469777928&quot;:[8]}\">\u00a0<\/span><\/p>\n<p style=\"text-align: justify;\"><span data-contrast=\"auto\">O olhar \u00e9 um gesto simples, cotidiano, quase autom\u00e1tico. No entanto, por tr\u00e1s desse ato aparentemente comum, esconde-se um universo de significados, inten\u00e7\u00f5es e afetos. A fenomenologia do olhar,\u00a0isto \u00e9, aquilo que se revela na experi\u00eancia de\u00a0<\/span><i><span data-contrast=\"auto\">olhar<\/span><\/i><span data-contrast=\"auto\">\u00a0e nos m\u00faltiplos sentidos que esse\u00a0termo\u00a0assume na vida concreta,\u00a0abrange uma vasta gama de viv\u00eancias e significa\u00e7\u00f5es. O olhar n\u00e3o \u00e9 apenas um movimento dos olhos; \u00e9 uma atitude diante do mundo, das pessoas e de n\u00f3s mesmos.<\/span><span data-ccp-props=\"{&quot;201341983&quot;:0,&quot;335551550&quot;:6,&quot;335551620&quot;:6,&quot;335559731&quot;:567,&quot;335559739&quot;:40,&quot;335559740&quot;:240,&quot;469777462&quot;:[720],&quot;469777927&quot;:[0],&quot;469777928&quot;:[8]}\">\u00a0<\/span><\/p>\n<p style=\"text-align: justify;\"><span data-contrast=\"auto\">Para compreender essa diversidade, podemos recorrer ao fil\u00f3sofo Maurice Merleau-Ponty, especialmente em\u00a0<\/span><i><span data-contrast=\"auto\">Fenomenologia da Percep\u00e7\u00e3o<\/span><\/i><span data-contrast=\"auto\">. Para ele, perceber n\u00e3o \u00e9 registrar imagens como uma c\u00e2mera, mas envolver-se com o real. O olhar, portanto, n\u00e3o \u00e9 neutro: ele comunica, interpreta, toca e \u00e9 tocado. Nesse sentido, compreender o olhar \u00e9 compreender\u00a0a\u00a0nossa maneira de estar no mundo.<\/span><span data-ccp-props=\"{&quot;201341983&quot;:0,&quot;335551550&quot;:6,&quot;335551620&quot;:6,&quot;335559731&quot;:567,&quot;335559739&quot;:40,&quot;335559740&quot;:240,&quot;469777462&quot;:[720],&quot;469777927&quot;:[0],&quot;469777928&quot;:[8]}\">\u00a0<\/span><\/p>\n<p style=\"text-align: justify;\"><span data-contrast=\"auto\">O olhar tamb\u00e9m \u00e9 um fen\u00f4meno lingu\u00edstico. Ludwig Wittgenstein, com sua teoria dos jogos lingu\u00edsticos, ajuda-nos a perceber que \u201co significado de uma palavra \u00e9 o seu uso\u00a0na linguagem\u201d (<\/span><i><span data-contrast=\"auto\">Investiga\u00e7\u00f5es Filos\u00f3ficas<\/span><\/i><span data-contrast=\"auto\">, \u00a7 43). Ao examinarmos os diversos usos do verbo \u201colhar\u201d no cotidiano, percebemos que n\u00e3o existe um \u00fanico significado, mas v\u00e1rios;\u00a0e cada um depende do contexto, da inten\u00e7\u00e3o e da situa\u00e7\u00e3o vivida.<\/span><span data-ccp-props=\"{&quot;201341983&quot;:0,&quot;335551550&quot;:6,&quot;335551620&quot;:6,&quot;335559731&quot;:567,&quot;335559739&quot;:40,&quot;335559740&quot;:240,&quot;469777462&quot;:[720],&quot;469777927&quot;:[0],&quot;469777928&quot;:[8]}\">\u00a0<\/span><\/p>\n<p style=\"text-align: justify;\"><span data-contrast=\"auto\">H\u00e1, por exemplo, o olhar que fixa o alvo. Nesse caso, olhar \u00e9 sin\u00f4nimo de encarar, mirar, fitar. \u00c9 o olhar atento, firme, determinado: \u201cEle fitou o horizonte\u201d; \u201cEla encarou o desafio\u201d. Esse olhar expressa foco e inten\u00e7\u00e3o e n\u00e3o apenas percep\u00e7\u00e3o.<\/span><span data-ccp-props=\"{&quot;201341983&quot;:0,&quot;335551550&quot;:6,&quot;335551620&quot;:6,&quot;335559731&quot;:567,&quot;335559739&quot;:40,&quot;335559740&quot;:240,&quot;469777462&quot;:[720],&quot;469777927&quot;:[0],&quot;469777928&quot;:[8]}\">\u00a0<\/span><\/p>\n<p style=\"text-align: justify;\"><span data-contrast=\"auto\">Em outras situa\u00e7\u00f5es,\u00a0<\/span><i><span data-contrast=\"auto\">olhar<\/span><\/i><span data-contrast=\"auto\">\u00a0assume um tom de curiosidade, indiscri\u00e7\u00e3o ou bisbilhotice, como na express\u00e3o: \u201cEla est\u00e1 espiando pela fresta\u201d. Imagine algu\u00e9m que entra em meu escrit\u00f3rio, nota uma carta aberta e, sem l\u00ea-la, lan\u00e7a um olhar de soslaio e depois afirma: \u201cEspiei a carta sobre a mesa\u201d. Ele n\u00e3o a viu no sentido pleno; apenas a espiou e a interpreta\u00e7\u00e3o desse gesto revela muito.<\/span><span data-ccp-props=\"{&quot;201341983&quot;:0,&quot;335551550&quot;:6,&quot;335551620&quot;:6,&quot;335559731&quot;:567,&quot;335559739&quot;:40,&quot;335559740&quot;:240,&quot;469777462&quot;:[720],&quot;469777927&quot;:[0],&quot;469777928&quot;:[8]}\">\u00a0<\/span><\/p>\n<p style=\"text-align: justify;\"><span data-contrast=\"auto\">Em outro contexto,\u00a0<\/span><i><span data-contrast=\"auto\">olhar<\/span><\/i><span data-contrast=\"auto\">\u00a0pode significar guardar, cuidar ou vigiar, como na frase: \u201cMeu amigo, olha esse menino para mim\u201d. Aqui,\u00a0<\/span><i><span data-contrast=\"auto\">olhar<\/span><\/i><span data-contrast=\"auto\">\u00a0expressa zelo, aten\u00e7\u00e3o e responsabilidade.<\/span><span data-ccp-props=\"{&quot;201341983&quot;:0,&quot;335551550&quot;:6,&quot;335551620&quot;:6,&quot;335559731&quot;:567,&quot;335559739&quot;:40,&quot;335559740&quot;:240,&quot;469777462&quot;:[720],&quot;469777927&quot;:[0],&quot;469777928&quot;:[8]}\">\u00a0<\/span><\/p>\n<p style=\"text-align: justify;\"><span data-contrast=\"auto\">Tudo isso mostra que o olhar \u00e9 plural. Ele pode denotar fitar, espiar, guardar, cuidar, apreciar, ver, admirar e tantas outras nuances. Cada uso abre um horizonte pr\u00f3prio de sentido. Por isso, falar em fenomenologia do olhar \u00e9 reconhecer que esse gesto t\u00e3o humano abriga um mundo inteiro de significa\u00e7\u00f5es. Como ensina Merleau-Ponty, olhar \u00e9 sempre mais do que ver,\u00a0\u00e9 mergulhar no sentido das coisas e das pessoas.<\/span><span data-ccp-props=\"{&quot;201341983&quot;:0,&quot;335551550&quot;:6,&quot;335551620&quot;:6,&quot;335559731&quot;:567,&quot;335559739&quot;:40,&quot;335559740&quot;:240,&quot;469777462&quot;:[720],&quot;469777927&quot;:[0],&quot;469777928&quot;:[8]}\">\u00a0<\/span><\/p>\n<p style=\"text-align: justify;\"><span data-contrast=\"auto\">Assim, quando olhamos, nunca fazemos apenas uma coisa. Olhamos com curiosidade, com carinho, com aten\u00e7\u00e3o, com espanto. Olhamos de frente ou de relance. Olhamos para ver e, \u00e0s vezes, para n\u00e3o ver demais. O olhar \u00e9 sempre revela\u00e7\u00e3o e escolha. \u00c9 por meio dele que, antes de compreender o mundo, deixamo-nos tocar por ele.<\/span><span data-ccp-props=\"{&quot;201341983&quot;:0,&quot;335551550&quot;:6,&quot;335551620&quot;:6,&quot;335559731&quot;:567,&quot;335559739&quot;:40,&quot;335559740&quot;:240,&quot;469777462&quot;:[720],&quot;469777927&quot;:[0],&quot;469777928&quot;:[8]}\">\u00a0<\/span><\/p>\n<p><span data-ccp-props=\"{&quot;201341983&quot;:0,&quot;335551550&quot;:6,&quot;335551620&quot;:6,&quot;335559731&quot;:567,&quot;335559739&quot;:40,&quot;335559740&quot;:240,&quot;469777462&quot;:[720],&quot;469777927&quot;:[0],&quot;469777928&quot;:[8]}\">\u00a0<\/span><\/p>\n<p><span data-ccp-props=\"{&quot;201341983&quot;:0,&quot;335551550&quot;:6,&quot;335551620&quot;:6,&quot;335559731&quot;:567,&quot;335559739&quot;:40,&quot;335559740&quot;:240,&quot;469777462&quot;:[720],&quot;469777927&quot;:[0],&quot;469777928&quot;:[8]}\">\u00a0<\/span><\/p>\n","protected":false},"excerpt":{"rendered":"<p>Dom Jo\u00e3o Santos Cardoso Arcebispo de Natal (RN) \u00a0 O olhar \u00e9 um gesto simples, cotidiano, quase autom\u00e1tico. No entanto, por tr\u00e1s desse ato aparentemente comum, esconde-se um universo de significados, inten\u00e7\u00f5es e afetos. A fenomenologia do olhar,\u00a0isto \u00e9, aquilo que se revela na experi\u00eancia de\u00a0olhar\u00a0e nos m\u00faltiplos sentidos que esse\u00a0termo\u00a0assume na vida concreta,\u00a0abrange uma &hellip;<\/p>\n<p class=\"read-more\"> <a class=\"\" href=\"https:\/\/www.cnbb.org.br\/a-fenomenologia-do-olhar\/\"> <span class=\"screen-reader-text\">A fenomenologia do olhar\u00a0<\/span> Leia mais &raquo;<\/a><\/p>\n","protected":false},"author":105,"featured_media":0,"comment_status":"closed","ping_status":"closed","sticky":false,"template":"","format":"standard","meta":{"site-sidebar-layout":"default","site-content-layout":"default","ast-global-header-display":"","ast-banner-title-visibility":"","ast-main-header-display":"","ast-hfb-above-header-display":"","ast-hfb-below-header-display":"","ast-hfb-mobile-header-display":"","site-post-title":"","ast-breadcrumbs-content":"","ast-featured-img":"","footer-sml-layout":"","theme-transparent-header-meta":"default","adv-header-id-meta":"","stick-header-meta":"","header-above-stick-meta":"","header-main-stick-meta":"","header-below-stick-meta":""},"categories":[758],"tags":[],"acf":[],"_links":{"self":[{"href":"https:\/\/www.cnbb.org.br\/cnbb-app\/wp\/v2\/posts\/992655"}],"collection":[{"href":"https:\/\/www.cnbb.org.br\/cnbb-app\/wp\/v2\/posts"}],"about":[{"href":"https:\/\/www.cnbb.org.br\/cnbb-app\/wp\/v2\/types\/post"}],"author":[{"embeddable":true,"href":"https:\/\/www.cnbb.org.br\/cnbb-app\/wp\/v2\/users\/105"}],"replies":[{"embeddable":true,"href":"https:\/\/www.cnbb.org.br\/cnbb-app\/wp\/v2\/comments?post=992655"}],"version-history":[{"count":2,"href":"https:\/\/www.cnbb.org.br\/cnbb-app\/wp\/v2\/posts\/992655\/revisions"}],"predecessor-version":[{"id":992657,"href":"https:\/\/www.cnbb.org.br\/cnbb-app\/wp\/v2\/posts\/992655\/revisions\/992657"}],"wp:attachment":[{"href":"https:\/\/www.cnbb.org.br\/cnbb-app\/wp\/v2\/media?parent=992655"}],"wp:term":[{"taxonomy":"category","embeddable":true,"href":"https:\/\/www.cnbb.org.br\/cnbb-app\/wp\/v2\/categories?post=992655"},{"taxonomy":"post_tag","embeddable":true,"href":"https:\/\/www.cnbb.org.br\/cnbb-app\/wp\/v2\/tags?post=992655"}],"curies":[{"name":"wp","href":"https:\/\/api.w.org\/{rel}","templated":true}]}}