{"id":992672,"date":"2025-12-09T09:31:19","date_gmt":"2025-12-09T12:31:19","guid":{"rendered":"https:\/\/www.cnbb.org.br\/?p=992672"},"modified":"2025-12-12T09:31:45","modified_gmt":"2025-12-12T12:31:45","slug":"obras-da-catedral-de-fatima-em-imperatriz-nos-ultimos-ajustes-para-reinauguracao-e-dedicacao-no-dia-13-de-outubro","status":"publish","type":"post","link":"https:\/\/www.cnbb.org.br\/obras-da-catedral-de-fatima-em-imperatriz-nos-ultimos-ajustes-para-reinauguracao-e-dedicacao-no-dia-13-de-outubro\/","title":{"rendered":"Obras da Catedral de F\u00e1tima, em Imperatriz, nos \u00faltimos ajustes para reinaugura\u00e7\u00e3o e dedica\u00e7\u00e3o no dia 13 de outubro"},"content":{"rendered":"<p style=\"text-align: justify;\">A Catedral de Nossa Senhora de F\u00e1tima, est\u00e1 na reta final das obras de revitaliza\u00e7\u00e3o e se prepara para sua reinaugura\u00e7\u00e3o e solene celebra\u00e7\u00e3o de dedica\u00e7\u00e3o no pr\u00f3ximo dia 13 de outubro, \u00e0s 19h, presidida pelo bispo diocesano, Dom Vilsom Basso. A ocasi\u00e3o coincide com os 108 anos do Milagre do Sol, ocorrido em F\u00e1tima, Portugal, evento considerado a \u00faltima apari\u00e7\u00e3o de Nossa Senhora, adicionando um profundo simbolismo \u00e0 celebra\u00e7\u00e3o.<\/p>\n<p style=\"text-align: justify;\">As interven\u00e7\u00f5es na Catedral, iniciadas em agosto de 2023, representam um projeto que durou mais de dois anos, proporcionando ainda mais um espa\u00e7o de f\u00e9, acessibilidade e artisticamente renovado e de valor cultural para a cidade e regi\u00e3o. A iniciativa foi impulsionada pelo bispo diocesano, em v\u00e1rias a\u00e7\u00f5es da campanha &#8220;Abrace a Catedral de F\u00e1tima&#8221;, que mobilizou a comunidade e diversas institui\u00e7\u00f5es em prol da revitaliza\u00e7\u00e3o.<\/p>\n<h4 style=\"text-align: justify;\">Detalhes da Abrangente Revitaliza\u00e7\u00e3o<\/h4>\n<p style=\"text-align: justify;\">A revitaliza\u00e7\u00e3o da Catedral foi envolveu desde a estrutura at\u00e9 os acabamentos. A fachada da Igreja foi modificada, enquanto o telhado e o revestimento foram inteiramente substitu\u00eddos, garantindo maior durabilidade e prote\u00e7\u00e3o.<\/p>\n<p style=\"text-align: justify;\">No interior, um dos grandes destaques foi o trabalho de restaura\u00e7\u00e3o art\u00edstica. Vitrais, imagens sacras e altares foram cuidadosamente restaurados, e as pinturas existentes foram preservadas, mantendo a originalidade e a riqueza cultural do espa\u00e7o. A infraestrutura tamb\u00e9m recebeu aten\u00e7\u00e3o especial, com a moderniza\u00e7\u00e3o completa dos sistemas el\u00e9tricos, de ilumina\u00e7\u00e3o, sonoriza\u00e7\u00e3o, hidr\u00e1ulico e climatiza\u00e7\u00e3o, visando o conforto e a seguran\u00e7a dos fi\u00e9is.<\/p>\n<p style=\"text-align: justify;\">A acessibilidade foi uma prioridade, com a instala\u00e7\u00e3o de rampas e elevadores, garantindo que pessoas com mobilidade reduzida possam participar plenamente das atividades. O piso foi totalmente trocado, a sacristia passou por uma renova\u00e7\u00e3o completa, e houve a substitui\u00e7\u00e3o do forro e do mobili\u00e1rio lit\u00fargico, criando um ambiente renovado para as celebra\u00e7\u00f5es. Al\u00e9m disso, novos espa\u00e7os foram criados, como sala de reuni\u00f5es e uma secretaria paroquial modernizada.<\/p>\n<p style=\"text-align: justify;\">Como resultado da revitaliza\u00e7\u00e3o, a Catedral tamb\u00e9m ampliar\u00e1 seus hor\u00e1rios de missas, buscando atender de forma ainda mais eficaz \u00e0s necessidades espirituais da comunidade.<\/p>\n<h4 style=\"text-align: justify;\">Programa\u00e7\u00e3o Especial e Presen\u00e7a Eclesial de Destaque<\/h4>\n<p style=\"text-align: justify;\">A solene celebra\u00e7\u00e3o de dedica\u00e7\u00e3o da Catedral ser\u00e1 presidida por Dom Vilsom Basso, Bispo de Imperatriz, e contar\u00e1 com a presen\u00e7a de autoridades eclesi\u00e1sticas: S\u00e3o esperados cerca de 10 bispos (Maranh\u00e3o, Tocantins e Par\u00e1), aproximadamente 100 sacerdotes e quase 10 di\u00e1conos, al\u00e9m de religiosas e uma grande participa\u00e7\u00e3o da comunidade. Autoridades civis tamb\u00e9m confirmaram presen\u00e7a no evento.<\/p>\n<p style=\"text-align: justify;\">Uma programa\u00e7\u00e3o especial foi preparada para os dias que antecedem a dedica\u00e7\u00e3o:<\/p>\n<p style=\"text-align: justify;\">\u25cf Tr\u00edduo em Prepara\u00e7\u00e3o a Dedica\u00e7\u00e3o da Catedral: Na semana que antecede o dia 13, as 35 par\u00f3quias da Diocese realizar\u00e3o um tr\u00edduo em suas comunidades. Na Catedral, est\u00e1 marcado entre os dias 9, 10 e 11 de outubro.<\/p>\n<p style=\"text-align: justify;\">\u25cf 12 de Outubro \u2013 Venera\u00e7\u00e3o de Rel\u00edquias de S\u00e3o Jo\u00e3o Paulo II: Em um momento de profunda relev\u00e2ncia hist\u00f3rica e espiritual, a Catedral receber\u00e1 a venera\u00e7\u00e3o das rel\u00edquias sagradas do Papa S\u00e3o Jo\u00e3o Paulo II. Sua mem\u00f3ria \u00e9 especialmente significativa para a Diocese, pois foi ele quem assinou a bula de cria\u00e7\u00e3o da Diocese de Imperatriz e estabeleceu a Igreja de F\u00e1tima como sua Catedral Diocesana, al\u00e9m de sua not\u00f3ria devo\u00e7\u00e3o a Nossa Senhora de F\u00e1tima.<\/p>\n<p style=\"text-align: justify;\">\u25cf 13 de outubro \u2013 Dia da Reinaugura\u00e7\u00e3o e Dedica\u00e7\u00e3o:<\/p>\n<p style=\"text-align: justify;\">\u25cf 6h: Laudes na Catedral.<\/p>\n<p style=\"text-align: justify;\">\u25cf 6h30: Missa e logo ap\u00f3s caf\u00e9 partilhado.<\/p>\n<p style=\"text-align: justify;\">\u25cf 15h: Ter\u00e7o.<\/p>\n<p style=\"text-align: justify;\">\u25cf 19h: Missa Solene de Dedica\u00e7\u00e3o da Catedral de Nossa Senhora de F\u00e1tima, com transmiss\u00e3o ao vivo pela Rede Vida para todo o Brasil. A transmiss\u00e3o permitir\u00e1 que fi\u00e9is de todo o pa\u00eds acompanhem e participem deste momento hist\u00f3rico para a Igreja.<\/p>\n<h3 style=\"text-align: justify;\">Sobre a Catedral de F\u00e1tima<\/h3>\n<p style=\"text-align: justify;\">No ano de 1953, o mission\u00e1rio franciscano Frei Epif\u00e2nio, em conjunto com a popula\u00e7\u00e3o local, construiu uma capela feita de palha para a realiza\u00e7\u00e3o das celebra\u00e7\u00f5es eucar\u00edsticas. Com o crescimento da comunidade, Frei Epif\u00e2nio, com recursos vindos da It\u00e1lia e ajuda da comunidade, construiu uma Igreja maior. A Igreja era feita de tijolos e no alto da torre havia um sino que \u201cchamava\u201d a popula\u00e7\u00e3o para a missa.<\/p>\n<p style=\"text-align: justify;\">Em 15 de agosto de 1964 foi colocado no local a pedra fundamental de uma nova Igreja, a atual Catedral Diocesana Nossa Senhora de F\u00e1tima, que ficou pronta ap\u00f3s tr\u00eas anos.<\/p>\n<p style=\"text-align: justify;\">Um dos marcos da inaugura\u00e7\u00e3o da nova Igreja foi a prociss\u00e3o luminosa, no dia 13 de outubro de 1968, que levou a imagem de Nossa Senhora de F\u00e1tima para ocupar a parte central do altar.<\/p>\n<p style=\"text-align: justify;\">Com a cria\u00e7\u00e3o da Diocese de Imperatriz em julho de 1987, a Par\u00f3quia Nossa Senhora de F\u00e1tima passou a ser sede da diocese, recebendo o t\u00edtulo de Catedral Nossa Senhora de F\u00e1tima.<\/p>\n<p style=\"text-align: justify;\">A reinaugura\u00e7\u00e3o da Catedral n\u00e3o \u00e9 apenas a entrega de um edif\u00edcio restaurado, mas a celebra\u00e7\u00e3o da f\u00e9 viva e do esp\u00edrito de uni\u00e3o de uma comunidade, conduzida pelo seu bispo, que se mobilizou para preservar seu patrim\u00f4nio e fortalecer sua miss\u00e3o evangelizadora na Diocese de Imperatriz.<\/p>\n<p>&nbsp;<\/p>\n<p>&nbsp;<\/p>\n<pre>Com informa\u00e7\u00f5es e fotos da Ascom - Diocese de Imperatriz (MA)<\/pre>\n","protected":false},"excerpt":{"rendered":"<p>A Catedral de Nossa Senhora de F\u00e1tima, est\u00e1 na reta final das obras de revitaliza\u00e7\u00e3o e se prepara para sua reinaugura\u00e7\u00e3o e solene celebra\u00e7\u00e3o de dedica\u00e7\u00e3o no pr\u00f3ximo dia 13 de outubro, \u00e0s 19h, presidida pelo bispo diocesano, Dom Vilsom Basso. A ocasi\u00e3o coincide com os 108 anos do Milagre do Sol, ocorrido em F\u00e1tima, &hellip;<\/p>\n<p class=\"read-more\"> <a class=\"\" href=\"https:\/\/www.cnbb.org.br\/obras-da-catedral-de-fatima-em-imperatriz-nos-ultimos-ajustes-para-reinauguracao-e-dedicacao-no-dia-13-de-outubro\/\"> <span class=\"screen-reader-text\">Obras da Catedral de F\u00e1tima, em Imperatriz, nos \u00faltimos ajustes para reinaugura\u00e7\u00e3o e dedica\u00e7\u00e3o no dia 13 de outubro<\/span> Leia mais &raquo;<\/a><\/p>\n","protected":false},"author":138,"featured_media":992675,"comment_status":"closed","ping_status":"closed","sticky":false,"template":"","format":"standard","meta":{"site-sidebar-layout":"default","site-content-layout":"default","ast-global-header-display":"","ast-banner-title-visibility":"","ast-main-header-display":"","ast-hfb-above-header-display":"","ast-hfb-below-header-display":"","ast-hfb-mobile-header-display":"","site-post-title":"","ast-breadcrumbs-content":"","ast-featured-img":"","footer-sml-layout":"","theme-transparent-header-meta":"default","adv-header-id-meta":"","stick-header-meta":"","header-above-stick-meta":"","header-main-stick-meta":"","header-below-stick-meta":""},"categories":[821],"tags":[],"acf":[],"_links":{"self":[{"href":"https:\/\/www.cnbb.org.br\/cnbb-app\/wp\/v2\/posts\/992672"}],"collection":[{"href":"https:\/\/www.cnbb.org.br\/cnbb-app\/wp\/v2\/posts"}],"about":[{"href":"https:\/\/www.cnbb.org.br\/cnbb-app\/wp\/v2\/types\/post"}],"author":[{"embeddable":true,"href":"https:\/\/www.cnbb.org.br\/cnbb-app\/wp\/v2\/users\/138"}],"replies":[{"embeddable":true,"href":"https:\/\/www.cnbb.org.br\/cnbb-app\/wp\/v2\/comments?post=992672"}],"version-history":[{"count":2,"href":"https:\/\/www.cnbb.org.br\/cnbb-app\/wp\/v2\/posts\/992672\/revisions"}],"predecessor-version":[{"id":992674,"href":"https:\/\/www.cnbb.org.br\/cnbb-app\/wp\/v2\/posts\/992672\/revisions\/992674"}],"wp:featuredmedia":[{"embeddable":true,"href":"https:\/\/www.cnbb.org.br\/cnbb-app\/wp\/v2\/media\/992675"}],"wp:attachment":[{"href":"https:\/\/www.cnbb.org.br\/cnbb-app\/wp\/v2\/media?parent=992672"}],"wp:term":[{"taxonomy":"category","embeddable":true,"href":"https:\/\/www.cnbb.org.br\/cnbb-app\/wp\/v2\/categories?post=992672"},{"taxonomy":"post_tag","embeddable":true,"href":"https:\/\/www.cnbb.org.br\/cnbb-app\/wp\/v2\/tags?post=992672"}],"curies":[{"name":"wp","href":"https:\/\/api.w.org\/{rel}","templated":true}]}}