{"id":992687,"date":"2026-01-26T13:08:07","date_gmt":"2026-01-26T16:08:07","guid":{"rendered":"https:\/\/www.cnbb.org.br\/?p=992687"},"modified":"2026-01-26T16:04:40","modified_gmt":"2026-01-26T19:04:40","slug":"cadastramento-para-o-projeto-comunhao-e-partilha-e-aberto-iniciativa-fortalece-formacao-de-seminaristas-e-clero-no-brasil","status":"publish","type":"post","link":"https:\/\/www.cnbb.org.br\/cadastramento-para-o-projeto-comunhao-e-partilha-e-aberto-iniciativa-fortalece-formacao-de-seminaristas-e-clero-no-brasil\/","title":{"rendered":"Cadastramento para o Projeto \u201cComunh\u00e3o e Partilha\u201d \u00e9 aberto; iniciativa fortalece forma\u00e7\u00e3o de seminaristas e clero no Brasil"},"content":{"rendered":"<p style=\"text-align: justify;\">A Confer\u00eancia Nacional dos Bispos do Brasil (CNBB) abriu o per\u00edodo de cadastramento para o Projeto \u201cComunh\u00e3o e Partilha\u201d, iniciativa criada para fortalecer a forma\u00e7\u00e3o inicial e permanente do clero no pa\u00eds. As dioceses e prelazias que desejam solicitar o aux\u00edlio j\u00e1 podem se inscrever no novo sistema do projeto, dispon\u00edvel em <a href=\"http:\/\/comunhaoepartilha.cnbb.org.br\" target=\"_blank\" rel=\"noopener\">comunhaoepartilha.cnbb.org.br<\/a>, at\u00e9 o dia 15 de fevereiro de 2026.<\/p>\n<p style=\"text-align: justify;\">Institu\u00eddo na 50\u00aa Assembleia Geral da CNBB, em 2012, o projeto \u00e9 considerado uma express\u00e3o concreta de corresponsabilidade e solidariedade entre as Igrejas Particulares do Brasil. Em 2025, a iniciativa destinou R$ 4,18 milh\u00f5es \u00e0 forma\u00e7\u00e3o de 311 seminaristas de 43 dioceses e prelazias, al\u00e9m de R$ 2,5 milh\u00f5es para a forma\u00e7\u00e3o permanente de 78 presb\u00edteros residentes no Pontif\u00edcio Col\u00e9gio Pio Brasileiro, em Roma.<\/p>\n<p style=\"text-align: justify;\">Ao todo, 96 dioceses foram beneficiadas ao longo deste ano, o que representa cerca de 34,5% das Igrejas Particulares do pa\u00eds. Para a Comiss\u00e3o Especial para a Comunh\u00e3o e Partilha, os n\u00fameros revelam o amadurecimento de um caminho de comunh\u00e3o que tem permitido ampliar o alcance e a transpar\u00eancia da iniciativa.<\/p>\n<h3 style=\"text-align: justify;\">Quem pode se cadastrar<\/h3>\n<p style=\"text-align: justify;\">Podem solicitar o benef\u00edcio as dioceses e prelazias com renda ordin\u00e1ria mensal de at\u00e9 R$ 40 mil. A classifica\u00e7\u00e3o permanece organizada em tr\u00eas grupos, que determinam o valor do aux\u00edlio por seminarista:<\/p>\n<p style=\"text-align: justify;\">Grupo A: at\u00e9 R$ 25 mil \u2014 R$ 3.255,00 por seminarista<\/p>\n<p style=\"text-align: justify;\">Grupo B: at\u00e9 R$ 30 mil \u2014 R$ 1.872,00<\/p>\n<p style=\"text-align: justify;\">Grupo C: at\u00e9 R$ 40 mil \u2014 R$ 877,50<\/p>\n<p style=\"text-align: justify;\">As inscri\u00e7\u00f5es devem ser feitas exclusivamente pelo sistema do projeto, com o envio de toda a documenta\u00e7\u00e3o solicitada.<\/p>\n<h3 style=\"text-align: justify;\">Forma\u00e7\u00e3o permanente no Pio Brasileiro<\/h3>\n<p style=\"text-align: justify;\">Para acessar o fundo espec\u00edfico destinado \u00e0 forma\u00e7\u00e3o permanente dos presb\u00edteros residentes no Pontif\u00edcio Col\u00e9gio Pio Brasileiro &#8211; institui\u00e7\u00e3o da CNBB a servi\u00e7o de todo o episcopado -, \u00e9 necess\u00e1rio contato direto com o diretor da casa, padre Valdir C\u00e2ndido, pelo email: piobrasiliano@tiscali.it ou pelo telefone +39 06 66 059 1 ou +39 06 66 059 480.<\/p>\n<h3 style=\"text-align: justify;\">Um gesto de corresponsabilidade<\/h3>\n<p style=\"text-align: justify;\">Ao abrir oficialmente o per\u00edodo de cadastramento, a Comiss\u00e3o Especial para a Comunh\u00e3o e Partilha, por meio de seu presidente, dom Jo\u00e3o Aparecido Bergamasco,\u00a0expressou gratid\u00e3o aos bispos pelo compromisso e fidelidade ao projeto, destacando que a partilha mensal de 1,5% das receitas ordin\u00e1rias das dioceses tem sido essencial para manter viva essa rede de solidariedade.<\/p>\n<p style=\"text-align: justify;\">Em carta enviada ao episcopado, dom Jo\u00e3o Aparecido Bergamasco afirmou que o projeto \u201ccontinua produzindo frutos concretos na forma\u00e7\u00e3o de novos pastores e no fortalecimento do clero\u201d, especialmente neste contexto do Ano Jubilar.<\/p>\n","protected":false},"excerpt":{"rendered":"<p>A CNBB abriu o per\u00edodo de cadastramento para o Projeto \u201cComunh\u00e3o e Partilha\u201d, iniciativa criada para fortalecer a forma\u00e7\u00e3o inicial e permanente do clero no pa\u00eds. As dioceses e prelazias que desejam solicitar o aux\u00edlio j\u00e1 podem se inscrever no novo sistema do projeto, dispon\u00edvel em comunhaoepartilha.cnbb.org.br, at\u00e9 o dia 15 de fevereiro de 2026<\/p>\n","protected":false},"author":138,"featured_media":992795,"comment_status":"closed","ping_status":"closed","sticky":false,"template":"","format":"standard","meta":{"site-sidebar-layout":"default","site-content-layout":"default","ast-global-header-display":"","ast-banner-title-visibility":"","ast-main-header-display":"","ast-hfb-above-header-display":"","ast-hfb-below-header-display":"","ast-hfb-mobile-header-display":"","site-post-title":"","ast-breadcrumbs-content":"","ast-featured-img":"","footer-sml-layout":"","theme-transparent-header-meta":"default","adv-header-id-meta":"","stick-header-meta":"","header-above-stick-meta":"","header-main-stick-meta":"","header-below-stick-meta":""},"categories":[1832,50],"tags":[6262,1611],"acf":[],"_links":{"self":[{"href":"https:\/\/www.cnbb.org.br\/cnbb-app\/wp\/v2\/posts\/992687"}],"collection":[{"href":"https:\/\/www.cnbb.org.br\/cnbb-app\/wp\/v2\/posts"}],"about":[{"href":"https:\/\/www.cnbb.org.br\/cnbb-app\/wp\/v2\/types\/post"}],"author":[{"embeddable":true,"href":"https:\/\/www.cnbb.org.br\/cnbb-app\/wp\/v2\/users\/138"}],"replies":[{"embeddable":true,"href":"https:\/\/www.cnbb.org.br\/cnbb-app\/wp\/v2\/comments?post=992687"}],"version-history":[{"count":5,"href":"https:\/\/www.cnbb.org.br\/cnbb-app\/wp\/v2\/posts\/992687\/revisions"}],"predecessor-version":[{"id":992692,"href":"https:\/\/www.cnbb.org.br\/cnbb-app\/wp\/v2\/posts\/992687\/revisions\/992692"}],"wp:featuredmedia":[{"embeddable":true,"href":"https:\/\/www.cnbb.org.br\/cnbb-app\/wp\/v2\/media\/992795"}],"wp:attachment":[{"href":"https:\/\/www.cnbb.org.br\/cnbb-app\/wp\/v2\/media?parent=992687"}],"wp:term":[{"taxonomy":"category","embeddable":true,"href":"https:\/\/www.cnbb.org.br\/cnbb-app\/wp\/v2\/categories?post=992687"},{"taxonomy":"post_tag","embeddable":true,"href":"https:\/\/www.cnbb.org.br\/cnbb-app\/wp\/v2\/tags?post=992687"}],"curies":[{"name":"wp","href":"https:\/\/api.w.org\/{rel}","templated":true}]}}