{"id":992696,"date":"2025-12-12T17:11:48","date_gmt":"2025-12-12T20:11:48","guid":{"rendered":"https:\/\/www.cnbb.org.br\/?p=992696"},"modified":"2025-12-18T16:08:11","modified_gmt":"2025-12-18T19:08:11","slug":"10-acoes-apoiadas-recursos-campanha-para-a-evangelizacao","status":"publish","type":"post","link":"https:\/\/www.cnbb.org.br\/10-acoes-apoiadas-recursos-campanha-para-a-evangelizacao\/","title":{"rendered":"10 a\u00e7\u00f5es da Igreja no Brasil apoiadas com recursos da Campanha para a Evangeliza\u00e7\u00e3o"},"content":{"rendered":"<p>A Igreja no Brasil realiza a Coleta da Campanha para a Evangeliza\u00e7\u00e3o 2025, no pr\u00f3ximo final de semana, quando \u00e9 celebrado o 3\u00ba Domingo do Advento. Os recursos dessa coleta s\u00e3o investidos para fortalecer as iniciativas evangelizadoras e pastorais em todo pa\u00eds.<\/p>\n<p>Os recursos s\u00e3o divididos em tr\u00eas partes: 45% ficam na pr\u00f3pria diocese; 20% v\u00e3o para o respectivo regional da CNBB; e 35% s\u00e3o enviados \u00e0 sede nacional da CNBB, em Bras\u00edlia.<\/p>\n<blockquote><p>Os 35% dos recursos enviados \u00e0 sede nacional da CNBB ajudam a garantir iniciativas e estruturas nacionais de evangeliza\u00e7\u00e3o, como as Comiss\u00f5es Episcopais que orientam e dinamizam a a\u00e7\u00e3o pastoral em todo o Brasil.<\/p><\/blockquote>\n<p>A seguir, confira 10 iniciativas e eventos que receberam recursos da Campanha para Evangeliza\u00e7\u00e3o, seja para a sua realiza\u00e7\u00e3o, promo\u00e7\u00e3o ou para garantir a assessoria da equipe da Confer\u00eancia Episcopal:<\/p>\n<p>&nbsp;<\/p>\n<ol>\n<li><em><strong>Encontro de bispos de recente nomea\u00e7\u00e3o\u00a0<\/strong><\/em><br \/>\nRealizado anualmente na sede da CNBB, em Bras\u00edlia, o encontro re\u00fane bispos no in\u00edcio do seu minist\u00e9rio episcopal para estudos sobre a miss\u00e3o que v\u00e3o desempenhar nas dioceses. Sob a responsabilidade da Comiss\u00e3o Episcopal para os Minist\u00e9rios Ordenados e a Vida Consagrada, reuniu <a href=\"https:\/\/www.cnbb.org.br\/22-bispos-de-recente-nomeacao-se-encontram-em-brasilia\/\">22 bispos entre os dias\u00a01\u00ba e 5 de julho deste ano<\/a>.<img decoding=\"async\" src=\"https:\/\/www.cnbb.org.br\/wp-content\/uploads\/2024\/07\/Encontro-de-Bispos-sede.jpg\" \/><\/li>\n<li><em><strong>Assembleia do Comina<\/strong><\/em><br \/>\nA <a href=\"https:\/\/www.cnbb.org.br\/missionarios-de-todo-o-brasil-participam-da-40a-assembleia-anual-do-conselho-missionario-nacional\/\">40\u00aa Assembleia Anual do Conselho Mission\u00e1rio Nacional (Comina)<\/a> foi realizada entre os dias 14 e 16 de mar\u00e7o, na sede das Pontif\u00edcias Obras Mission\u00e1rias, em Bras\u00edlia (DF). O encontro deixou um rastro de esperan\u00e7a, renova\u00e7\u00e3o e um forte compromisso em mission\u00e1rios de todo o Brasil que se reuniram para partilhar experi\u00eancias, fortalecer la\u00e7os e tra\u00e7ar os pr\u00f3ximos passos da miss\u00e3o evangelizadora no pa\u00eds. O encontro foi marcado pela atualiza\u00e7\u00e3o do Programa Mission\u00e1rio Nacional (PMN), reflex\u00f5es sobre os aprendizados do 6\u00ba Congresso Mission\u00e1rio Americano (CAM6) e o planejamento para o CAM7.<img decoding=\"async\" src=\"https:\/\/www.cnbb.org.br\/wp-content\/uploads\/2025\/03\/WhatsApp-Image-2025-03-16-at-10.21.44.jpeg\" \/><\/li>\n<li><strong>2\u00ba Congresso Nacional da Anima\u00e7\u00e3o B\u00edblica da Pastoral<\/strong><br \/>\nCom a participa\u00e7\u00e3o de grandes refer\u00eancias na \u00e1rea b\u00edblica, como o frei Carlos Mesters, o evento foi realizado de 19 a 22 de maio, em Goi\u00e2nia (GO). A proposta da Comiss\u00e3o Episcopal para a Anima\u00e7\u00e3o B\u00edblico-Catequ\u00e9tica foi continuar a ressaltar a centralidade b\u00edblica na vida da Igreja e discernir propostas para impulsionar a <a href=\"https:\/\/www.cnbb.org.br\/2o-congresso-nacional-da-animacao-biblica-da-pastoral-reafirma-a-palavra-de-deus-e-sua-centralidade-na-missao-da-igreja\/\">anima\u00e7\u00e3o b\u00edblica da pastoral no Brasil<\/a>.<\/p>\n<p><figure style=\"width: 2560px\" class=\"wp-caption alignnone\"><img decoding=\"async\" loading=\"lazy\" src=\"https:\/\/www.cnbb.org.br\/wp-content\/uploads\/2025\/05\/2o-Congresso-da-Animacao-Biblica-da-Pastoral-Palavra-scaled.jpg\" alt=\"\" width=\"2560\" height=\"1709\" \/><figcaption class=\"wp-caption-text\">Foto: Fotos: Wagmar Alves\/PUC Goi\u00e1s<\/figcaption><\/figure><\/li>\n<li><strong>Encontro de bispos referenciais e coordenadores regionais de Liturgia<\/strong>\n<p data-start=\"108\" data-end=\"499\">Entre os dias 21 e 23 de julho, a Comiss\u00e3o Episcopal para a Liturgia da Confer\u00eancia Nacional dos Bispos do Brasil (CNBB) realiza, na Casa Dom Luciano, em Bras\u00edlia (DF), um <a href=\"https:\/\/www.cnbb.org.br\/comissao-episcopal-para-a-liturgia-promove-encontro-nacional-para-fortalecer-articulacao-entre-regionais-da-cnbb\/\">encontro com bispos referenciais e coordenadores de liturgia<\/a> de 16 regionais da entidade. A iniciativa tem como objetivo fortalecer a comunh\u00e3o e articular a a\u00e7\u00e3o lit\u00fargica nas diferentes realidades da Igreja no Brasil.<img decoding=\"async\" src=\"https:\/\/www.cnbb.org.br\/wp-content\/uploads\/2025\/07\/54671623526_983bd0d345_b.jpg\" \/><\/p>\n<\/li>\n<li><strong>Simp\u00f3sio 60 anos da Nostra Aetate<\/strong><br \/>\nA Comiss\u00e3o para o Ecumenismos e o Di\u00e1logo Inter-Religioso da CNBB foi uma das organizadoras do <a href=\"https:\/\/www.cnbb.org.br\/60-anos-da-declaracao-nostra-aetate-programacao-inter-religiosa\/\">Simp\u00f3sio Internacional que celebrou os 60 anos da Declara\u00e7\u00e3o <em>Nostra Aetate<\/em><\/a>, entre os dias 14 a 16 de outubro, em S\u00e3o Paulo. O evento reuniu lideran\u00e7as religiosas e culturais, destacando o valor do di\u00e1logo, da escuta e da fraternidade entre as religi\u00f5es.<br \/>\n<img decoding=\"async\" src=\"https:\/\/www.cnbb.org.br\/wp-content\/uploads\/2025\/10\/60-anos-Nostra-Aetate-capa.jpg\" \/><\/li>\n<li><strong>Articula\u00e7\u00e3o das 27 Pastorais Sociais<\/strong><br \/>\nA Comiss\u00e3o Episcopal para a A\u00e7\u00e3o Sociotransformadora <a href=\"https:\/\/www.cnbb.org.br\/seminario-das-pastorais-sociais-em-brasilia\/\">articula em sua atua\u00e7\u00e3o 27 pastorais<\/a> identificadas com as causas sociais, a partir da perspectiva da Doutrina Social da Igreja, trabalhando ativamente para alimentar o esperan\u00e7ar dos agentes de pastoral na luta por um mundo mais justo e fraterno.<br \/>\n<img decoding=\"async\" src=\"https:\/\/www.cnbb.org.br\/wp-content\/uploads\/2025\/03\/Cepast-Credito-Claudia-Pereira_Cepast.jpg\" \/><\/li>\n<li><strong>Semin\u00e1rio Nacional sobre o Fundo Nacional do Patrim\u00f4nio Cultural<\/strong><br \/>\nA Comiss\u00e3o para a Cultura e a Educa\u00e7\u00e3o somou-se como parceira \u00e0 Pontif\u00edcia Universidade Cat\u00f3lica (PUC) do Rio de Janeiro, ao Minist\u00e9rio P\u00fablico Federal e ao Banco Nacional de Desenvolvimento (BNDES) na realiza\u00e7\u00e3o do <a href=\"https:\/\/www.cnbb.org.br\/seminario-na-puc-rio-discute-alternativas-para-financiamento-da-preservacao-do-patrimonio-historico-no-brasil\/\"><em>\u201cSemin\u00e1rio Cultural Cat\u00f3lico no Brasil \u2013 Desafios e Alternativas de Financiamento\u201d<\/em><\/a>, realizado em 28 de agosto, no Rio de Janeiro (RJ).\u00a0O evento foi espa\u00e7o de di\u00e1logo para discutir caminhos que preservem a mem\u00f3ria e fortale\u00e7am a identidade cultural e conta com grandes nomes para conversar sobre esse tema fundamental, que conecta mem\u00f3ria, espiritualidade, cultura e a hist\u00f3ria da Igreja Cat\u00f3lica no Brasil.<br \/>\n<img decoding=\"async\" src=\"https:\/\/www.cnbb.org.br\/wp-content\/uploads\/2025\/08\/Seminario-PUC-Rio-patrimonio-scaled.jpg\" \/><\/li>\n<li><strong>Reuni\u00f5es da Comiss\u00e3o para os Textos Lit\u00fargicos (Cetel)<\/strong><br \/>\nNeste ano, a Comiss\u00e3o Episcopal para os Textos Lit\u00fargicos (Cetel) da CNBB dedicou-se \u00e0 <a href=\"https:\/\/www.cnbb.org.br\/cetel-comeca-revisao-de-lecionarios-para-a-missa\/\">revis\u00e3o dos novos lecion\u00e1rios<\/a>, continuando a oferecer \u00e0 Igreja no Brasil a riqueza dos textos sagrados para as celebra\u00e7\u00f5es.<br \/>\n<img decoding=\"async\" loading=\"lazy\" class=\"aligncenter size-full wp-image-992709\" src=\"https:\/\/www.cnbb.org.br\/wp-content\/uploads\/2025\/12\/Cetel-2025.jpg\" alt=\"\" width=\"799\" height=\"533\" srcset=\"https:\/\/www.cnbb.org.br\/wp-content\/uploads\/2025\/12\/Cetel-2025.jpg 799w, https:\/\/www.cnbb.org.br\/wp-content\/uploads\/2025\/12\/Cetel-2025-300x200.jpg 300w, https:\/\/www.cnbb.org.br\/wp-content\/uploads\/2025\/12\/Cetel-2025-768x512.jpg 768w, https:\/\/www.cnbb.org.br\/wp-content\/uploads\/2025\/12\/Cetel-2025-500x334.jpg 500w\" sizes=\"(max-width: 799px) 100vw, 799px\" \/><\/p>\n<ol>\n<li><strong>Pesquisa para atualiza\u00e7\u00e3o do Documento 85<\/strong><br \/>\nCerca de 10mil jovens participaram da <a href=\"https:\/\/www.cnbb.org.br\/pesquisa-cnbb-mira-adolescentes-de-12-a-17-anos\/\">Pesquisa Nacional sobre Juventudes e F\u00e9<\/a>, promovida pela Comiss\u00e3o Episcopal para a Juventude com o intuito de entender a realidade dos jovens brasileiros em vista da atualiza\u00e7\u00e3o do documento da CNBB sobre a evangeliza\u00e7\u00e3o da juventude.<br \/>\n<img decoding=\"async\" src=\"https:\/\/www.cnbb.org.br\/wp-content\/uploads\/2025\/06\/CEP-PesquisaNacional_-1-1-banner.png\" \/><\/li>\n<\/ol>\n<\/li>\n<li><strong>Encontro com Mission\u00e1rios Digitais<\/strong><br \/>\nEntre os dias 7 e 9 de mar\u00e7o de 2024, ocorreu o I Encontro Presencial da Coordena\u00e7\u00e3o Ampliada dos Mission\u00e1rios Digitais e da Comiss\u00e3o Episcopal para a Comunica\u00e7\u00e3o Social da CNBB. A iniciativa reuniu representantes da Comiss\u00e3o e agentes que evangelizam no ambiente digital.<br \/>\n<img decoding=\"async\" src=\"https:\/\/www.cnbb.org.br\/wp-content\/uploads\/2025\/03\/Missionarios-digitais-2-portal.jpg\" \/><\/li>\n<\/ol>\n<p>&nbsp;<\/p>\n<h3>Campanha 2025<\/h3>\n<p>A Campanha para a Evangeliza\u00e7\u00e3o 2025 tem como tema <em><strong>\u201cHoje, \u00e9 preciso que eu fique na tua casa!\u201d,<\/strong><\/em> com inspira\u00e7\u00e3o b\u00edblica no Evangelho de Lucas 19, 5.<\/p>\n<p>O foco est\u00e1 na casa, refor\u00e7ando a import\u00e2ncia da acolhida de Jesus na interioridade de cada pessoa e da abertura da casa aos irm\u00e3os, fato importante nas primeiras comunidades crist\u00e3s e hoje, quando nem todos ainda venceram o isolamento causado pela pandemia da covid-19, visto que vivemos sob<br \/>\na influ\u00eancia de uma l\u00f3gica de isolamento social que serve ao paradigma tecnocr\u00e1tico: cada um por si.<\/p>\n<p>Nesta linha, tudo se encaminha para que a novas Diretrizes Gerais da A\u00e7\u00e3o Evangelizadora da Igreja no Brasil a serem aprovadas na 62\u00aa Assembleia Geral, em abril pr\u00f3ximo, traga como grande prioridade as pequenas comunidades de disc\u00edpulos mission\u00e1rios. Al\u00e9m disso, a CE 2025 far\u00e1 uma ponte entre a CF 2025 \u2013 Fraternidade e Ecologia Integral \u2013 e a CF 2026 \u2013 Fraternidade e Moradia \u2013, conduzindo-nos da Casa Comum \u00e0 casa de cada um.<\/p>\n<p>&nbsp;<\/p>\n<h3>Doe para a Coleta Nacional<\/h3>\n<p>No pr\u00f3ximo domingo,\u00a0 nas celebra\u00e7\u00f5es do 3\u00ba domingo do Advento (13 e 14), os cat\u00f3licos s\u00e3o convidados a doarem a sua oferta para a Campanha para a Evangeliza\u00e7\u00e3o nas celebra\u00e7\u00f5es. N\u00e3o se trata apenas de uma coleta, mas de uma doa\u00e7\u00e3o que vai apoiar iniciativas de evangeliza\u00e7\u00e3o em todo pa\u00eds. Evangeliza\u00e7\u00e3o que deseja chegar ao cora\u00e7\u00e3o e \u00e0 consci\u00eancia dos fi\u00e9is, ajudando-lhes a dar passos concretos e seguros no seguimento de Jesus, em conson\u00e2ncia com as Diretrizes Gerais da A\u00e7\u00e3o Evangelizadora da Igreja no Brasil.<\/p>\n<p><strong>Saiba mais em:<\/strong><br \/>\n<a href=\"https:\/\/campanhas.cnbb.org.br\/\" target=\"_blank\" rel=\"noopener\">campanhas.cnbb.org.br<\/a><\/p>\n","protected":false},"excerpt":{"rendered":"<p>Confira 10 iniciativas e eventos que receberam recursos da Campanha para Evangeliza\u00e7\u00e3o, seja para a sua realiza\u00e7\u00e3o, promo\u00e7\u00e3o ou para garantir a assessoria da equipe da Confer\u00eancia Episcopal. Essas a\u00e7\u00f5es utilizam dos 35% dos recursos enviados \u00e0 sede nacional da CNBB voltados para garantir iniciativas e estruturas nacionais de evangeliza\u00e7\u00e3o<\/p>\n","protected":false},"author":38,"featured_media":992710,"comment_status":"closed","ping_status":"closed","sticky":false,"template":"","format":"standard","meta":{"site-sidebar-layout":"default","site-content-layout":"default","ast-global-header-display":"","ast-banner-title-visibility":"","ast-main-header-display":"","ast-hfb-above-header-display":"","ast-hfb-below-header-display":"","ast-hfb-mobile-header-display":"","site-post-title":"","ast-breadcrumbs-content":"","ast-featured-img":"","footer-sml-layout":"","theme-transparent-header-meta":"default","adv-header-id-meta":"","stick-header-meta":"","header-above-stick-meta":"","header-main-stick-meta":"","header-below-stick-meta":""},"categories":[761,4718],"tags":[2851,6174],"acf":[],"_links":{"self":[{"href":"https:\/\/www.cnbb.org.br\/cnbb-app\/wp\/v2\/posts\/992696"}],"collection":[{"href":"https:\/\/www.cnbb.org.br\/cnbb-app\/wp\/v2\/posts"}],"about":[{"href":"https:\/\/www.cnbb.org.br\/cnbb-app\/wp\/v2\/types\/post"}],"author":[{"embeddable":true,"href":"https:\/\/www.cnbb.org.br\/cnbb-app\/wp\/v2\/users\/38"}],"replies":[{"embeddable":true,"href":"https:\/\/www.cnbb.org.br\/cnbb-app\/wp\/v2\/comments?post=992696"}],"version-history":[{"count":2,"href":"https:\/\/www.cnbb.org.br\/cnbb-app\/wp\/v2\/posts\/992696\/revisions"}],"predecessor-version":[{"id":992866,"href":"https:\/\/www.cnbb.org.br\/cnbb-app\/wp\/v2\/posts\/992696\/revisions\/992866"}],"wp:featuredmedia":[{"embeddable":true,"href":"https:\/\/www.cnbb.org.br\/cnbb-app\/wp\/v2\/media\/992710"}],"wp:attachment":[{"href":"https:\/\/www.cnbb.org.br\/cnbb-app\/wp\/v2\/media?parent=992696"}],"wp:term":[{"taxonomy":"category","embeddable":true,"href":"https:\/\/www.cnbb.org.br\/cnbb-app\/wp\/v2\/categories?post=992696"},{"taxonomy":"post_tag","embeddable":true,"href":"https:\/\/www.cnbb.org.br\/cnbb-app\/wp\/v2\/tags?post=992696"}],"curies":[{"name":"wp","href":"https:\/\/api.w.org\/{rel}","templated":true}]}}