{"id":992717,"date":"2025-12-15T09:16:53","date_gmt":"2025-12-15T12:16:53","guid":{"rendered":"https:\/\/www.cnbb.org.br\/?p=992717"},"modified":"2025-12-15T09:17:34","modified_gmt":"2025-12-15T12:17:34","slug":"3o-domingo-do-advento-ano-a","status":"publish","type":"post","link":"https:\/\/www.cnbb.org.br\/3o-domingo-do-advento-ano-a\/","title":{"rendered":"3\u00ba Domingo do Advento \u2013 Ano A\u00a0"},"content":{"rendered":"<p style=\"text-align: right;\"><b><span data-contrast=\"auto\">Dom Anuar Battisti<br \/>\nArcebispo Em\u00e9rito de Maring\u00e1 (PR)<\/p>\n<p><\/span><\/b><\/p>\n<p style=\"text-align: justify;\"><span data-contrast=\"auto\">Irm\u00e3os e irm\u00e3s, chegamos ao Terceiro Domingo do Advento, tradicionalmente chamado de Domingo da Alegria, o\u00a0Gaudete, porque a liturgia nos convida a exultar no Senhor que est\u00e1 perto. Estamos no tempo da espera, mas uma espera cheia de esperan\u00e7a. O Natal se aproxima, e a Igreja, como m\u00e3e vigilante, acende hoje a vela rosa para recordar que, mesmo em meio \u00e0 penit\u00eancia do Advento, j\u00e1 desponta a alegria daquele que vem.<\/span><span data-ccp-props=\"{&quot;201341983&quot;:0,&quot;335551550&quot;:6,&quot;335551620&quot;:6,&quot;335559731&quot;:709,&quot;335559739&quot;:160,&quot;335559740&quot;:278}\">\u00a0<\/span><\/p>\n<p style=\"text-align: justify;\"><span data-contrast=\"auto\">A primeira leitura, tirada do profeta Isa\u00edas (Is\u00a035,1-6a.10), apresenta um cen\u00e1rio de transforma\u00e7\u00e3o profunda: o deserto floresce, os lugares \u00e1ridos se cobrem de verde, a terra est\u00e9ril se torna jardim. Isa\u00edas anuncia que, quando Deus visitar o seu povo, tudo o que era seco, cansado e sem vida ser\u00e1 renovado.\u00a0<\/span><i><span data-contrast=\"auto\">\u201cFortalecei as m\u00e3os enfraquecidas, firmai os joelhos debilitados.\u201d<\/span><\/i><span data-contrast=\"auto\">\u00a0\u00c9 um chamado direto a n\u00f3s, que tantas vezes carregamos fadigas, medos e incertezas. A vinda do Senhor n\u00e3o \u00e9 um evento decorativo, mas revolucion\u00e1rio: \u201cos olhos dos cegos se abrir\u00e3o, os ouvidos dos surdos se destapar\u00e3o, o coxo saltar\u00e1 como um cervo.\u201d Deus vem para restaurar o que parecia perdido, para levantar os que haviam ca\u00eddo, para trazer alegria onde reinava o pranto. A promessa se cumpre plenamente em Jesus Cristo, e \u00e9 dele que brota a nossa esperan\u00e7a.<\/span><span data-ccp-props=\"{&quot;201341983&quot;:0,&quot;335551550&quot;:6,&quot;335551620&quot;:6,&quot;335559731&quot;:709,&quot;335559739&quot;:160,&quot;335559740&quot;:278}\">\u00a0<\/span><\/p>\n<p style=\"text-align: justify;\"><span data-contrast=\"auto\">O salmo responsorial (Sl\u00a0145) confirma essa certeza:\u00a0<\/span><i><span data-contrast=\"auto\">\u201cVinde, Senhor, para salvar o vosso povo.\u201d<\/span><\/i><span data-contrast=\"auto\">\u00a0Nele, proclamamos que Deus \u00e9 fiel, defensor dos oprimidos, sustent\u00e1culo dos que vacilam, libertador dos prisioneiros. A alegria crist\u00e3 n\u00e3o nasce de circunst\u00e2ncias favor\u00e1veis, mas da confian\u00e7a no Deus que age, que v\u00ea a dor dos seus, que abre caminhos imposs\u00edveis, que conduz sua Igreja e sua hist\u00f3ria. \u00c9 uma alegria que nasce do encontro com o Senhor.<\/span><span data-ccp-props=\"{&quot;201341983&quot;:0,&quot;335551550&quot;:6,&quot;335551620&quot;:6,&quot;335559731&quot;:709,&quot;335559739&quot;:160,&quot;335559740&quot;:278}\">\u00a0<\/span><\/p>\n<p style=\"text-align: justify;\"><span data-contrast=\"auto\">A segunda leitura, da carta de S\u00e3o Tiago (Tg\u00a05,7-10), nos d\u00e1 a medida espiritual para viver esse tempo:\u00a0<\/span><i><span data-contrast=\"auto\">\u201cSede pacientes at\u00e9 a vinda do Senhor.\u201d<\/span><\/i><span data-contrast=\"auto\">\u00a0A paci\u00eancia crist\u00e3 n\u00e3o \u00e9 passividade, mas vigil\u00e2ncia ativa; \u00e9 a perseveran\u00e7a de quem sabe que Deus \u00e9 fiel e cumpre suas promessas. O agricultor espera o fruto porque plantou; n\u00f3s esperamos o Senhor porque cremos. Tiago tamb\u00e9m nos alerta contra um mal que destr\u00f3i comunidades: murmura\u00e7\u00f5es, compara\u00e7\u00f5es, julgamentos. Em vez disso, sejamos firmes: o Senhor est\u00e1 perto. O Advento nos chama \u00e0 convers\u00e3o concreta do cotidiano.<\/span><span data-ccp-props=\"{&quot;201341983&quot;:0,&quot;335551550&quot;:6,&quot;335551620&quot;:6,&quot;335559731&quot;:709,&quot;335559739&quot;:160,&quot;335559740&quot;:278}\">\u00a0<\/span><\/p>\n<p style=\"text-align: justify;\"><span data-contrast=\"auto\">No Evangelho (Mt\u00a011,2-11), encontramos um epis\u00f3dio decisivo: Jo\u00e3o Batista, na pris\u00e3o, envia disc\u00edpulos para perguntar a Jesus<\/span><i><span data-contrast=\"auto\">: \u201c\u00c9s tu aquele que h\u00e1 de vir ou devemos esperar outro?\u201d<\/span><\/i><span data-contrast=\"auto\">\u00a0Jo\u00e3o havia anunciado um Messias forte, juiz do bem e do mal, portador do machado e do fogo. Mas Jesus se apresenta de modo diferente: humilde, compassivo, curando feridas, restaurando vidas, anunciando a miseric\u00f3rdia. A resposta de Jesus retoma Isa\u00edas: \u201cOs cegos veem, os coxos andam, os leprosos s\u00e3o purificados, os surdos ouvem, os mortos ressuscitam, e aos pobres \u00e9 anunciada a Boa-Nova.\u201d<\/span><span data-ccp-props=\"{&quot;201341983&quot;:0,&quot;335551550&quot;:6,&quot;335551620&quot;:6,&quot;335559731&quot;:708,&quot;335559739&quot;:160,&quot;335559740&quot;:278}\">\u00a0<\/span><\/p>\n<p style=\"text-align: justify;\"><span data-contrast=\"auto\">Jesus n\u00e3o responde com teorias, mas com obras. O Reino de Deus acontece onde a vida floresce, onde a dignidade \u00e9 restaurada, onde a miseric\u00f3rdia supera o rigor, onde a esperan\u00e7a vence o des\u00e2nimo.<\/span><span data-ccp-props=\"{&quot;201341983&quot;:0,&quot;335551550&quot;:6,&quot;335551620&quot;:6,&quot;335559731&quot;:708,&quot;335559739&quot;:160,&quot;335559740&quot;:278}\">\u00a0<\/span><\/p>\n<p style=\"text-align: justify;\"><span data-contrast=\"auto\">E depois Jesus proclama uma das frases mais surpreendentes do Evangelho: \u201cEm verdade, entre os nascidos de mulher, n\u00e3o surgiu ningu\u00e9m maior que Jo\u00e3o Batista.\u201d Jo\u00e3o \u00e9 o maior porque aponta totalmente para Cristo, porque esvazia-se de si para que o Filho de Deus seja reconhecido. Ele n\u00e3o busca honras, n\u00e3o reivindica privil\u00e9gios, n\u00e3o quer gl\u00f3rias. Sua miss\u00e3o \u00e9 clara: preparar o caminho.<\/span><span data-ccp-props=\"{&quot;201341983&quot;:0,&quot;335551550&quot;:6,&quot;335551620&quot;:6,&quot;335559731&quot;:709,&quot;335559739&quot;:160,&quot;335559740&quot;:278}\">\u00a0<\/span><\/p>\n<p style=\"text-align: justify;\"><span data-contrast=\"auto\">Irm\u00e3os e irm\u00e3s, nesse Terceiro Domingo do Advento, a Palavra nos chama \u00e0\u00a0<\/span><b><span data-contrast=\"auto\">alegria da esperan\u00e7a<\/span><\/b><span data-contrast=\"auto\">\u00a0e \u00e0\u00a0<\/span><b><span data-contrast=\"auto\">convers\u00e3o da vis\u00e3o<\/span><\/b><span data-contrast=\"auto\">. Como Jo\u00e3o, muitas vezes esperamos um Deus forte segundo os crit\u00e9rios humanos, mas Ele se apresenta na humildade; esperamos respostas r\u00e1pidas, mas Ele nos pede paci\u00eancia; esperamos solu\u00e7\u00f5es externas, mas Ele quer transformar o cora\u00e7\u00e3o.<\/span><span data-ccp-props=\"{&quot;201341983&quot;:0,&quot;335551550&quot;:6,&quot;335551620&quot;:6,&quot;335559731&quot;:709,&quot;335559739&quot;:160,&quot;335559740&quot;:278}\">\u00a0<\/span><\/p>\n<p style=\"text-align: justify;\"><span data-contrast=\"auto\">A alegria crist\u00e3 n\u00e3o \u00e9 um sentimento superficial. \u00c9 fruto da certeza de que Deus est\u00e1 perto, de que Ele n\u00e3o abandona o seu povo, de que sua luz j\u00e1 desponta sobre n\u00f3s. \u00c9 a alegria dos que sabem que a \u00faltima palavra n\u00e3o \u00e9 do medo, nem da viol\u00eancia, nem da tristeza, nem da morte \u2014 mas de Deus.<\/span><span data-ccp-props=\"{&quot;201341983&quot;:0,&quot;335551550&quot;:6,&quot;335551620&quot;:6,&quot;335559731&quot;:709,&quot;335559739&quot;:160,&quot;335559740&quot;:278}\">\u00a0<\/span><\/p>\n<p style=\"text-align: justify;\"><span data-contrast=\"auto\">Por isso, este domingo nos faz perguntar:<\/span><br \/>\n<i><span data-contrast=\"auto\">O que em mim ainda est\u00e1 deserto e precisa florescer?<\/span><\/i><br \/>\n<i><span data-contrast=\"auto\">Quais cansa\u00e7os precisam ser fortalecidos?<\/span><\/i><br \/>\n<i><span data-contrast=\"auto\">Tenho reconhecido os sinais de Deus ou espero um Messias \u00e0 minha imagem e semelhan\u00e7a?<\/span><\/i><br \/>\n<i><span data-contrast=\"auto\">Sou paci\u00eancia ou peso para os outros?<\/span><\/i><br \/>\n<i><span data-contrast=\"auto\">Sou sinal de alegria ou de des\u00e2nimo?<\/span><\/i><span data-ccp-props=\"{&quot;201341983&quot;:0,&quot;335559739&quot;:160,&quot;335559740&quot;:278}\">\u00a0<\/span><\/p>\n<p style=\"text-align: justify;\"><span data-contrast=\"auto\">O Natal est\u00e1 pr\u00f3ximo. O Senhor vem. Ele vem para n\u00f3s. Ele vem para nossa fam\u00edlia, nossa casa, nossa comunidade. Que esse Domingo da Alegria nos encontre de cora\u00e7\u00e3o aberto, conscientes de que a verdadeira alegria n\u00e3o nasce das luzes exteriores, mas do encontro\u00a0com Aquele\u00a0que ilumina tudo.<\/span><span data-ccp-props=\"{&quot;201341983&quot;:0,&quot;335551550&quot;:6,&quot;335551620&quot;:6,&quot;335559731&quot;:709,&quot;335559739&quot;:160,&quot;335559740&quot;:278}\">\u00a0<\/span><\/p>\n<p style=\"text-align: justify;\"><span data-contrast=\"auto\">Que Maria, a M\u00e3e da Esperan\u00e7a, nos acompanhe nesta semana. Que Jo\u00e3o Batista nos ensine a apontar sempre para Cristo. Que o Esp\u00edrito Santo fa\u00e7a florescer o deserto do nosso cora\u00e7\u00e3o.<\/span><span data-ccp-props=\"{&quot;201341983&quot;:0,&quot;335551550&quot;:6,&quot;335551620&quot;:6,&quot;335559731&quot;:709,&quot;335559739&quot;:160,&quot;335559740&quot;:278}\">\u00a0<\/span><\/p>\n<p style=\"text-align: justify;\"><span data-contrast=\"auto\">Alegrai-vos! O Senhor est\u00e1 perto.<\/span><span data-ccp-props=\"{&quot;201341983&quot;:0,&quot;335551550&quot;:6,&quot;335551620&quot;:6,&quot;335559731&quot;:709,&quot;335559739&quot;:160,&quot;335559740&quot;:278}\">\u00a0<\/span><\/p>\n<p style=\"text-align: justify;\">\n<p style=\"text-align: justify;\"><span data-ccp-props=\"{&quot;201341983&quot;:0,&quot;335559739&quot;:160,&quot;335559740&quot;:278}\">\u00a0<\/span><\/p>\n","protected":false},"excerpt":{"rendered":"<p>Dom Anuar Battisti Arcebispo Em\u00e9rito de Maring\u00e1 (PR) Irm\u00e3os e irm\u00e3s, chegamos ao Terceiro Domingo do Advento, tradicionalmente chamado de Domingo da Alegria, o\u00a0Gaudete, porque a liturgia nos convida a exultar no Senhor que est\u00e1 perto. Estamos no tempo da espera, mas uma espera cheia de esperan\u00e7a. O Natal se aproxima, e a Igreja, como &hellip;<\/p>\n<p class=\"read-more\"> <a class=\"\" href=\"https:\/\/www.cnbb.org.br\/3o-domingo-do-advento-ano-a\/\"> <span class=\"screen-reader-text\">3\u00ba Domingo do Advento \u2013 Ano A\u00a0<\/span> Leia mais &raquo;<\/a><\/p>\n","protected":false},"author":41,"featured_media":0,"comment_status":"closed","ping_status":"closed","sticky":false,"template":"","format":"standard","meta":{"site-sidebar-layout":"default","site-content-layout":"default","ast-global-header-display":"","ast-banner-title-visibility":"","ast-main-header-display":"","ast-hfb-above-header-display":"","ast-hfb-below-header-display":"","ast-hfb-mobile-header-display":"","site-post-title":"","ast-breadcrumbs-content":"","ast-featured-img":"","footer-sml-layout":"","theme-transparent-header-meta":"default","adv-header-id-meta":"","stick-header-meta":"","header-above-stick-meta":"","header-main-stick-meta":"","header-below-stick-meta":""},"categories":[758],"tags":[],"acf":[],"_links":{"self":[{"href":"https:\/\/www.cnbb.org.br\/cnbb-app\/wp\/v2\/posts\/992717"}],"collection":[{"href":"https:\/\/www.cnbb.org.br\/cnbb-app\/wp\/v2\/posts"}],"about":[{"href":"https:\/\/www.cnbb.org.br\/cnbb-app\/wp\/v2\/types\/post"}],"author":[{"embeddable":true,"href":"https:\/\/www.cnbb.org.br\/cnbb-app\/wp\/v2\/users\/41"}],"replies":[{"embeddable":true,"href":"https:\/\/www.cnbb.org.br\/cnbb-app\/wp\/v2\/comments?post=992717"}],"version-history":[{"count":2,"href":"https:\/\/www.cnbb.org.br\/cnbb-app\/wp\/v2\/posts\/992717\/revisions"}],"predecessor-version":[{"id":992719,"href":"https:\/\/www.cnbb.org.br\/cnbb-app\/wp\/v2\/posts\/992717\/revisions\/992719"}],"wp:attachment":[{"href":"https:\/\/www.cnbb.org.br\/cnbb-app\/wp\/v2\/media?parent=992717"}],"wp:term":[{"taxonomy":"category","embeddable":true,"href":"https:\/\/www.cnbb.org.br\/cnbb-app\/wp\/v2\/categories?post=992717"},{"taxonomy":"post_tag","embeddable":true,"href":"https:\/\/www.cnbb.org.br\/cnbb-app\/wp\/v2\/tags?post=992717"}],"curies":[{"name":"wp","href":"https:\/\/api.w.org\/{rel}","templated":true}]}}