{"id":992737,"date":"2025-12-15T12:09:35","date_gmt":"2025-12-15T15:09:35","guid":{"rendered":"https:\/\/www.cnbb.org.br\/?p=992737"},"modified":"2025-12-15T13:42:15","modified_gmt":"2025-12-15T16:42:15","slug":"papa-leao-jubileu-encarcerados-que-ninguem-se-perca","status":"publish","type":"post","link":"https:\/\/www.cnbb.org.br\/papa-leao-jubileu-encarcerados-que-ninguem-se-perca\/","title":{"rendered":"Papa Le\u00e3o XIV no Jubileu dos encarcerados: \u201cQue ningu\u00e9m se perca! Que todos sejam salvos!\u201d"},"content":{"rendered":"<p>O Papa Le\u00e3o XIV presidiu a Missa do Terceiro Domingo do Advento &#8211; o domingo Gaudete &#8211; na Bas\u00edlica de S\u00e3o Pedro, quando celebrou o Jubileu dos Reclusos. A celebra\u00e7\u00e3o teve a presen\u00e7a da coordena\u00e7\u00e3o da Pastoral Carcer\u00e1ria do Brasil entre os cerca de 7,5 mil peregrinos, de 90 pa\u00edses. Em sua homilia, o pont\u00edfice destacou a repara\u00e7\u00e3o, a reconcilia\u00e7\u00e3o e o chamado \u00e0 convers\u00e3o que o jubileu apresenta aos que cumprem alguma pena.<\/p>\n<p>Na realidade dos c\u00e1rceres, a tarefa que o Senhor confia aos reclusos e aos respons\u00e1veis pelo mundo carcer\u00e1rio \u00e9 &#8220;que ningu\u00e9m se perca&#8221;.<\/p>\n<blockquote><p>&#8220;Que todos sejam salvos! \u00c9 quanto deseja o nosso Deus, nisto consiste o seu Reino, em tal sentido se orienta a sua a\u00e7\u00e3o no mundo&#8221;, afirmou Le\u00e3o XIV.<\/p><\/blockquote>\n<h3>Dimens\u00e3o luminosa da espera<\/h3>\n<p>No in\u00edcio da homilia, o Papa recordou a proposta lit\u00fargica da Igreja para este domingo da Alegria, quando foi lembrada a &#8220;dimens\u00e3o luminosa da espera: a confian\u00e7a de que algo de belo e alegre acontecer\u00e1&#8221;.<\/p>\n<p>Le\u00e3o lembrou da abertura da Porta Santa feita pelo Papa Francisco na Penitenci\u00e1ria de Rebibbia, em 2024, quando convidou a manter a corda na m\u00e3o, com a \u00e2ncora da esperan\u00e7a, e o cora\u00e7\u00e3o com as portas escancaradas. Assim, o convite lan\u00e7ado por Francisco foi &#8220;a manter viva a f\u00e9 na vida que nos espera e a acreditar sempre na possibilidade de um futuro melhor&#8221;, e ao mesmo tempo, &#8220;ser, com cora\u00e7\u00e3o generoso, agentes de justi\u00e7a e caridade nos ambientes em que vivemos&#8221;.<\/p>\n<h3>Chamado \u00e0 convers\u00e3o<\/h3>\n<p>O Papa citou a leitura do livro do profeta Isa\u00edas (Is 35, 10), a qual recorda que Deus \u00e9 quem resgata e liberta, e que aponta uma &#8220;importante e exigente miss\u00e3o para todos&#8221; a qual deve ser realizada com &#8220;tenacidade, coragem e esp\u00edrito de colabora\u00e7\u00e3o&#8221;, compreendendo que &#8220;depois de cada queda deve ser poss\u00edvel levantar-se, que nenhum ser humano se reduz ao que fez e que a justi\u00e7a \u00e9 sempre um processo de repara\u00e7\u00e3o e reconcilia\u00e7\u00e3o&#8221;.<\/p>\n<blockquote><p>&#8220;Quando, mesmo em condi\u00e7\u00f5es dif\u00edceis, se conservam a beleza dos sentimentos, a sensibilidade, a aten\u00e7\u00e3o \u00e0s necessidades dos outros, o respeito, a capacidade de miseric\u00f3rdia e perd\u00e3o, ent\u00e3o, da terra dura do sofrimento e do pecado, brotam flores maravilhosas e, mesmo entre as paredes das pris\u00f5es, amadurecem gestos, projetos e encontros \u00fanicos em humanidade&#8221;.<\/p>\n<p>[&#8230;] O Jubileu \u00e9 um chamamento \u00e0 convers\u00e3o, sendo precisamente por isso motivo de esperan\u00e7a e alegria, disse o Papa.<\/p><\/blockquote>\n<p><img decoding=\"async\" loading=\"lazy\" class=\"aligncenter size-full wp-image-992738\" src=\"https:\/\/www.cnbb.org.br\/wp-content\/uploads\/2025\/12\/3o-Domingo-Advento.jpg\" alt=\"\" width=\"860\" height=\"512\" srcset=\"https:\/\/www.cnbb.org.br\/wp-content\/uploads\/2025\/12\/3o-Domingo-Advento.jpg 860w, https:\/\/www.cnbb.org.br\/wp-content\/uploads\/2025\/12\/3o-Domingo-Advento-300x179.jpg 300w, https:\/\/www.cnbb.org.br\/wp-content\/uploads\/2025\/12\/3o-Domingo-Advento-768x457.jpg 768w, https:\/\/www.cnbb.org.br\/wp-content\/uploads\/2025\/12\/3o-Domingo-Advento-500x298.jpg 500w\" sizes=\"(max-width: 860px) 100vw, 860px\" \/><\/p>\n<p>&nbsp;<\/p>\n<h3>Oportunidade de recome\u00e7ar<\/h3>\n<p>O Papa convidou a promover, com destaque particular para as pris\u00f5es, a civiliza\u00e7\u00e3o do amor, fundada especialmente sobre a caridade, e motivou &#8211; recordando o pedido do Papa Francisco &#8211; a promover formas de dar \u00e0s pessoas a possibilidade de recome\u00e7ar, a partir do que era oferecido na origem b\u00edblica dos jubileus.<\/p>\n<p>No ano passado, o Papa Francisco prop\u00f4s que, por ocasi\u00e3o do Ano Santo, fossem tamb\u00e9m concedidas &#8220;formas de anistia ou de perd\u00e3o da pena, que ajudem as pessoas a recuperar a confian\u00e7a em si mesmas e na sociedade&#8221;, e a oferecidas oportunidades concretas de reinser\u00e7\u00e3o.<\/p>\n<blockquote><p>Estou confiante de que em muitos pa\u00edses se dar\u00e1 seguimento ao seu desejo, disse o Papa Le\u00e3o.<\/p><\/blockquote>\n<p><a href=\"https:\/\/www.vatican.va\/content\/leo-xiv\/pt\/homilies\/2025\/documents\/20251214-giubileo-detenuti.html\" target=\"_blank\" rel=\"noopener\">Leia a homilia na \u00edntegra.<\/a><\/p>\n<p>&nbsp;<\/p>\n<h3>Pastoral Carcer\u00e1ria<\/h3>\n<p>A coordenadora nacional da Pastoral Carcer\u00e1ria, irm\u00e3 Petra Sfa partilhou nas redes sociais da Pastoral Carcer\u00e1ria do Brasil a emo\u00e7\u00e3o de celebrar junto com o mundo inteiro o Jubileu dos Reclusos em Roma. Ela saudou as pessoas encarceradas e seus familiares e os agentes da Pastoral Carcer\u00e1ria do Brasil.<\/p>\n<p>O padre Vitor C\u00e9sar Zille Noronha, presb\u00edtero da arquidiocese de Vit\u00f3ria e agente da Pastoral Carcer\u00e1ria, comentou a homilia do Papa, destacando a profecia &#8220;que n\u00e3o deixa ningu\u00e9m pelo caminho e que anuncia que a salva\u00e7\u00e3o, a vida nova, a restaura\u00e7\u00e3o chega a todos&#8221;<\/p>\n<blockquote><p>&#8220;Somos chamados a sermos instrumento dessa miseric\u00f3rdia &#8211; que chegue aos grupos da Pastoral, mas tamb\u00e9m aos c\u00e1rceres do Brasil&#8221;, desejou.<\/p><\/blockquote>\n<p>&nbsp;<\/p>\n<pre>Fotos: Vatican Media<\/pre>\n","protected":false},"excerpt":{"rendered":"<p>A celebra\u00e7\u00e3o teve a presen\u00e7a da coordena\u00e7\u00e3o da Pastoral Carcer\u00e1ria do Brasil entre os cerca de 7,5 mil peregrinos, de 90 pa\u00edses. Em sua homilia, o pont\u00edfice destacou a repara\u00e7\u00e3o, a reconcilia\u00e7\u00e3o e o chamado \u00e0 convers\u00e3o que o jubileu apresenta aos que cumprem alguma pena<\/p>\n","protected":false},"author":38,"featured_media":992739,"comment_status":"closed","ping_status":"closed","sticky":false,"template":"","format":"standard","meta":{"site-sidebar-layout":"default","site-content-layout":"default","ast-global-header-display":"","ast-banner-title-visibility":"","ast-main-header-display":"","ast-hfb-above-header-display":"","ast-hfb-below-header-display":"","ast-hfb-mobile-header-display":"","site-post-title":"","ast-breadcrumbs-content":"","ast-featured-img":"","footer-sml-layout":"","theme-transparent-header-meta":"default","adv-header-id-meta":"","stick-header-meta":"","header-above-stick-meta":"","header-main-stick-meta":"","header-below-stick-meta":""},"categories":[767,50,784],"tags":[],"acf":[],"_links":{"self":[{"href":"https:\/\/www.cnbb.org.br\/cnbb-app\/wp\/v2\/posts\/992737"}],"collection":[{"href":"https:\/\/www.cnbb.org.br\/cnbb-app\/wp\/v2\/posts"}],"about":[{"href":"https:\/\/www.cnbb.org.br\/cnbb-app\/wp\/v2\/types\/post"}],"author":[{"embeddable":true,"href":"https:\/\/www.cnbb.org.br\/cnbb-app\/wp\/v2\/users\/38"}],"replies":[{"embeddable":true,"href":"https:\/\/www.cnbb.org.br\/cnbb-app\/wp\/v2\/comments?post=992737"}],"version-history":[{"count":4,"href":"https:\/\/www.cnbb.org.br\/cnbb-app\/wp\/v2\/posts\/992737\/revisions"}],"predecessor-version":[{"id":992747,"href":"https:\/\/www.cnbb.org.br\/cnbb-app\/wp\/v2\/posts\/992737\/revisions\/992747"}],"wp:featuredmedia":[{"embeddable":true,"href":"https:\/\/www.cnbb.org.br\/cnbb-app\/wp\/v2\/media\/992739"}],"wp:attachment":[{"href":"https:\/\/www.cnbb.org.br\/cnbb-app\/wp\/v2\/media?parent=992737"}],"wp:term":[{"taxonomy":"category","embeddable":true,"href":"https:\/\/www.cnbb.org.br\/cnbb-app\/wp\/v2\/categories?post=992737"},{"taxonomy":"post_tag","embeddable":true,"href":"https:\/\/www.cnbb.org.br\/cnbb-app\/wp\/v2\/tags?post=992737"}],"curies":[{"name":"wp","href":"https:\/\/api.w.org\/{rel}","templated":true}]}}