{"id":992742,"date":"2025-12-15T12:55:02","date_gmt":"2025-12-15T15:55:02","guid":{"rendered":"https:\/\/www.cnbb.org.br\/?p=992742"},"modified":"2025-12-15T12:55:34","modified_gmt":"2025-12-15T15:55:34","slug":"eis-que-a-virgem-concebera-e-dara-a-luz-um-filho","status":"publish","type":"post","link":"https:\/\/www.cnbb.org.br\/eis-que-a-virgem-concebera-e-dara-a-luz-um-filho\/","title":{"rendered":"\u201cEis que a virgem conceber\u00e1 e dar\u00e1 \u00e0 luz um filho\u201d\u00a0"},"content":{"rendered":"<div style=\"text-align: right;\"><strong>Dom Antonio Carlos Rossi Keller<\/strong><\/div>\n<p style=\"text-align: right;\" data-ccp-border-bottom=\"0px none #000000\" data-ccp-padding-bottom=\"0px\" aria-level=\"3\"><strong>Bispo de Frederico Westphalen (RS)<\/strong><\/p>\n<p style=\"text-align: justify;\" data-ccp-border-top=\"0px none #000000\" data-ccp-padding-top=\"0px\" data-ccp-border-bottom=\"0px none #000000\" data-ccp-padding-bottom=\"0px\" aria-level=\"3\"><strong>\u00a0<\/strong><\/p>\n<p style=\"text-align: justify;\" data-ccp-border-top=\"0px none #000000\" data-ccp-padding-top=\"0px\" data-ccp-border-bottom=\"0px none #000000\" data-ccp-padding-bottom=\"0px\"><span data-contrast=\"none\">No limiar do Natal, o quarto domingo do Advento nos convida a contemplar a imin\u00eancia do mist\u00e9rio da Encarna\u00e7\u00e3o. Enquanto os domingos anteriores nos preparavam com chamados \u00e0 vigil\u00e2ncia e \u00e0 convers\u00e3o, este nos mostra a concretude do amor de Deus: Ele envia seu Filho n\u00e3o de forma abstrata, mas encarnado em uma fam\u00edlia, em um tempo e em um lugar.<\/span><span data-ccp-props=\"{&quot;201341983&quot;:0,&quot;335551550&quot;:6,&quot;335551620&quot;:6,&quot;335559739&quot;:0,&quot;335559740&quot;:360,&quot;335572071&quot;:0,&quot;335572072&quot;:0,&quot;335572073&quot;:0,&quot;335572075&quot;:0,&quot;335572076&quot;:0,&quot;335572077&quot;:0,&quot;335572079&quot;:0,&quot;335572080&quot;:0,&quot;335572081&quot;:0,&quot;335572083&quot;:0,&quot;335572084&quot;:0,&quot;335572085&quot;:0,&quot;469789798&quot;:&quot;none&quot;,&quot;469789802&quot;:&quot;none&quot;,&quot;469789806&quot;:&quot;none&quot;,&quot;469789810&quot;:&quot;none&quot;}\">\u00a0<\/span><\/p>\n<p style=\"text-align: justify;\" data-ccp-border-top=\"0px none #000000\" data-ccp-padding-top=\"0px\" data-ccp-border-bottom=\"0px none #000000\" data-ccp-padding-bottom=\"0px\"><span data-contrast=\"none\">O tema central deste domingo \u00e9 a\u00a0<\/span><b><span data-contrast=\"none\">entrega confiante \u00e0 vontade de Deus<\/span><\/b><span data-contrast=\"none\">, personificada nas figuras de Maria e Jos\u00e9. Ambos s\u00e3o chamados a acolher um mist\u00e9rio que ultrapassa a raz\u00e3o humana: o nascimento de Jesus, o Emanuel \u2014 \u201cDeus conosco\u201d. Diante do inesperado, n\u00e3o reagem com medo ou resist\u00eancia, mas com f\u00e9 e obedi\u00eancia. \u00c9 nessa atitude de acolhida que se prepara verdadeiramente o caminho do Senhor.<\/span><span data-ccp-props=\"{&quot;201341983&quot;:0,&quot;335551550&quot;:6,&quot;335551620&quot;:6,&quot;335559739&quot;:0,&quot;335559740&quot;:360,&quot;335572071&quot;:0,&quot;335572072&quot;:0,&quot;335572073&quot;:0,&quot;335572075&quot;:0,&quot;335572076&quot;:0,&quot;335572077&quot;:0,&quot;335572079&quot;:0,&quot;335572080&quot;:0,&quot;335572081&quot;:0,&quot;335572083&quot;:0,&quot;335572084&quot;:0,&quot;335572085&quot;:0,&quot;469789798&quot;:&quot;none&quot;,&quot;469789802&quot;:&quot;none&quot;,&quot;469789806&quot;:&quot;none&quot;,&quot;469789810&quot;:&quot;none&quot;}\">\u00a0<\/span><\/p>\n<p style=\"text-align: justify;\" data-ccp-border-top=\"0px none #000000\" data-ccp-padding-top=\"0px\" data-ccp-border-bottom=\"0px none #000000\" data-ccp-padding-bottom=\"0px\"><b><span data-contrast=\"none\">Primeira Leitura \u2013 Isa\u00edas 7,10-14<\/span><\/b><span data-ccp-props=\"{&quot;201341983&quot;:0,&quot;335551550&quot;:6,&quot;335551620&quot;:6,&quot;335559739&quot;:0,&quot;335559740&quot;:360,&quot;335572071&quot;:0,&quot;335572072&quot;:0,&quot;335572073&quot;:0,&quot;335572075&quot;:0,&quot;335572076&quot;:0,&quot;335572077&quot;:0,&quot;335572079&quot;:0,&quot;335572080&quot;:0,&quot;335572081&quot;:0,&quot;335572083&quot;:0,&quot;335572084&quot;:0,&quot;335572085&quot;:0,&quot;469789798&quot;:&quot;none&quot;,&quot;469789802&quot;:&quot;none&quot;,&quot;469789806&quot;:&quot;none&quot;,&quot;469789810&quot;:&quot;none&quot;}\">\u00a0<\/span><\/p>\n<p style=\"text-align: justify;\" data-ccp-border-top=\"0px none #000000\" data-ccp-padding-top=\"0px\" data-ccp-border-bottom=\"0px none #000000\" data-ccp-padding-bottom=\"0px\"><span data-contrast=\"none\">No contexto de crise pol\u00edtica e medo que envolve o rei Acaz, o profeta Isa\u00edas lhe oferece um sinal de esperan\u00e7a: \u201c<\/span><i><span data-contrast=\"none\">Eis que a virgem conceber\u00e1 e dar\u00e1 \u00e0 luz um filho, e lhe por\u00e1 o nome de Emanuel<\/span><\/i><span data-contrast=\"none\">\u201d. Embora o texto original tenha um significado imediato ligado \u00e0 situa\u00e7\u00e3o da \u00e9poca, a Igreja reconhece nele uma profecia messi\u00e2nica que encontra seu pleno cumprimento no nascimento de Jesus.<\/span><span data-ccp-props=\"{&quot;201341983&quot;:0,&quot;335551550&quot;:6,&quot;335551620&quot;:6,&quot;335559739&quot;:0,&quot;335559740&quot;:360,&quot;335572071&quot;:0,&quot;335572072&quot;:0,&quot;335572073&quot;:0,&quot;335572075&quot;:0,&quot;335572076&quot;:0,&quot;335572077&quot;:0,&quot;335572079&quot;:0,&quot;335572080&quot;:0,&quot;335572081&quot;:0,&quot;335572083&quot;:0,&quot;335572084&quot;:0,&quot;335572085&quot;:0,&quot;469789798&quot;:&quot;none&quot;,&quot;469789802&quot;:&quot;none&quot;,&quot;469789806&quot;:&quot;none&quot;,&quot;469789810&quot;:&quot;none&quot;}\">\u00a0<\/span><\/p>\n<p style=\"text-align: justify;\" data-ccp-border-top=\"0px none #000000\" data-ccp-padding-top=\"0px\" data-ccp-border-bottom=\"0px none #000000\" data-ccp-padding-bottom=\"0px\"><span data-contrast=\"none\">O nome \u201cEmanuel\u201d ressoa como uma promessa: Deus n\u00e3o permanece distante, mas entra na hist\u00f3ria humana com ternura e proximidade. \u00c9 um convite \u00e0 confian\u00e7a: mesmo nos tempos de incerteza, Deus est\u00e1 conosco.<\/span><span data-ccp-props=\"{&quot;201341983&quot;:0,&quot;335551550&quot;:6,&quot;335551620&quot;:6,&quot;335559739&quot;:0,&quot;335559740&quot;:360,&quot;335572071&quot;:0,&quot;335572072&quot;:0,&quot;335572073&quot;:0,&quot;335572075&quot;:0,&quot;335572076&quot;:0,&quot;335572077&quot;:0,&quot;335572079&quot;:0,&quot;335572080&quot;:0,&quot;335572081&quot;:0,&quot;335572083&quot;:0,&quot;335572084&quot;:0,&quot;335572085&quot;:0,&quot;469789798&quot;:&quot;none&quot;,&quot;469789802&quot;:&quot;none&quot;,&quot;469789806&quot;:&quot;none&quot;,&quot;469789810&quot;:&quot;none&quot;}\">\u00a0<\/span><\/p>\n<p style=\"text-align: justify;\" data-ccp-border-top=\"0px none #000000\" data-ccp-padding-top=\"0px\" data-ccp-border-bottom=\"0px none #000000\" data-ccp-padding-bottom=\"0px\"><b><span data-contrast=\"none\">Segunda Leitura \u2013 Romanos 1,1-7<\/span><\/b><span data-ccp-props=\"{&quot;201341983&quot;:0,&quot;335551550&quot;:6,&quot;335551620&quot;:6,&quot;335559739&quot;:0,&quot;335559740&quot;:360,&quot;335572071&quot;:0,&quot;335572072&quot;:0,&quot;335572073&quot;:0,&quot;335572075&quot;:0,&quot;335572076&quot;:0,&quot;335572077&quot;:0,&quot;335572079&quot;:0,&quot;335572080&quot;:0,&quot;335572081&quot;:0,&quot;335572083&quot;:0,&quot;335572084&quot;:0,&quot;335572085&quot;:0,&quot;469789798&quot;:&quot;none&quot;,&quot;469789802&quot;:&quot;none&quot;,&quot;469789806&quot;:&quot;none&quot;,&quot;469789810&quot;:&quot;none&quot;}\">\u00a0<\/span><\/p>\n<p style=\"text-align: justify;\" data-ccp-border-top=\"0px none #000000\" data-ccp-padding-top=\"0px\" data-ccp-border-bottom=\"0px none #000000\" data-ccp-padding-bottom=\"0px\"><span data-contrast=\"none\">Paulo inicia sua carta aos Romanos apresentando Jesus Cristo como \u201c<\/span><i><span data-contrast=\"none\">Filho de Davi segundo a carn<\/span><\/i><span data-contrast=\"none\">e\u201d e \u201c<\/span><i><span data-contrast=\"none\">Filho de Deus em poder, segundo o Esp\u00edrito de santifica\u00e7\u00e3o<\/span><\/i><span data-contrast=\"none\">\u201d. Ele \u00e9 o cumprimento das promessas feitas aos patriarcas e o centro da miss\u00e3o apost\u00f3lica: levar a todos os povos a obedi\u00eancia da f\u00e9.<\/span><span data-ccp-props=\"{&quot;201341983&quot;:0,&quot;335551550&quot;:6,&quot;335551620&quot;:6,&quot;335559739&quot;:0,&quot;335559740&quot;:360,&quot;335572071&quot;:0,&quot;335572072&quot;:0,&quot;335572073&quot;:0,&quot;335572075&quot;:0,&quot;335572076&quot;:0,&quot;335572077&quot;:0,&quot;335572079&quot;:0,&quot;335572080&quot;:0,&quot;335572081&quot;:0,&quot;335572083&quot;:0,&quot;335572084&quot;:0,&quot;335572085&quot;:0,&quot;469789798&quot;:&quot;none&quot;,&quot;469789802&quot;:&quot;none&quot;,&quot;469789806&quot;:&quot;none&quot;,&quot;469789810&quot;:&quot;none&quot;}\">\u00a0<\/span><\/p>\n<p style=\"text-align: justify;\" data-ccp-border-top=\"0px none #000000\" data-ccp-padding-top=\"0px\" data-ccp-border-bottom=\"0px none #000000\" data-ccp-padding-bottom=\"0px\"><span data-contrast=\"none\">Neste trecho, a identidade de Jesus \u00e9 claramente afirmada: Ele \u00e9 verdadeiro homem, descendente de Davi, e verdadeiro Deus, Filho do Pai. Sua vinda inaugura uma nova era, na qual somos chamados a viver como \u201csantos\u201d \u2014 isto \u00e9, consagrados a Deus e abertos \u00e0 sua gra\u00e7a.<\/span><span data-ccp-props=\"{&quot;201341983&quot;:0,&quot;335551550&quot;:6,&quot;335551620&quot;:6,&quot;335559739&quot;:0,&quot;335559740&quot;:360,&quot;335572071&quot;:0,&quot;335572072&quot;:0,&quot;335572073&quot;:0,&quot;335572075&quot;:0,&quot;335572076&quot;:0,&quot;335572077&quot;:0,&quot;335572079&quot;:0,&quot;335572080&quot;:0,&quot;335572081&quot;:0,&quot;335572083&quot;:0,&quot;335572084&quot;:0,&quot;335572085&quot;:0,&quot;469789798&quot;:&quot;none&quot;,&quot;469789802&quot;:&quot;none&quot;,&quot;469789806&quot;:&quot;none&quot;,&quot;469789810&quot;:&quot;none&quot;}\">\u00a0<\/span><\/p>\n<p style=\"text-align: justify;\" data-ccp-border-top=\"0px none #000000\" data-ccp-padding-top=\"0px\" data-ccp-border-bottom=\"0px none #000000\" data-ccp-padding-bottom=\"0px\"><b><span data-contrast=\"none\">Evangelho \u2013 Mateus 1,18-24<\/span><\/b><span data-ccp-props=\"{&quot;201341983&quot;:0,&quot;335551550&quot;:6,&quot;335551620&quot;:6,&quot;335559739&quot;:0,&quot;335559740&quot;:360,&quot;335572071&quot;:0,&quot;335572072&quot;:0,&quot;335572073&quot;:0,&quot;335572075&quot;:0,&quot;335572076&quot;:0,&quot;335572077&quot;:0,&quot;335572079&quot;:0,&quot;335572080&quot;:0,&quot;335572081&quot;:0,&quot;335572083&quot;:0,&quot;335572084&quot;:0,&quot;335572085&quot;:0,&quot;469789798&quot;:&quot;none&quot;,&quot;469789802&quot;:&quot;none&quot;,&quot;469789806&quot;:&quot;none&quot;,&quot;469789810&quot;:&quot;none&quot;}\">\u00a0<\/span><\/p>\n<p style=\"text-align: justify;\" data-ccp-border-top=\"0px none #000000\" data-ccp-padding-top=\"0px\" data-ccp-border-bottom=\"0px none #000000\" data-ccp-padding-bottom=\"0px\"><span data-contrast=\"none\">Mateus nos apresenta S\u00e3o Jos\u00e9 como um \u201c<\/span><i><span data-contrast=\"none\">homem justo<\/span><\/i><span data-contrast=\"none\">\u201d, sens\u00edvel \u00e0 lei, mas ainda mais \u00e0 miseric\u00f3rdia. Diante da gravidez inexplic\u00e1vel de Maria, ele planeja deix\u00e1-la em segredo, para n\u00e3o\u00a0exp\u00f4-la\u00a0\u00e0 vergonha. Mas, em sonho, o anjo do Senhor lhe revela o mist\u00e9rio: o filho que ela espera \u00e9 obra do Esp\u00edrito Santo, e ele dever\u00e1 receb\u00ea-lo como seu, chamando-o Jesus \u2014 \u201c<\/span><i><span data-contrast=\"none\">porque ele salvar\u00e1 o seu povo dos seus pecados<\/span><\/i><span data-contrast=\"none\">\u201d.<\/span><span data-ccp-props=\"{&quot;201341983&quot;:0,&quot;335551550&quot;:6,&quot;335551620&quot;:6,&quot;335559739&quot;:0,&quot;335559740&quot;:360,&quot;335572071&quot;:0,&quot;335572072&quot;:0,&quot;335572073&quot;:0,&quot;335572075&quot;:0,&quot;335572076&quot;:0,&quot;335572077&quot;:0,&quot;335572079&quot;:0,&quot;335572080&quot;:0,&quot;335572081&quot;:0,&quot;335572083&quot;:0,&quot;335572084&quot;:0,&quot;335572085&quot;:0,&quot;469789798&quot;:&quot;none&quot;,&quot;469789802&quot;:&quot;none&quot;,&quot;469789806&quot;:&quot;none&quot;,&quot;469789810&quot;:&quot;none&quot;}\">\u00a0<\/span><\/p>\n<p style=\"text-align: justify;\" data-ccp-border-top=\"0px none #000000\" data-ccp-padding-top=\"0px\" data-ccp-border-bottom=\"0px none #000000\" data-ccp-padding-bottom=\"0px\"><span data-contrast=\"none\">Jos\u00e9, ent\u00e3o, obedece sem hesitar. Sua resposta silenciosa \u00e9 t\u00e3o decisiva quanto o \u201csim\u201d de Maria. Ele acolhe o projeto de Deus, tornando-se protetor da Sagrada Fam\u00edlia e guardi\u00e3o do mist\u00e9rio da Encarna\u00e7\u00e3o. Sua justi\u00e7a n\u00e3o \u00e9 legalista, mas cheia de f\u00e9, disponibilidade e coragem.<\/span><span data-ccp-props=\"{&quot;201341983&quot;:0,&quot;335551550&quot;:6,&quot;335551620&quot;:6,&quot;335559739&quot;:0,&quot;335559740&quot;:360,&quot;335572071&quot;:0,&quot;335572072&quot;:0,&quot;335572073&quot;:0,&quot;335572075&quot;:0,&quot;335572076&quot;:0,&quot;335572077&quot;:0,&quot;335572079&quot;:0,&quot;335572080&quot;:0,&quot;335572081&quot;:0,&quot;335572083&quot;:0,&quot;335572084&quot;:0,&quot;335572085&quot;:0,&quot;469789798&quot;:&quot;none&quot;,&quot;469789802&quot;:&quot;none&quot;,&quot;469789806&quot;:&quot;none&quot;,&quot;469789810&quot;:&quot;none&quot;}\">\u00a0<\/span><\/p>\n<p style=\"text-align: justify;\" data-ccp-border-top=\"0px none #000000\" data-ccp-padding-top=\"0px\" aria-level=\"3\"><span data-contrast=\"none\">Para Viver a Mensagem do Domingo<\/span><span data-ccp-props=\"{&quot;134245418&quot;:true,&quot;201341983&quot;:0,&quot;335551550&quot;:6,&quot;335551620&quot;:6,&quot;335559738&quot;:0,&quot;335559739&quot;:0,&quot;335559740&quot;:360,&quot;335572071&quot;:0,&quot;335572072&quot;:0,&quot;335572073&quot;:0,&quot;335572075&quot;:0,&quot;335572076&quot;:0,&quot;335572077&quot;:0,&quot;335572079&quot;:0,&quot;335572080&quot;:0,&quot;335572081&quot;:0,&quot;335572083&quot;:0,&quot;335572084&quot;:0,&quot;335572085&quot;:0,&quot;469789798&quot;:&quot;none&quot;,&quot;469789802&quot;:&quot;none&quot;,&quot;469789806&quot;:&quot;none&quot;,&quot;469789810&quot;:&quot;none&quot;}\">\u00a0<\/span><\/p>\n<p style=\"text-align: justify;\"><b><span data-contrast=\"none\">Acolher o inesperado com f\u00e9<\/span><\/b><span data-contrast=\"none\">\u00a0\u2013 Assim como Jos\u00e9, somos convidados a confiar mesmo quando n\u00e3o compreendemos totalmente os caminhos de Deus. Na vida familiar, no trabalho ou nas rela\u00e7\u00f5es\u00a0humanas, busquemos discernir a vontade de Deus com serenidade e abertura.<\/span><span data-ccp-props=\"{&quot;201341983&quot;:0,&quot;335551550&quot;:6,&quot;335551620&quot;:6,&quot;335559739&quot;:0,&quot;335559740&quot;:360,&quot;335572071&quot;:0,&quot;335572072&quot;:0,&quot;335572073&quot;:0,&quot;335572075&quot;:0,&quot;335572076&quot;:0,&quot;335572077&quot;:0,&quot;335572079&quot;:0,&quot;335572080&quot;:0,&quot;335572081&quot;:0,&quot;335572083&quot;:0,&quot;335572084&quot;:0,&quot;335572085&quot;:0,&quot;469777462&quot;:[709],&quot;469777927&quot;:[0],&quot;469777928&quot;:[1],&quot;469789798&quot;:&quot;none&quot;,&quot;469789802&quot;:&quot;none&quot;,&quot;469789806&quot;:&quot;none&quot;,&quot;469789810&quot;:&quot;none&quot;}\">\u00a0<\/span><\/p>\n<p style=\"text-align: justify;\"><b><span data-contrast=\"none\">Preparar o cora\u00e7\u00e3o para o Natal com gestos concretos<\/span><\/b><span data-contrast=\"none\">\u00a0\u2013 Em vez de\u00a0nos\u00a0perdermos apenas nos preparativos materiais, reservemos um tempo para o sil\u00eancio, a ora\u00e7\u00e3o e a escuta da Palavra, abrindo espa\u00e7o interior para o nascimento de Cristo.<\/span><span data-ccp-props=\"{&quot;201341983&quot;:0,&quot;335551550&quot;:6,&quot;335551620&quot;:6,&quot;335559739&quot;:0,&quot;335559740&quot;:360,&quot;335572071&quot;:0,&quot;335572072&quot;:0,&quot;335572073&quot;:0,&quot;335572075&quot;:0,&quot;335572076&quot;:0,&quot;335572077&quot;:0,&quot;335572079&quot;:0,&quot;335572080&quot;:0,&quot;335572081&quot;:0,&quot;335572083&quot;:0,&quot;335572084&quot;:0,&quot;335572085&quot;:0,&quot;469777462&quot;:[709],&quot;469777927&quot;:[0],&quot;469777928&quot;:[1],&quot;469789798&quot;:&quot;none&quot;,&quot;469789802&quot;:&quot;none&quot;,&quot;469789806&quot;:&quot;none&quot;,&quot;469789810&quot;:&quot;none&quot;}\">\u00a0<\/span><\/p>\n<p style=\"text-align: justify;\"><b><span data-contrast=\"none\">Praticar a miseric\u00f3rdia<\/span><\/b><span data-contrast=\"none\">\u00a0\u2013 Jos\u00e9 escolheu agir com compaix\u00e3o, mesmo diante de uma situa\u00e7\u00e3o dif\u00edcil. Que este final de Advento nos inspire a perdoar, acolher e proteger, especialmente os mais fr\u00e1geis.<\/span><span data-ccp-props=\"{&quot;201341983&quot;:0,&quot;335551550&quot;:6,&quot;335551620&quot;:6,&quot;335559739&quot;:0,&quot;335559740&quot;:360,&quot;335572071&quot;:0,&quot;335572072&quot;:0,&quot;335572073&quot;:0,&quot;335572075&quot;:0,&quot;335572076&quot;:0,&quot;335572077&quot;:0,&quot;335572079&quot;:0,&quot;335572080&quot;:0,&quot;335572081&quot;:0,&quot;335572083&quot;:0,&quot;335572084&quot;:0,&quot;335572085&quot;:0,&quot;469777462&quot;:[709],&quot;469777927&quot;:[0],&quot;469777928&quot;:[1],&quot;469789798&quot;:&quot;none&quot;,&quot;469789802&quot;:&quot;none&quot;,&quot;469789806&quot;:&quot;none&quot;,&quot;469789810&quot;:&quot;none&quot;}\">\u00a0<\/span><\/p>\n<p style=\"text-align: justify;\"><b><span data-contrast=\"none\">Contemplar a figura de S\u00e3o Jos\u00e9<\/span><\/b><span data-contrast=\"none\">\u00a0\u2013 Em tempos de inseguran\u00e7a e mudan\u00e7a, S\u00e3o Jos\u00e9 \u00e9 um modelo de paternidade, trabalho, obedi\u00eancia e vida escondida. Invoc\u00e1-lo e imit\u00e1-lo pode ser um caminho belo de santidade cotidiana.<\/span><span data-ccp-props=\"{&quot;201341983&quot;:0,&quot;335551550&quot;:6,&quot;335551620&quot;:6,&quot;335559739&quot;:0,&quot;335559740&quot;:360,&quot;335572071&quot;:0,&quot;335572072&quot;:0,&quot;335572073&quot;:0,&quot;335572075&quot;:0,&quot;335572076&quot;:0,&quot;335572077&quot;:0,&quot;335572079&quot;:0,&quot;335572080&quot;:0,&quot;335572081&quot;:0,&quot;335572083&quot;:0,&quot;335572084&quot;:0,&quot;335572085&quot;:0,&quot;469777462&quot;:[709],&quot;469777927&quot;:[0],&quot;469777928&quot;:[1],&quot;469789798&quot;:&quot;none&quot;,&quot;469789802&quot;:&quot;none&quot;,&quot;469789806&quot;:&quot;none&quot;,&quot;469789810&quot;:&quot;none&quot;}\">\u00a0<\/span><\/p>\n<p style=\"text-align: justify;\"><b><span data-contrast=\"none\">Viver a alegria da proximidade de Deus<\/span><\/b><span data-contrast=\"none\">\u00a0\u2013 O nome \u201cEmanuel\u201d nos lembra que Deus est\u00e1 conosco, sempre. Que essa certeza nos d\u00ea paz, esperan\u00e7a e coragem para enfrentar os desafios da vida com confian\u00e7a.<\/span><span data-ccp-props=\"{&quot;201341983&quot;:0,&quot;335551550&quot;:6,&quot;335551620&quot;:6,&quot;335559739&quot;:0,&quot;335559740&quot;:360,&quot;335572071&quot;:0,&quot;335572072&quot;:0,&quot;335572073&quot;:0,&quot;335572075&quot;:0,&quot;335572076&quot;:0,&quot;335572077&quot;:0,&quot;335572079&quot;:0,&quot;335572080&quot;:0,&quot;335572081&quot;:0,&quot;335572083&quot;:0,&quot;335572084&quot;:0,&quot;335572085&quot;:0,&quot;469777462&quot;:[709],&quot;469777927&quot;:[0],&quot;469777928&quot;:[1],&quot;469789798&quot;:&quot;none&quot;,&quot;469789802&quot;:&quot;none&quot;,&quot;469789806&quot;:&quot;none&quot;,&quot;469789810&quot;:&quot;none&quot;}\">\u00a0<\/span><\/p>\n<p style=\"text-align: justify;\"><span data-contrast=\"none\">Neste \u00faltimo domingo de espera, a Igreja nos convida a parar por um instante, como Jos\u00e9 diante do sonho do anjo, e dizer \u201csim\u201d ao Deus que vem. Que o Natal que se aproxima n\u00e3o seja apenas uma data celebrada, mas um encontro pessoal com aquele que nasce para nos salvar e nos revelar o rosto misericordioso do Pai.<\/span><span data-ccp-props=\"{&quot;201341983&quot;:0,&quot;335551550&quot;:6,&quot;335551620&quot;:6,&quot;335559739&quot;:0,&quot;335559740&quot;:360,&quot;335572071&quot;:0,&quot;335572072&quot;:0,&quot;335572073&quot;:0,&quot;335572075&quot;:0,&quot;335572076&quot;:0,&quot;335572077&quot;:0,&quot;335572079&quot;:0,&quot;335572080&quot;:0,&quot;335572081&quot;:0,&quot;335572083&quot;:0,&quot;335572084&quot;:0,&quot;335572085&quot;:0,&quot;469789798&quot;:&quot;none&quot;,&quot;469789802&quot;:&quot;none&quot;,&quot;469789806&quot;:&quot;none&quot;,&quot;469789810&quot;:&quot;none&quot;}\">\u00a0<\/span><\/p>\n","protected":false},"excerpt":{"rendered":"<p>Dom Antonio Carlos Rossi Keller Bispo de Frederico Westphalen (RS) \u00a0 No limiar do Natal, o quarto domingo do Advento nos convida a contemplar a imin\u00eancia do mist\u00e9rio da Encarna\u00e7\u00e3o. Enquanto os domingos anteriores nos preparavam com chamados \u00e0 vigil\u00e2ncia e \u00e0 convers\u00e3o, este nos mostra a concretude do amor de Deus: Ele envia seu &hellip;<\/p>\n<p class=\"read-more\"> <a class=\"\" href=\"https:\/\/www.cnbb.org.br\/eis-que-a-virgem-concebera-e-dara-a-luz-um-filho\/\"> <span class=\"screen-reader-text\">\u201cEis que a virgem conceber\u00e1 e dar\u00e1 \u00e0 luz um filho\u201d\u00a0<\/span> Leia mais &raquo;<\/a><\/p>\n","protected":false},"author":1821,"featured_media":0,"comment_status":"closed","ping_status":"closed","sticky":false,"template":"","format":"standard","meta":{"site-sidebar-layout":"default","site-content-layout":"default","ast-global-header-display":"","ast-banner-title-visibility":"","ast-main-header-display":"","ast-hfb-above-header-display":"","ast-hfb-below-header-display":"","ast-hfb-mobile-header-display":"","site-post-title":"","ast-breadcrumbs-content":"","ast-featured-img":"","footer-sml-layout":"","theme-transparent-header-meta":"default","adv-header-id-meta":"","stick-header-meta":"","header-above-stick-meta":"","header-main-stick-meta":"","header-below-stick-meta":""},"categories":[758],"tags":[],"acf":[],"_links":{"self":[{"href":"https:\/\/www.cnbb.org.br\/cnbb-app\/wp\/v2\/posts\/992742"}],"collection":[{"href":"https:\/\/www.cnbb.org.br\/cnbb-app\/wp\/v2\/posts"}],"about":[{"href":"https:\/\/www.cnbb.org.br\/cnbb-app\/wp\/v2\/types\/post"}],"author":[{"embeddable":true,"href":"https:\/\/www.cnbb.org.br\/cnbb-app\/wp\/v2\/users\/1821"}],"replies":[{"embeddable":true,"href":"https:\/\/www.cnbb.org.br\/cnbb-app\/wp\/v2\/comments?post=992742"}],"version-history":[{"count":2,"href":"https:\/\/www.cnbb.org.br\/cnbb-app\/wp\/v2\/posts\/992742\/revisions"}],"predecessor-version":[{"id":992744,"href":"https:\/\/www.cnbb.org.br\/cnbb-app\/wp\/v2\/posts\/992742\/revisions\/992744"}],"wp:attachment":[{"href":"https:\/\/www.cnbb.org.br\/cnbb-app\/wp\/v2\/media?parent=992742"}],"wp:term":[{"taxonomy":"category","embeddable":true,"href":"https:\/\/www.cnbb.org.br\/cnbb-app\/wp\/v2\/categories?post=992742"},{"taxonomy":"post_tag","embeddable":true,"href":"https:\/\/www.cnbb.org.br\/cnbb-app\/wp\/v2\/tags?post=992742"}],"curies":[{"name":"wp","href":"https:\/\/api.w.org\/{rel}","templated":true}]}}