{"id":992751,"date":"2025-12-15T15:10:14","date_gmt":"2025-12-15T18:10:14","guid":{"rendered":"https:\/\/www.cnbb.org.br\/?p=992751"},"modified":"2025-12-15T16:15:20","modified_gmt":"2025-12-15T19:15:20","slug":"pastoral-carceraria-do-brasil-marca-presenca-em-ultimo-grande-evento-do-ano-santo-de-2025","status":"publish","type":"post","link":"https:\/\/www.cnbb.org.br\/pastoral-carceraria-do-brasil-marca-presenca-em-ultimo-grande-evento-do-ano-santo-de-2025\/","title":{"rendered":"Pastoral Carcer\u00e1ria do Brasil marca presen\u00e7a em \u00faltimo grande evento do Ano Santo de 2025"},"content":{"rendered":"<p style=\"text-align: justify;\">Cerca de seis mil peregrinos, de 90 pa\u00edses, participam no \u00faltimo fim de semana, no Vaticano, do Jubileu dos Detentos, \u00faltimo grande evento do Ano Santo de 2025. O ponto alto foi a missa presidida pelo Papa Le\u00e3o XIV, no domingo (14), na Bas\u00edlica de S\u00e3o Pedro. Entre os grupos aguardados, um representou a atua\u00e7\u00e3o da Igreja Cat\u00f3lica nas unidades prisionais do pa\u00eds, sobretudo por meio da Pastoral Carcer\u00e1ria.<\/p>\n<blockquote>\n<p style=\"text-align: justify;\">\u201cN\u00f3s procuramos ser a esperan\u00e7a. Procuramos ser sinal da esperan\u00e7a que n\u00e3o decepciona, que \u00e9 Jesus Cristo\u201d, define o di\u00e1cono Paulo Fernando de Moraes, assessor da Pastoral Carcer\u00e1ria da Diocese de Taubat\u00e9.<\/p>\n<\/blockquote>\n<h3 style=\"text-align: justify;\">A presen\u00e7a da Igreja nas unidades prisionais<\/h3>\n<p style=\"text-align: justify;\">Para ser sinal da presen\u00e7a da Igreja junto a popula\u00e7\u00e3o prisional, diversas atividades s\u00e3o realizadas nos pres\u00eddios. As a\u00e7\u00f5es visam fazer a mensagem do Evangelho atravessar as grades.<\/p>\n<blockquote>\n<p style=\"text-align: justify;\">\u201cN\u00f3s temos as nossas miss\u00f5es que s\u00e3o as visitas que n\u00f3s fazemos semanalmente e quinzenalmente dentro das unidades prisionais. N\u00f3s levamos a Palavra, n\u00f3s temos o nosso Querigma, levamos os temas para eles, desenvolvemos com eles os temas, rezamos juntos, oramos juntos. N\u00f3s distribu\u00edmos a Palavra para todos que querem acorrer\u201d, detalha o coordenador da Pastoral Carcer\u00e1ria da Diocese de Taubat\u00e9, Ricardo Rodrigues.<\/p>\n<\/blockquote>\n<p style=\"text-align: justify;\">Segundo dados da Pastoral Carcer\u00e1ria, cerca de tr\u00eas mil pessoas integram o movimento em todo o Brasil. Destes, 46 atuam na Diocese de Taubat\u00e9, no interior de S\u00e3o Paulo. A \u00e1rea diocesana compreende a cidade de Trememb\u00e9 (SP), conhecida por abrigar a imagem do Senhor Bom Jesus, uma representa\u00e7\u00e3o do Filho de Deus preso e a\u00e7oitado. Assim como esta escultura de Cristo, o munic\u00edpio tamb\u00e9m conta com milhares de pessoas reclusas.<\/p>\n<p style=\"text-align: justify;\">\u201cN\u00f3s fazemos visitas a sete unidades prisionais que temos em Trememb\u00e9. N\u00f3s temos o CDP (Centro de Deten\u00e7\u00e3o Provis\u00f3ria), o Pemano, que \u00e9 o semi aberto, o P1 e o P2 masculino, o P1 e o P2 feminino e a Casa de Cust\u00f3dia, que \u00e9 o hospital psiqui\u00e1trico\u201d, contextualiza Ricardo.<\/p>\n<p>&nbsp;<\/p>\n<h3 style=\"text-align: justify;\">O Ano Santo dos reclusos e agentes da Pastoral<\/h3>\n<p style=\"text-align: justify;\">Todas as unidades prisionais da regi\u00e3o vivem o Jubileu da Esperan\u00e7a, em sintonia com o pedido do Papa Francisco, na Bula Spes non Confundit. No documento, que proclamou oficialmente o Ano Jubilar, o pont\u00edfice argentino pediu aos governantes iniciativas que restitua a esperan\u00e7a aos \u201cpresos que, privados de liberdade, al\u00e9m da dureza da reclus\u00e3o, experimentam dia a dia o vazio afetivo, as restri\u00e7\u00f5es impostas e, em n\u00e3o poucos casos, a falta de respeito\u201d (Spes non Confundit, 10).<\/p>\n<p style=\"text-align: justify;\">Mas se engana quem pensa que apenas os reclusos s\u00e3o evangelizados pela a\u00e7\u00e3o da Pastoral Carcer\u00e1ria neste Jubileu, vivido atr\u00e1s das grades. O di\u00e1cono Paulo Fernandes garante que tamb\u00e9m os agentes pastorais se sentem tocados pelos testemunhos de convers\u00e3o no c\u00e1rcere.<\/p>\n<p style=\"text-align: justify;\">\u201cEsse Ano Jubilar nos fez lembrar que Cristo liberta de todas as pris\u00f5es. Cristo \u00e9 a esperan\u00e7a que n\u00e3o decepciona. Se caminharmos juntos com os irm\u00e3os detentos, inclusive com alguns que j\u00e1 foram recuperados e d\u00e3o o seu testemunho que a Pastoral muito ajudou neste momento onde ele escolhe a vida e deixa de lado o crime, deixa de lado o que o afastou de Deus. O sinal da esperan\u00e7a nestes irm\u00e3os traz tamb\u00e9m para n\u00f3s, agentes pastorais, a alegria de sermos Igreja, a alegria de estar juntos levando a Palavra de Deus, vendo em cada irm\u00e3o que sofre a figura do Cristo prisioneiro\u201d, reflete o cl\u00e9rigo:<\/p>\n<blockquote><p>\u201cQuem est\u00e1 l\u00e1 buscando a Deus, a Igreja, na ora\u00e7\u00e3o, na evangeliza\u00e7\u00e3o, tem sinceridade. Se n\u00f3s n\u00e3o acreditarmos, n\u00f3s n\u00e3o estamos sendo nem crist\u00e3os.\u201d<\/p><\/blockquote>\n<h3 style=\"text-align: justify;\">Pastoral Carcer\u00e1ria<\/h3>\n<p style=\"text-align: justify;\">Iniciada em 1962, na Casa de Deten\u00e7\u00e3o, em S\u00e3o Paulo, a Pastoral Carcer\u00e1ria se consolidou no Brasil nas d\u00e9cadas de 1980 e 1990. Composta por leigos e religiosos, a iniciativa torna concreta uma das obras de miseric\u00f3rdia ensinadas por Jesus: a visita aos presos. Al\u00e9m do acompanhamento espiritual, a Pastoral realiza tamb\u00e9m atendimento humano e social aos detentos em todo o pa\u00eds.<\/p>\n<p style=\"text-align: justify;\">Membros da coordena\u00e7\u00e3o Nacional da Pastoral Carcer\u00e1ria tamb\u00e9m participaram do Jubileu dos Detentos. A coordenadora nacional da Pastoral Carcer\u00e1ria, irm\u00e3 Petra Sfa partilhou nas redes sociais da Pastoral Carcer\u00e1ria do Brasil a emo\u00e7\u00e3o de celebrar junto com o mundo inteiro o Jubileu dos Reclusos em Roma. Ela saudou as pessoas encarceradas e seus familiares e os agentes da Pastoral Carcer\u00e1ria do Brasil.<\/p>\n<p>Encerramento do Ano Santo:<br \/>\n28\/12 &#8211; Fechamento das Portas Santas em todas as bas\u00edlicas de Roma<br \/>\n6\/1\/2026 &#8211; Encerramento oficial do Ano Jubilar com a solenidade da Epifania na Bas\u00edlica de S\u00e3o Pedro.<\/p>\n<pre>Com informa\u00e7\u00f5es <a href=\"https:\/\/www.vaticannews.va\/pt\/igreja\/news\/2025-12\/jubileu-dos-detentos-dezembro-2025-pastoral-carceraria-brasil.html\" target=\"_blank\" rel=\"noopener\">VaticanNews<\/a><\/pre>\n","protected":false},"excerpt":{"rendered":"<p>\u201cN\u00f3s procuramos ser a esperan\u00e7a. Procuramos ser sinal da esperan\u00e7a que n\u00e3o decepciona, que \u00e9 Jesus Cristo\u201d, define o di\u00e1cono Paulo Fernando de Moraes, assessor da Pastoral Carcer\u00e1ria da Diocese de Taubat\u00e9 (SP)<\/p>\n","protected":false},"author":142,"featured_media":992752,"comment_status":"closed","ping_status":"closed","sticky":false,"template":"","format":"standard","meta":{"site-sidebar-layout":"default","site-content-layout":"default","ast-global-header-display":"","ast-banner-title-visibility":"","ast-main-header-display":"","ast-hfb-above-header-display":"","ast-hfb-below-header-display":"","ast-hfb-mobile-header-display":"","site-post-title":"","ast-breadcrumbs-content":"","ast-featured-img":"","footer-sml-layout":"","theme-transparent-header-meta":"default","adv-header-id-meta":"","stick-header-meta":"","header-above-stick-meta":"","header-main-stick-meta":"","header-below-stick-meta":""},"categories":[767,1841],"tags":[6022,5723],"acf":[],"_links":{"self":[{"href":"https:\/\/www.cnbb.org.br\/cnbb-app\/wp\/v2\/posts\/992751"}],"collection":[{"href":"https:\/\/www.cnbb.org.br\/cnbb-app\/wp\/v2\/posts"}],"about":[{"href":"https:\/\/www.cnbb.org.br\/cnbb-app\/wp\/v2\/types\/post"}],"author":[{"embeddable":true,"href":"https:\/\/www.cnbb.org.br\/cnbb-app\/wp\/v2\/users\/142"}],"replies":[{"embeddable":true,"href":"https:\/\/www.cnbb.org.br\/cnbb-app\/wp\/v2\/comments?post=992751"}],"version-history":[{"count":5,"href":"https:\/\/www.cnbb.org.br\/cnbb-app\/wp\/v2\/posts\/992751\/revisions"}],"predecessor-version":[{"id":992757,"href":"https:\/\/www.cnbb.org.br\/cnbb-app\/wp\/v2\/posts\/992751\/revisions\/992757"}],"wp:featuredmedia":[{"embeddable":true,"href":"https:\/\/www.cnbb.org.br\/cnbb-app\/wp\/v2\/media\/992752"}],"wp:attachment":[{"href":"https:\/\/www.cnbb.org.br\/cnbb-app\/wp\/v2\/media?parent=992751"}],"wp:term":[{"taxonomy":"category","embeddable":true,"href":"https:\/\/www.cnbb.org.br\/cnbb-app\/wp\/v2\/categories?post=992751"},{"taxonomy":"post_tag","embeddable":true,"href":"https:\/\/www.cnbb.org.br\/cnbb-app\/wp\/v2\/tags?post=992751"}],"curies":[{"name":"wp","href":"https:\/\/api.w.org\/{rel}","templated":true}]}}