{"id":992887,"date":"2026-01-09T11:00:25","date_gmt":"2026-01-09T14:00:25","guid":{"rendered":"https:\/\/www.cnbb.org.br\/?p=992887"},"modified":"2026-01-09T14:57:38","modified_gmt":"2026-01-09T17:57:38","slug":"ii-romaria-nacional-de-catequistas-prorroga-prazo-do-primeiro-lote-de-inscricoes-ate-10-de-janeiro","status":"publish","type":"post","link":"https:\/\/www.cnbb.org.br\/ii-romaria-nacional-de-catequistas-prorroga-prazo-do-primeiro-lote-de-inscricoes-ate-10-de-janeiro\/","title":{"rendered":"II Romaria Nacional de Catequistas prorroga prazo do primeiro lote de inscri\u00e7\u00f5es at\u00e9 10 de janeiro"},"content":{"rendered":"<p style=\"text-align: justify;\">A organiza\u00e7\u00e3o da II Romaria Nacional de Catequistas anunciou a prorroga\u00e7\u00e3o do prazo do primeiro lote de inscri\u00e7\u00f5es, com o objetivo de possibilitar que mais catequistas de todo o Brasil tenham acesso ao valor promocional e possam se organizar para participar do encontro.<\/p>\n<p style=\"text-align: justify;\">Inicialmente previsto para encerrar em 31 de dezembro, o primeiro lote agora segue dispon\u00edvel at\u00e9 o dia 10 de janeiro de 2026, sem altera\u00e7\u00e3o no valor, mantendo o custo de R$ 300,00. A decis\u00e3o refor\u00e7a o compromisso da Romaria em ampliar o acesso e acolher catequistas de diferentes realidades, favorecendo a participa\u00e7\u00e3o de caravanas, comunidades e coordena\u00e7\u00f5es diocesanas, al\u00e9m dos ministros ordenados.<\/p>\n<p style=\"text-align: justify;\">A II Romaria Nacional de Catequistas acontecer\u00e1 em Aparecida (SP), no Centro de Eventos Padre V\u00edtor Coelho de Almeida, nas proximidades do Santu\u00e1rio Nacional. A programa\u00e7\u00e3o tem in\u00edcio no dia 27 de agosto de 2026, com o credenciamento no per\u00edodo da tarde. As atividades formativas, celebra\u00e7\u00f5es e momentos de espiritualidade seguem das 8h do dia 28 de agosto at\u00e9 \u00e0s 13h do dia 30 de agosto de 2026. A programa\u00e7\u00e3o detalhada ser\u00e1 divulgada posteriormente.<\/p>\n<h3 style=\"text-align: justify;\">Forma\u00e7\u00e3o e miss\u00e3o a servi\u00e7o da Igreja<\/h3>\n<p style=\"text-align: justify;\">Nesta edi\u00e7\u00e3o, os participantes poder\u00e3o escolher entre 13 oficinas de capacita\u00e7\u00e3o, no momento da inscri\u00e7\u00e3o. As oficinas possuem vagas limitadas e algumas j\u00e1 est\u00e3o preenchidas. Vale lembrar que a op\u00e7\u00e3o pela oficina n\u00e3o poder\u00e1 ser alterada ap\u00f3s a conclus\u00e3o da inscri\u00e7\u00e3o. Entre os temas est\u00e3o:<\/p>\n<ul>\n<li style=\"text-align: left;\">Leitura orante da Palavra<br \/>\nO minist\u00e9rio de catequista<br \/>\nCatequese inclusiva<br \/>\nCatequese com adultos<br \/>\nCatequese e cultura digital<br \/>\nDoutrina Social da Igreja<br \/>\nCatequese e fam\u00edlia<br \/>\nCatequese batismal<br \/>\nCatequese eucar\u00edstica e crismal<br \/>\nA coordena\u00e7\u00e3o da catequese<br \/>\nItiner\u00e1rios para formar catequistas<br \/>\nCatequese a servi\u00e7o da Inicia\u00e7\u00e3o \u00e0 Vida Crist\u00e3 (IVC)<\/li>\n<\/ul>\n<p style=\"text-align: justify;\">Outra novidade desta edi\u00e7\u00e3o \u00e9 que o coordenador da caravana poder\u00e1 realizar a inscri\u00e7\u00e3o de todo o grupo diretamente pela plataforma, sem a necessidade de solicitar link adicional.<\/p>\n<p style=\"text-align: justify;\">De acordo com Mariana Ven\u00e2ncio, assessora da Comiss\u00e3o Episcopal para a Anima\u00e7\u00e3o B\u00edblico-Catequ\u00e9tica da CNBB, a II Romaria d\u00e1 continuidade ao caminho iniciado na edi\u00e7\u00e3o anterior.<\/p>\n<blockquote>\n<p style=\"text-align: justify;\">\u201cA I Romaria teve a for\u00e7a de impulsionar a implementa\u00e7\u00e3o da Catequese a servi\u00e7o da Inicia\u00e7\u00e3o \u00e0 Vida Crist\u00e3 com inspira\u00e7\u00e3o catecumenal em muitas comunidades pelo Brasil. Esperamos que, a partir da II Romaria, esse processo se fortale\u00e7a ainda mais\u201d, destaca.<\/p>\n<\/blockquote>\n<h3 style=\"text-align: justify;\">Valores e prazos de inscri\u00e7\u00e3o<\/h3>\n<p style=\"text-align: justify;\">Primeiro lote \u2013 at\u00e9 10 de janeiro de 2026: R$ 300,00<br \/>\nSegundo lote \u2013 at\u00e9 30 de abril de 2026: R$ 450,00<br \/>\nTerceiro lote \u2013 at\u00e9 20 de junho de 2026: R$ 550,00<\/p>\n<p style=\"text-align: justify;\">Os prazos dos lotes s\u00e3o v\u00e1lidos at\u00e9 o preenchimento do n\u00famero limite de vagas. Caso as vagas sejam esgotadas, as inscri\u00e7\u00f5es poder\u00e3o ser encerradas antes das datas previstas.<\/p>\n<h3 style=\"text-align: justify;\">Como se inscrever<\/h3>\n<p style=\"text-align: justify;\">As inscri\u00e7\u00f5es devem ser feitas pela plataforma CiaTicket, pelo link: <a href=\"https:\/\/app.ciaticket.com.br\/e\/ROMARIADECATEQUISTAS\" target=\"_blank\" rel=\"noopener\">https:\/\/app.ciaticket.com.br\/e\/ROMARIADECATEQUISTAS<\/a><\/p>\n<p>Mais informa\u00e7\u00f5es sobre o evento ser\u00e3o divulgadas no site da CNBB e nas redes sociais da Comiss\u00e3o, pelo perfil @romariadecatequistas.<\/p>\n","protected":false},"excerpt":{"rendered":"<p>A II Romaria Nacional de Catequistas acontecer\u00e1 em Aparecida (SP), no Centro de Eventos Padre V\u00edtor Coelho de Almeida. A programa\u00e7\u00e3o tem in\u00edcio no dia 27 de agosto de 2026, com o credenciamento no per\u00edodo da tarde. As atividades formativas, celebra\u00e7\u00f5es e momentos de espiritualidade seguem das 8h do dia 28 de agosto at\u00e9 \u00e0s 13h do dia 30 de agosto de 2026<\/p>\n","protected":false},"author":138,"featured_media":992894,"comment_status":"closed","ping_status":"closed","sticky":false,"template":"","format":"standard","meta":{"site-sidebar-layout":"default","site-content-layout":"default","ast-global-header-display":"","ast-banner-title-visibility":"","ast-main-header-display":"","ast-hfb-above-header-display":"","ast-hfb-below-header-display":"","ast-hfb-mobile-header-display":"","site-post-title":"","ast-breadcrumbs-content":"","ast-featured-img":"","footer-sml-layout":"","theme-transparent-header-meta":"default","adv-header-id-meta":"","stick-header-meta":"","header-above-stick-meta":"","header-main-stick-meta":"","header-below-stick-meta":""},"categories":[800,1841,50],"tags":[6266],"acf":[],"_links":{"self":[{"href":"https:\/\/www.cnbb.org.br\/cnbb-app\/wp\/v2\/posts\/992887"}],"collection":[{"href":"https:\/\/www.cnbb.org.br\/cnbb-app\/wp\/v2\/posts"}],"about":[{"href":"https:\/\/www.cnbb.org.br\/cnbb-app\/wp\/v2\/types\/post"}],"author":[{"embeddable":true,"href":"https:\/\/www.cnbb.org.br\/cnbb-app\/wp\/v2\/users\/138"}],"replies":[{"embeddable":true,"href":"https:\/\/www.cnbb.org.br\/cnbb-app\/wp\/v2\/comments?post=992887"}],"version-history":[{"count":7,"href":"https:\/\/www.cnbb.org.br\/cnbb-app\/wp\/v2\/posts\/992887\/revisions"}],"predecessor-version":[{"id":992895,"href":"https:\/\/www.cnbb.org.br\/cnbb-app\/wp\/v2\/posts\/992887\/revisions\/992895"}],"wp:featuredmedia":[{"embeddable":true,"href":"https:\/\/www.cnbb.org.br\/cnbb-app\/wp\/v2\/media\/992894"}],"wp:attachment":[{"href":"https:\/\/www.cnbb.org.br\/cnbb-app\/wp\/v2\/media?parent=992887"}],"wp:term":[{"taxonomy":"category","embeddable":true,"href":"https:\/\/www.cnbb.org.br\/cnbb-app\/wp\/v2\/categories?post=992887"},{"taxonomy":"post_tag","embeddable":true,"href":"https:\/\/www.cnbb.org.br\/cnbb-app\/wp\/v2\/tags?post=992887"}],"curies":[{"name":"wp","href":"https:\/\/api.w.org\/{rel}","templated":true}]}}