{"id":993180,"date":"2025-12-29T10:07:28","date_gmt":"2025-12-29T13:07:28","guid":{"rendered":"https:\/\/www.cnbb.org.br\/?p=993180"},"modified":"2025-12-29T10:08:14","modified_gmt":"2025-12-29T13:08:14","slug":"a-porta-que-se-fecha-e-o-coracao-que-permanece-aberto","status":"publish","type":"post","link":"https:\/\/www.cnbb.org.br\/a-porta-que-se-fecha-e-o-coracao-que-permanece-aberto\/","title":{"rendered":"A porta que se fecha e o cora\u00e7\u00e3o que permanece aberto\u00a0"},"content":{"rendered":"<p style=\"text-align: right;\"><b><span data-contrast=\"none\">Dom Anuar Battisti<\/span><\/b><span data-ccp-props=\"{&quot;201341983&quot;:0,&quot;335551550&quot;:2,&quot;335551620&quot;:2,&quot;335559739&quot;:0,&quot;335559740&quot;:240}\"><br \/>\n<\/span><b><span data-contrast=\"none\">Arcebispo Em\u00e9rito de Maring\u00e1 (PR)<\/span><\/b><span data-ccp-props=\"{&quot;201341983&quot;:0,&quot;335551550&quot;:2,&quot;335551620&quot;:2,&quot;335559739&quot;:0,&quot;335559740&quot;:240}\">\u00a0<\/span><\/p>\n<p style=\"text-align: justify;\">\n<p style=\"text-align: justify;\"><span data-contrast=\"none\">Meus queridos irm\u00e3os e irm\u00e3s,<\/span><span data-ccp-props=\"{&quot;201341983&quot;:0,&quot;335551550&quot;:6,&quot;335551620&quot;:6,&quot;335559731&quot;:708,&quot;335559739&quot;:160,&quot;335559740&quot;:278}\">\u00a0<\/span><\/p>\n<p style=\"text-align: justify;\"><span data-contrast=\"none\">Chegamos a um momento de profunda emo\u00e7\u00e3o neste domingo, 28 de dezembro. Enquanto as luzes do Natal ainda brilham em nossas casas e pres\u00e9pios, voltamos os nossos olhos para Roma, para a Bas\u00edlica de S\u00e3o Paulo Fora dos Muros, onde hoje se fecha a \u00faltima das Portas Santas\u00a0\u201cmenores\u201d\u00a0deste Jubileu da Esperan\u00e7a.<\/span><span data-ccp-props=\"{&quot;201341983&quot;:0,&quot;335551550&quot;:6,&quot;335551620&quot;:6,&quot;335559731&quot;:708,&quot;335559739&quot;:160,&quot;335559740&quot;:278}\">\u00a0<\/span><\/p>\n<p style=\"text-align: justify;\"><span data-contrast=\"none\">O ano de 2025 ficar\u00e1 marcado para sempre na nossa carne e na nossa mem\u00f3ria. Foi um ano em que a esperan\u00e7a deixou de ser apenas uma palavra bonita em cartazes para se tornar uma necessidade vital. Quando, em abril, o mundo chorou a partida do nosso amado Papa Francisco, parecia que o\u00a0\u201cJubileu da Esperan\u00e7a\u201d\u00a0tinha perdido o seu principal peregrino. O luto cobriu a Pra\u00e7a de S\u00e3o Pedro, e muitos perguntaram:\u00a0\u201cE agora?\u201d.<\/span><span data-ccp-props=\"{&quot;201341983&quot;:0,&quot;335551550&quot;:6,&quot;335551620&quot;:6,&quot;335559731&quot;:708,&quot;335559739&quot;:160,&quot;335559740&quot;:278}\">\u00a0<\/span><\/p>\n<p style=\"text-align: justify;\"><span data-contrast=\"none\">Mas a resposta veio com a for\u00e7a suave do Esp\u00edrito Santo. O m\u00eas de maio trouxe-nos a\u00a0\u201cfuma\u00e7a branca\u201d\u00a0e o dom de um novo pastor\u00a0universal, o Papa Le\u00e3o XIV. A Igreja mostrou ao mundo que n\u00e3o \u00e9 feita apenas de homens, mas \u00e9 sustentada pela promessa de Cristo. A transi\u00e7\u00e3o de um pontificado para outro, vivida no cora\u00e7\u00e3o de um Ano Santo, foi a maior catequese que poder\u00edamos ter recebido. Vimos que a esperan\u00e7a crist\u00e3 n\u00e3o morre na sexta-feira santa da dor, mas renasce na manh\u00e3 da ressurrei\u00e7\u00e3o.<\/span><span data-ccp-props=\"{&quot;201341983&quot;:0,&quot;335551550&quot;:6,&quot;335551620&quot;:6,&quot;335559731&quot;:708,&quot;335559739&quot;:160,&quot;335559740&quot;:278}\">\u00a0<\/span><\/p>\n<p style=\"text-align: justify;\"><span data-contrast=\"none\">Hoje, ao fecharmos a Porta Santa na Bas\u00edlica do Ap\u00f3stolo Paulo \u2014 aquele que combateu o bom combate e guardou a f\u00e9 \u2014, fazemos um balan\u00e7o de gratid\u00e3o. Quantas gra\u00e7as derramadas! Quantas confiss\u00f5es, quantos recome\u00e7os! A Porta de bronze fecha-se, \u00e9 verdade. Mas a porta da miseric\u00f3rdia de Deus, escancarada no lado aberto de Cristo na Cruz, essa nunca se fecha.<\/span><span data-ccp-props=\"{&quot;201341983&quot;:0,&quot;335551550&quot;:6,&quot;335551620&quot;:6,&quot;335559731&quot;:708,&quot;335559739&quot;:160,&quot;335559740&quot;:278}\">\u00a0<\/span><\/p>\n<p style=\"text-align: justify;\"><span data-contrast=\"none\">Que este encerramento nos prepare para a grande conclus\u00e3o na Epifania. Que levemos para 2026 a certeza de que somos, de facto, peregrinos que n\u00e3o caminham s\u00f3s. Sob o b\u00e1culo de Le\u00e3o XIV e com a intercess\u00e3o de Francisco no c\u00e9u, continuemos a nossa jornada. Coragem! A esperan\u00e7a n\u00e3o desilude.<\/span><span data-ccp-props=\"{&quot;201341983&quot;:0,&quot;335551550&quot;:6,&quot;335551620&quot;:6,&quot;335559731&quot;:708,&quot;335559739&quot;:160,&quot;335559740&quot;:278}\">\u00a0<\/span><\/p>\n<p style=\"text-align: justify;\"><span data-ccp-props=\"{&quot;201341983&quot;:0,&quot;335551550&quot;:6,&quot;335551620&quot;:6,&quot;335559731&quot;:708,&quot;335559739&quot;:0,&quot;335559740&quot;:240}\">\u00a0<\/span><\/p>\n<p><span data-ccp-props=\"{&quot;201341983&quot;:0,&quot;335551550&quot;:2,&quot;335551620&quot;:2,&quot;335559739&quot;:0,&quot;335559740&quot;:240}\">\u00a0<\/span><\/p>\n<p>&nbsp;<\/p>\n","protected":false},"excerpt":{"rendered":"<p>Dom Anuar Battisti Arcebispo Em\u00e9rito de Maring\u00e1 (PR)\u00a0 Meus queridos irm\u00e3os e irm\u00e3s,\u00a0 Chegamos a um momento de profunda emo\u00e7\u00e3o neste domingo, 28 de dezembro. Enquanto as luzes do Natal ainda brilham em nossas casas e pres\u00e9pios, voltamos os nossos olhos para Roma, para a Bas\u00edlica de S\u00e3o Paulo Fora dos Muros, onde hoje se &hellip;<\/p>\n<p class=\"read-more\"> <a class=\"\" href=\"https:\/\/www.cnbb.org.br\/a-porta-que-se-fecha-e-o-coracao-que-permanece-aberto\/\"> <span class=\"screen-reader-text\">A porta que se fecha e o cora\u00e7\u00e3o que permanece aberto\u00a0<\/span> Leia mais &raquo;<\/a><\/p>\n","protected":false},"author":41,"featured_media":0,"comment_status":"closed","ping_status":"closed","sticky":false,"template":"","format":"standard","meta":{"site-sidebar-layout":"default","site-content-layout":"default","ast-global-header-display":"","ast-banner-title-visibility":"","ast-main-header-display":"","ast-hfb-above-header-display":"","ast-hfb-below-header-display":"","ast-hfb-mobile-header-display":"","site-post-title":"","ast-breadcrumbs-content":"","ast-featured-img":"","footer-sml-layout":"","theme-transparent-header-meta":"default","adv-header-id-meta":"","stick-header-meta":"","header-above-stick-meta":"","header-main-stick-meta":"","header-below-stick-meta":""},"categories":[758,1837],"tags":[],"acf":[],"_links":{"self":[{"href":"https:\/\/www.cnbb.org.br\/cnbb-app\/wp\/v2\/posts\/993180"}],"collection":[{"href":"https:\/\/www.cnbb.org.br\/cnbb-app\/wp\/v2\/posts"}],"about":[{"href":"https:\/\/www.cnbb.org.br\/cnbb-app\/wp\/v2\/types\/post"}],"author":[{"embeddable":true,"href":"https:\/\/www.cnbb.org.br\/cnbb-app\/wp\/v2\/users\/41"}],"replies":[{"embeddable":true,"href":"https:\/\/www.cnbb.org.br\/cnbb-app\/wp\/v2\/comments?post=993180"}],"version-history":[{"count":2,"href":"https:\/\/www.cnbb.org.br\/cnbb-app\/wp\/v2\/posts\/993180\/revisions"}],"predecessor-version":[{"id":993182,"href":"https:\/\/www.cnbb.org.br\/cnbb-app\/wp\/v2\/posts\/993180\/revisions\/993182"}],"wp:attachment":[{"href":"https:\/\/www.cnbb.org.br\/cnbb-app\/wp\/v2\/media?parent=993180"}],"wp:term":[{"taxonomy":"category","embeddable":true,"href":"https:\/\/www.cnbb.org.br\/cnbb-app\/wp\/v2\/categories?post=993180"},{"taxonomy":"post_tag","embeddable":true,"href":"https:\/\/www.cnbb.org.br\/cnbb-app\/wp\/v2\/tags?post=993180"}],"curies":[{"name":"wp","href":"https:\/\/api.w.org\/{rel}","templated":true}]}}