{"id":993186,"date":"2026-01-01T10:10:45","date_gmt":"2026-01-01T13:10:45","guid":{"rendered":"https:\/\/www.cnbb.org.br\/?p=993186"},"modified":"2025-12-29T10:12:25","modified_gmt":"2025-12-29T13:12:25","slug":"solenidade-de-santa-maria-mae-de-deus-3","status":"publish","type":"post","link":"https:\/\/www.cnbb.org.br\/solenidade-de-santa-maria-mae-de-deus-3\/","title":{"rendered":"Solenidade de Santa Maria M\u00e3e de Deus\u00a0"},"content":{"rendered":"<p style=\"text-align: right;\"><b><span data-contrast=\"auto\">Cardeal Orani Jo\u00e3o Tempesta<\/span><\/b><span data-ccp-props=\"{&quot;201341983&quot;:0,&quot;335551550&quot;:3,&quot;335551620&quot;:3,&quot;335559731&quot;:708,&quot;335559739&quot;:160,&quot;335559740&quot;:259}\"><br \/>\n<\/span><b><span data-contrast=\"auto\">Arcebispo do Rio de Janeiro (RJ)<\/span><\/b><span data-ccp-props=\"{&quot;201341983&quot;:0,&quot;335551550&quot;:3,&quot;335551620&quot;:3,&quot;335559731&quot;:708,&quot;335559739&quot;:160,&quot;335559740&quot;:259}\">\u00a0<\/span><\/p>\n<p style=\"text-align: justify;\"><b><span data-contrast=\"auto\"><\/p>\n<p>Solenidade de Santa Maria M\u00e3e de Deus<\/span><\/b><span data-ccp-props=\"{&quot;201341983&quot;:0,&quot;335551550&quot;:2,&quot;335551620&quot;:2,&quot;335559739&quot;:160,&quot;335559740&quot;:259}\">\u00a0<\/span><\/p>\n<p style=\"text-align: justify;\"><i><span data-contrast=\"auto\">\u201cQue Deus nos d\u00ea a sua gra\u00e7a e a sua ben\u00e7\u00e3o\u201d (66\/67)<\/span><\/i><span data-ccp-props=\"{&quot;201341983&quot;:0,&quot;335551550&quot;:2,&quot;335551620&quot;:2,&quot;335559739&quot;:160,&quot;335559740&quot;:259}\">\u00a0<\/span><\/p>\n<p style=\"text-align: justify;\"><span data-ccp-props=\"{&quot;201341983&quot;:0,&quot;335551550&quot;:2,&quot;335551620&quot;:2,&quot;335559739&quot;:160,&quot;335559740&quot;:259}\">\u00a0<\/span><\/p>\n<p style=\"text-align: justify;\"><span data-contrast=\"auto\">Celebramos no dia\u00a01\u00ba de janeiro\u00a0a Solenidade de\u00a0Santa Maria, M\u00e3e de Deus. Essa solenidade encerra o per\u00edodo da\u00a0Oitava do Natal\u00a0e, a partir do\u00a0dia 2 de janeiro,\u00a0continuaremos com o\u00a0Tempo do Natal, que se estender\u00e1 at\u00e9 a Festa do\u00a0Batismo do Senhor. Nesse dia 1\u00ba de janeiro celebramos tamb\u00e9m o\u00a0Dia Mundial da Paz; pe\u00e7amos, nesta celebra\u00e7\u00e3o, a intercess\u00e3o da Virgem Maria pela paz mundial. Rezemos com confian\u00e7a para que o ano de\u00a02026\u00a0seja melhor para todos n\u00f3s.<\/span><span data-ccp-props=\"{&quot;134233117&quot;:true,&quot;134233118&quot;:true,&quot;201341983&quot;:0,&quot;335551550&quot;:6,&quot;335551620&quot;:6,&quot;335559731&quot;:708,&quot;335559739&quot;:160,&quot;335559740&quot;:240}\">\u00a0<\/span><\/p>\n<p style=\"text-align: justify;\"><span data-contrast=\"auto\">Essa solenidade pode ser celebrada a partir da\u00a0tarde\u00a0da quarta-feira, como acontece sempre: na tarde do dia anterior a uma solenidade, j\u00e1 celebramos as suas v\u00e9speras. A Festa da Sagrada Fam\u00edlia foi celebrada no domingo passado, dia 28, e, no pr\u00f3ximo domingo, celebraremos a Solenidade da\u00a0Epifania do Senhor; no domingo seguinte, dia 11, encerra-se o Tempo do Natal com a Festa do\u00a0Batismo do Senhor.<\/span><span data-ccp-props=\"{&quot;134233117&quot;:true,&quot;134233118&quot;:true,&quot;201341983&quot;:0,&quot;335551550&quot;:6,&quot;335551620&quot;:6,&quot;335559731&quot;:708,&quot;335559739&quot;:160,&quot;335559740&quot;:240}\">\u00a0<\/span><\/p>\n<p style=\"text-align: justify;\"><span data-contrast=\"auto\">Portanto, o dia\u00a01\u00ba de janeiro\u00a0\u00e9 um\u00a0dia de preceito, um\u00a0dia santo de guarda, em que devemos participar da Santa Missa, seja na noite do dia 31, caso a par\u00f3quia j\u00e1 celebre Santa Maria, M\u00e3e de Deus, seja no pr\u00f3prio dia 1\u00ba. Ao celebrar Santa Maria, M\u00e3e de Deus, a Igreja quis dar um car\u00e1ter religioso a um feriado que seria apenas civil, comemorado como confraterniza\u00e7\u00e3o universal. Por isso, a Igreja decidiu colocar o dogma de Maria, M\u00e3e de Deus, nesse dia, para que Ela interceda junto a Deus por n\u00f3s e pela paz.<\/span><span data-ccp-props=\"{&quot;134233117&quot;:true,&quot;134233118&quot;:true,&quot;201341983&quot;:0,&quot;335551550&quot;:6,&quot;335551620&quot;:6,&quot;335559731&quot;:708,&quot;335559739&quot;:160,&quot;335559740&quot;:240}\">\u00a0<\/span><\/p>\n<p style=\"text-align: justify;\"><span data-contrast=\"auto\">M\u00e3e de Deus \u00e9 um\u00a0dogma, ou seja, uma verdade de f\u00e9 que a Igreja apresenta aos fi\u00e9is para que nela acreditem. O dogma da Maternidade Divina de Maria \u00e9 o mais antigo entre os quatro dogmas marianos. Esse dogma foi proclamado no\u00a0Conc\u00edlio de \u00c9feso, em\u00a0431. Naquele contexto, algumas pessoas colocavam em d\u00favida as duas naturezas de Jesus, isto \u00e9, se Ele era verdadeiramente humano e verdadeiramente divino. No Conc\u00edlio, foi definido que Cristo possui as duas naturezas e, consequentemente, Maria, por ser M\u00e3e do Filho de Deus, \u00e9 verdadeiramente\u00a0M\u00e3e de Deus. O termo \u201cM\u00e3e de Deus\u201d vem do grego\u00a0Theot\u00f3kos, afirmando que Jesus Cristo \u00e9 plenamente humano e plenamente divino.<\/span><span data-ccp-props=\"{&quot;134233117&quot;:true,&quot;134233118&quot;:true,&quot;201341983&quot;:0,&quot;335551550&quot;:6,&quot;335551620&quot;:6,&quot;335559731&quot;:708,&quot;335559739&quot;:160,&quot;335559740&quot;:240}\">\u00a0<\/span><\/p>\n<p style=\"text-align: justify;\"><span data-contrast=\"auto\">A primeira leitura dessa solenidade \u00e9 do livro dos\u00a0N\u00fameros\u00a0(Nm\u00a06,22-27). O Senhor fala a Mois\u00e9s para que ele diga a Aar\u00e3o e a seus filhos como devem aben\u00e7oar o povo. A b\u00ean\u00e7\u00e3o que vem de Deus nos d\u00e1 for\u00e7as para seguir em frente e enfrentar as lutas di\u00e1rias. Hoje em dia, perdeu-se o costume de\u00a0pedir a b\u00ean\u00e7\u00e3o aos pais, av\u00f3s e padrinhos. Esse \u00e9 um costume que vem desde o Antigo Testamento e n\u00e3o devemos deixar que essa tradi\u00e7\u00e3o se perca. Ao dizer \u201cDeus te aben\u00e7oe\u201d ao pr\u00f3ximo, estamos desejando-lhe o bem e confiando tudo o que ele fizer \u00e0 prote\u00e7\u00e3o divina. Ensinemos novamente \u00e0s novas gera\u00e7\u00f5es a import\u00e2ncia de pedir a b\u00ean\u00e7\u00e3o e manter viva essa tradi\u00e7\u00e3o. Que a b\u00ean\u00e7\u00e3o do Senhor nos acompanhe ao longo deste ano e nos conceda muita paz.<\/span><span data-ccp-props=\"{&quot;134233117&quot;:true,&quot;134233118&quot;:true,&quot;201341983&quot;:0,&quot;335551550&quot;:6,&quot;335551620&quot;:6,&quot;335559731&quot;:708,&quot;335559739&quot;:160,&quot;335559740&quot;:240}\">\u00a0<\/span><\/p>\n<p style=\"text-align: justify;\"><span data-contrast=\"auto\">O salmo responsorial \u00e9 o\u00a0Salmo 66 (67), que nos diz em seu refr\u00e3o:\u00a0<\/span><i><span data-contrast=\"auto\">\u201cQue Deus nos d\u00ea a sua gra\u00e7a e sua b\u00ean\u00e7\u00e3o\u201d<\/span><\/i><span data-contrast=\"auto\">. O refr\u00e3o do salmo \u00e9 resposta \u00e0quilo que ouvimos na primeira leitura, e o salmista pede que o Senhor nos conceda a sua gra\u00e7a e a sua b\u00ean\u00e7\u00e3o. Que todos os povos possam conhecer os caminhos do Senhor e descobrir que somente a paz pode construir um mundo melhor. Que Deus nos conceda a gra\u00e7a de estarmos em paz com Ele, com o pr\u00f3ximo e com os irm\u00e3os de comunidade.<\/span><span data-ccp-props=\"{&quot;134233117&quot;:true,&quot;134233118&quot;:true,&quot;201341983&quot;:0,&quot;335551550&quot;:6,&quot;335551620&quot;:6,&quot;335559731&quot;:708,&quot;335559739&quot;:160,&quot;335559740&quot;:240}\">\u00a0<\/span><\/p>\n<p style=\"text-align: justify;\"><span data-contrast=\"auto\">A segunda leitura desta solenidade \u00e9 da\u00a0Carta de S\u00e3o Paulo aos G\u00e1latas\u00a0(Gl\u00a04,4-7). Paulo diz \u00e0 comunidade da Gal\u00e1cia que, no momento oportuno, Deus enviou o seu Filho ao mundo, nascido de uma mulher e sujeito \u00e0 lei humana. Ele assumiu a condi\u00e7\u00e3o humana para ensinar \u00e0 humanidade o caminho do amor e da fraternidade, e mostrou a import\u00e2ncia de construirmos, aqui na terra, o Reino de Deus, para viv\u00ea-lo plenamente no c\u00e9u. Cristo \u00e9 o herdeiro, e n\u00f3s somos coerdeiros da gra\u00e7a.<\/span><span data-ccp-props=\"{&quot;134233117&quot;:true,&quot;134233118&quot;:true,&quot;201341983&quot;:0,&quot;335551550&quot;:6,&quot;335551620&quot;:6,&quot;335559731&quot;:708,&quot;335559739&quot;:160,&quot;335559740&quot;:240}\">\u00a0<\/span><\/p>\n<p style=\"text-align: justify;\"><span data-contrast=\"auto\">O Evangelho dessa solenidade \u00e9 de\u00a0S\u00e3o Lucas\u00a0(Lc\u00a02,16-21). Nesse trecho, Lucas narra a ida dos pastores a Bel\u00e9m para se encontrarem com Maria e Jos\u00e9, a fim de adorar o Menino Deus. Eles contaram tudo o que haviam ouvido a respeito do Menino, e todos ficaram admirados; Maria, por\u00e9m, guardava e meditava todas essas coisas em seu cora\u00e7\u00e3o.<\/span><span data-ccp-props=\"{&quot;134233117&quot;:true,&quot;134233118&quot;:true,&quot;201341983&quot;:0,&quot;335551550&quot;:6,&quot;335551620&quot;:6,&quot;335559731&quot;:708,&quot;335559739&quot;:160,&quot;335559740&quot;:240}\">\u00a0<\/span><\/p>\n<p style=\"text-align: justify;\"><span data-contrast=\"auto\">Os pastores voltaram louvando e glorificando a Deus por tudo o que tinham visto e ouvido, conforme o Anjo lhes havia anunciado. O Menino que nasceu veio para ser o Rei de Israel e ensinar \u00e0 humanidade que somente o amor pode construir um mundo mais justo e fraterno. O Messias nasceu pobre e humilde para confundir os ricos e ensin\u00e1-los de que a riqueza n\u00e3o salva, mas sim o amor e a solidariedade.<\/span><span data-ccp-props=\"{&quot;134233117&quot;:true,&quot;134233118&quot;:true,&quot;201341983&quot;:0,&quot;335551550&quot;:6,&quot;335551620&quot;:6,&quot;335559731&quot;:708,&quot;335559739&quot;:160,&quot;335559740&quot;:240}\">\u00a0<\/span><\/p>\n<p style=\"text-align: justify;\"><span data-contrast=\"auto\">Jos\u00e9 e Maria, ao completar-se o tempo prescrito pela Lei, levaram o Menino para ser circuncidado e deram-lhe o nome de Jesus, como havia sido anunciado pelo Anjo. Neste domingo, rendamos gra\u00e7as a Deus por ter enviado o seu Filho Jesus e permitido que Ele nascesse de um ventre materno. Neste dia, pe\u00e7amos \u00e0 Virgem Maria que nos proteja e nos guarde e que, \u00e0 semelhan\u00e7a dela, saibamos guardar e conservar tudo em nosso cora\u00e7\u00e3o, fazendo sempre a vontade de Deus.<\/span><span data-ccp-props=\"{&quot;134233117&quot;:true,&quot;134233118&quot;:true,&quot;201341983&quot;:0,&quot;335551550&quot;:6,&quot;335551620&quot;:6,&quot;335559731&quot;:708,&quot;335559739&quot;:160,&quot;335559740&quot;:240}\">\u00a0<\/span><\/p>\n<p>&nbsp;<\/p>\n<p><span data-ccp-props=\"{&quot;201341983&quot;:0,&quot;335551550&quot;:6,&quot;335551620&quot;:6,&quot;335559731&quot;:708,&quot;335559739&quot;:160,&quot;335559740&quot;:259}\">\u00a0<\/span><\/p>\n<p><span data-ccp-props=\"{&quot;201341983&quot;:0,&quot;335551550&quot;:6,&quot;335551620&quot;:6,&quot;335559731&quot;:708,&quot;335559739&quot;:160,&quot;335559740&quot;:259}\">\u00a0<\/span><\/p>\n<p><span data-ccp-props=\"{&quot;201341983&quot;:0,&quot;335551550&quot;:6,&quot;335551620&quot;:6,&quot;335559731&quot;:708,&quot;335559739&quot;:160,&quot;335559740&quot;:259}\">\u00a0<\/span><\/p>\n<p><span data-ccp-props=\"{&quot;201341983&quot;:0,&quot;335551550&quot;:6,&quot;335551620&quot;:6,&quot;335559731&quot;:708,&quot;335559739&quot;:160,&quot;335559740&quot;:259}\">\u00a0<\/span><\/p>\n<p><span data-ccp-props=\"{&quot;201341983&quot;:0,&quot;335551550&quot;:6,&quot;335551620&quot;:6,&quot;335559731&quot;:708,&quot;335559739&quot;:160,&quot;335559740&quot;:259}\">\u00a0<\/span><\/p>\n<p><span data-ccp-props=\"{&quot;201341983&quot;:0,&quot;335551550&quot;:6,&quot;335551620&quot;:6,&quot;335559731&quot;:708,&quot;335559739&quot;:160,&quot;335559740&quot;:259}\">\u00a0<\/span><\/p>\n","protected":false},"excerpt":{"rendered":"<p>Cardeal Orani Jo\u00e3o Tempesta Arcebispo do Rio de Janeiro (RJ)\u00a0 Solenidade de Santa Maria M\u00e3e de Deus\u00a0 \u201cQue Deus nos d\u00ea a sua gra\u00e7a e a sua ben\u00e7\u00e3o\u201d (66\/67)\u00a0 \u00a0 Celebramos no dia\u00a01\u00ba de janeiro\u00a0a Solenidade de\u00a0Santa Maria, M\u00e3e de Deus. Essa solenidade encerra o per\u00edodo da\u00a0Oitava do Natal\u00a0e, a partir do\u00a0dia 2 de janeiro,\u00a0continuaremos &hellip;<\/p>\n<p class=\"read-more\"> <a class=\"\" href=\"https:\/\/www.cnbb.org.br\/solenidade-de-santa-maria-mae-de-deus-3\/\"> <span class=\"screen-reader-text\">Solenidade de Santa Maria M\u00e3e de Deus\u00a0<\/span> Leia mais &raquo;<\/a><\/p>\n","protected":false},"author":31,"featured_media":0,"comment_status":"closed","ping_status":"closed","sticky":false,"template":"","format":"standard","meta":{"site-sidebar-layout":"default","site-content-layout":"default","ast-global-header-display":"","ast-banner-title-visibility":"","ast-main-header-display":"","ast-hfb-above-header-display":"","ast-hfb-below-header-display":"","ast-hfb-mobile-header-display":"","site-post-title":"","ast-breadcrumbs-content":"","ast-featured-img":"","footer-sml-layout":"","theme-transparent-header-meta":"default","adv-header-id-meta":"","stick-header-meta":"","header-above-stick-meta":"","header-main-stick-meta":"","header-below-stick-meta":""},"categories":[758],"tags":[],"acf":[],"_links":{"self":[{"href":"https:\/\/www.cnbb.org.br\/cnbb-app\/wp\/v2\/posts\/993186"}],"collection":[{"href":"https:\/\/www.cnbb.org.br\/cnbb-app\/wp\/v2\/posts"}],"about":[{"href":"https:\/\/www.cnbb.org.br\/cnbb-app\/wp\/v2\/types\/post"}],"author":[{"embeddable":true,"href":"https:\/\/www.cnbb.org.br\/cnbb-app\/wp\/v2\/users\/31"}],"replies":[{"embeddable":true,"href":"https:\/\/www.cnbb.org.br\/cnbb-app\/wp\/v2\/comments?post=993186"}],"version-history":[{"count":2,"href":"https:\/\/www.cnbb.org.br\/cnbb-app\/wp\/v2\/posts\/993186\/revisions"}],"predecessor-version":[{"id":993188,"href":"https:\/\/www.cnbb.org.br\/cnbb-app\/wp\/v2\/posts\/993186\/revisions\/993188"}],"wp:attachment":[{"href":"https:\/\/www.cnbb.org.br\/cnbb-app\/wp\/v2\/media?parent=993186"}],"wp:term":[{"taxonomy":"category","embeddable":true,"href":"https:\/\/www.cnbb.org.br\/cnbb-app\/wp\/v2\/categories?post=993186"},{"taxonomy":"post_tag","embeddable":true,"href":"https:\/\/www.cnbb.org.br\/cnbb-app\/wp\/v2\/tags?post=993186"}],"curies":[{"name":"wp","href":"https:\/\/api.w.org\/{rel}","templated":true}]}}