{"id":993200,"date":"2025-12-29T10:31:14","date_gmt":"2025-12-29T13:31:14","guid":{"rendered":"https:\/\/www.cnbb.org.br\/?p=993200"},"modified":"2025-12-29T10:31:53","modified_gmt":"2025-12-29T13:31:53","slug":"tudo-seria-melhor-se-o-natal-nao-fosse-um-dia","status":"publish","type":"post","link":"https:\/\/www.cnbb.org.br\/tudo-seria-melhor-se-o-natal-nao-fosse-um-dia\/","title":{"rendered":"Tudo seria\u00a0melhor se o Natal n\u00e3o fosse um dia&#8230;\u00a0"},"content":{"rendered":"<p style=\"text-align: right;\"><span data-contrast=\"none\"><strong>Dom Itacir Brassiani<\/strong><br \/>\n<strong>Bispo de Santa Cruz do Sul (RS)<\/strong><\/p>\n<p><\/span><\/p>\n<p style=\"text-align: justify;\"><span data-contrast=\"auto\">Muitos sabem\u00a0de cor essa\u00a0simples e bela\u00a0can\u00e7\u00e3o do Padre Zezinho, lan\u00e7ada h\u00e1 meio s\u00e9culo atr\u00e1s. Os versos\u00a0continuam\u00a0assim: \u201c&#8230;Se as m\u00e3es fossem Maria, e os pais fossem Jos\u00e9; e a gente parecesse com Jesus de Nazar\u00e9\u201d. Na verdade, celebramos no dia de Natal um\u00a0acontecimento perene e gr\u00e1vido\u00a0de consequ\u00eancias: a encarna\u00e7\u00e3o do Filho de Deus.<\/span><span data-ccp-props=\"{&quot;335551550&quot;:6,&quot;335551620&quot;:6,&quot;335559739&quot;:120}\">\u00a0<\/span><\/p>\n<p style=\"text-align: justify;\"><span data-contrast=\"auto\">Por isso,\u00a0o\u00a0Natal de Jesus est\u00e1 longe de ser\u00a0apenas\u00a0um fervilhante evento comercial, uma colheita sazonal e abundante do turismo ou um espet\u00e1culo cultural\u00a0repleto\u00a0de luzes coloridas, anjos barrocos e sons harmoniosos. Tamb\u00e9m n\u00e3o se resume \u00e0 recorda\u00e7\u00e3o piedosa de um fato circunscrito a um casal hebreu e a uma aldeia do imp\u00e9rio romano.<\/span><span data-ccp-props=\"{&quot;335551550&quot;:6,&quot;335551620&quot;:6,&quot;335559739&quot;:120}\">\u00a0<\/span><\/p>\n<p style=\"text-align: justify;\"><span data-contrast=\"auto\">O que as celebra\u00e7\u00f5es natalinas, oferecidas anualmente pelas Igrejas crist\u00e3s, querem\u00a0lembrar \u00e9 que Deus e a criatura humana n\u00e3o se op\u00f5em; que o c\u00e9u e a terra n\u00e3o s\u00e3o realidades paralelas; que a hist\u00f3ria \u00e9 o lugar onde germinam as sementes da eternidade; que a justi\u00e7a d\u00e1 as m\u00e3os \u00e0 compaix\u00e3o; que a vida\u00a0humana e terrena\u00a0\u00e9 a morada de Deus.<\/span><span data-ccp-props=\"{&quot;335551550&quot;:6,&quot;335551620&quot;:6,&quot;335559739&quot;:120}\">\u00a0<\/span><\/p>\n<p style=\"text-align: justify;\"><span data-contrast=\"auto\">Assim, o nascimento de Jesus,\u00a0ocorrido\u00a0no ano zero da era crist\u00e3, tamb\u00e9m n\u00e3o se esgota na piedade individual, celebrada na intimidade dos lares ou no interior dos templos.\u00a0O Natal\u00a0\u00e9 muito mais que a celebra\u00e7\u00e3o do \u201canivers\u00e1rio de Jesus\u201d. A mem\u00f3ria desse fato divide\u00a0em dois\u00a0e fecunda o tempo hist\u00f3rico e repercute nas rela\u00e7\u00f5es humanas e sociais.<\/span><span data-ccp-props=\"{&quot;335551550&quot;:6,&quot;335551620&quot;:6,&quot;335559739&quot;:120}\">\u00a0<\/span><\/p>\n<p style=\"text-align: justify;\"><span data-contrast=\"auto\">N\u00e3o \u00e9 por acaso que a narra\u00e7\u00e3o de Lucas insere\u00a0este\u00a0acontecimento na moldura pol\u00edtica do imp\u00e9rio Romano\u00a0no Oriente M\u00e9dio (quando o imperador C\u00e9sar Augusto ordenou um recenseamento e Quirino era governador da S\u00edria; cf. Lucas 2,1-2), e Mateus o situa no tempo em que o rei Herodes governava a Jud\u00e9ia (cf. Mateus 2,1-3).\u00a0O que isso tem a ver?<\/span><span data-ccp-props=\"{&quot;335551550&quot;:6,&quot;335551620&quot;:6,&quot;335559739&quot;:120}\">\u00a0<\/span><\/p>\n<p style=\"text-align: justify;\"><span data-contrast=\"auto\">Numa regi\u00e3o e num tempo marcados pelo medo, aumentado pela presen\u00e7a do ex\u00e9rcito romano, aquele discreto nascimento\u00a0ocorrido\u00a0na perif\u00e9rica\u00a0Bel\u00e9m significou coragem e alegria para\u00a0os pastores e\u00a0todo o povo, paz para os amados e amadas de Deus, esperan\u00e7osa peregrina\u00e7\u00e3o para os pag\u00e3os. E, tamb\u00e9m,\u00a0grande inquieta\u00e7\u00e3o para Herodes.<\/span><span data-ccp-props=\"{&quot;335551550&quot;:6,&quot;335551620&quot;:6,&quot;335559739&quot;:120}\">\u00a0<\/span><\/p>\n<p style=\"text-align: justify;\"><span data-contrast=\"auto\">N\u00f3s acolhemos\u00a0o filho de Jos\u00e9 e de Maria\u00a0como Filho e Enviado de Deus para \u201canunciar o Evangelho aos pobres, proclamar a liberdade aos presos e aos cegos a vis\u00e3o, para p\u00f4r em liberdade os oprimidos e proclamar um ano do agrado do Senhor\u201d (Lucas 4,18-19).\u00a0E\u00a0o reconhecemos\u00a0como salva\u00e7\u00e3o e luz para todos os povos. Mas tamb\u00e9m, desde sempre, como\u00a0pedra de trope\u00e7o para muitos (cf. Lucas 2,29-35).<\/span><span data-ccp-props=\"{&quot;335551550&quot;:6,&quot;335551620&quot;:6,&quot;335559739&quot;:120}\">\u00a0<\/span><\/p>\n<p style=\"text-align: justify;\">\n","protected":false},"excerpt":{"rendered":"<p>Dom Itacir Brassiani Bispo de Santa Cruz do Sul (RS) Muitos sabem\u00a0de cor essa\u00a0simples e bela\u00a0can\u00e7\u00e3o do Padre Zezinho, lan\u00e7ada h\u00e1 meio s\u00e9culo atr\u00e1s. Os versos\u00a0continuam\u00a0assim: \u201c&#8230;Se as m\u00e3es fossem Maria, e os pais fossem Jos\u00e9; e a gente parecesse com Jesus de Nazar\u00e9\u201d. Na verdade, celebramos no dia de Natal um\u00a0acontecimento perene e gr\u00e1vido\u00a0de &hellip;<\/p>\n<p class=\"read-more\"> <a class=\"\" href=\"https:\/\/www.cnbb.org.br\/tudo-seria-melhor-se-o-natal-nao-fosse-um-dia\/\"> <span class=\"screen-reader-text\">Tudo seria\u00a0melhor se o Natal n\u00e3o fosse um dia&#8230;\u00a0<\/span> Leia mais &raquo;<\/a><\/p>\n","protected":false},"author":2510,"featured_media":0,"comment_status":"closed","ping_status":"closed","sticky":false,"template":"","format":"standard","meta":{"site-sidebar-layout":"default","site-content-layout":"default","ast-global-header-display":"","ast-banner-title-visibility":"","ast-main-header-display":"","ast-hfb-above-header-display":"","ast-hfb-below-header-display":"","ast-hfb-mobile-header-display":"","site-post-title":"","ast-breadcrumbs-content":"","ast-featured-img":"","footer-sml-layout":"","theme-transparent-header-meta":"default","adv-header-id-meta":"","stick-header-meta":"","header-above-stick-meta":"","header-main-stick-meta":"","header-below-stick-meta":""},"categories":[758],"tags":[],"acf":[],"_links":{"self":[{"href":"https:\/\/www.cnbb.org.br\/cnbb-app\/wp\/v2\/posts\/993200"}],"collection":[{"href":"https:\/\/www.cnbb.org.br\/cnbb-app\/wp\/v2\/posts"}],"about":[{"href":"https:\/\/www.cnbb.org.br\/cnbb-app\/wp\/v2\/types\/post"}],"author":[{"embeddable":true,"href":"https:\/\/www.cnbb.org.br\/cnbb-app\/wp\/v2\/users\/2510"}],"replies":[{"embeddable":true,"href":"https:\/\/www.cnbb.org.br\/cnbb-app\/wp\/v2\/comments?post=993200"}],"version-history":[{"count":3,"href":"https:\/\/www.cnbb.org.br\/cnbb-app\/wp\/v2\/posts\/993200\/revisions"}],"predecessor-version":[{"id":993203,"href":"https:\/\/www.cnbb.org.br\/cnbb-app\/wp\/v2\/posts\/993200\/revisions\/993203"}],"wp:attachment":[{"href":"https:\/\/www.cnbb.org.br\/cnbb-app\/wp\/v2\/media?parent=993200"}],"wp:term":[{"taxonomy":"category","embeddable":true,"href":"https:\/\/www.cnbb.org.br\/cnbb-app\/wp\/v2\/categories?post=993200"},{"taxonomy":"post_tag","embeddable":true,"href":"https:\/\/www.cnbb.org.br\/cnbb-app\/wp\/v2\/tags?post=993200"}],"curies":[{"name":"wp","href":"https:\/\/api.w.org\/{rel}","templated":true}]}}