{"id":993223,"date":"2025-12-29T12:57:24","date_gmt":"2025-12-29T15:57:24","guid":{"rendered":"https:\/\/www.cnbb.org.br\/?p=993223"},"modified":"2025-12-29T12:57:56","modified_gmt":"2025-12-29T15:57:56","slug":"a-encarnacao-do-verbo","status":"publish","type":"post","link":"https:\/\/www.cnbb.org.br\/a-encarnacao-do-verbo\/","title":{"rendered":"A encarna\u00e7\u00e3o do Verbo\u00a0\u00a0"},"content":{"rendered":"<p style=\"text-align: right;\"><strong>Dom Vital Corbellini<br \/>\nBispo de Marab\u00e1 (PA)<\/strong><\/p>\n<p style=\"text-align: justify;\"><span data-ccp-props=\"{&quot;335551550&quot;:2,&quot;335551620&quot;:2}\">\u00a0<\/span><\/p>\n<p style=\"text-align: justify;\"><span data-contrast=\"auto\">N\u00f3s estamos festejando\u00a0o grande acontecimento divino e humano, que \u00e9 o santo Natal, mist\u00e9rio t\u00e3o pr\u00f3ximo e\u00a0infinito, o nascimento de Jesus em nossa realidade humana e pecadora, na qual o Senhor se fez carne e veio habitar no meio de n\u00f3s (cf. Jo 1,14). Ele foi anunciado pelos patriarcas,\u00a0os profetas no sentido do Messias que devia vir a o mundo, o Salvador da humanidade. Veremos a seguir este mist\u00e9rio a partir dos santos padres, os primeiros escritores do cristianismo.\u00a0<\/span><span data-ccp-props=\"{&quot;335551550&quot;:6,&quot;335551620&quot;:6}\">\u00a0<\/span><\/p>\n<p style=\"text-align: justify;\"><span data-contrast=\"auto\">O sentido da encarna\u00e7\u00e3o do Verbo<\/span><\/p>\n<p style=\"text-align: justify;\"><span data-contrast=\"auto\">Santo Ireneu de Li\u00e3o, bispo do s\u00e9culo III afirmou diante dos gn\u00f3sticos, negadores da encarna\u00e7\u00e3o, que o Senhor assumiu a carne humana, isto \u00e9 a realidade humana em tudo menos o pecado\u00a0cfr. Hb 2,17). O Verbo de Deus recebeu de Maria a gera\u00e7\u00e3o da recapitula\u00e7\u00e3o de Ad\u00e3o. Se\u00a0os primeiros seres humanos foram\u00a0tirados\u00a0da terra e modelados\u00a0pelo Verbo de Deus,\u00a0mas que ca\u00edram no pecado e na morte,\u00a0era necess\u00e1rio\u00a0que este mesmo Verbo, efetuando em si a recapitula\u00e7\u00e3o de Ad\u00e3o e de todos os seus descendentes, tivesse gera\u00e7\u00e3o semelhante \u00e0 dele. Desta forma n\u00e3o houve uma segunda obra modelada porque foi salva a primeira pelo Verbo encarnado que modelou a primeira obra humana<\/span><span data-contrast=\"auto\">1<\/span><span data-contrast=\"auto\">.\u00a0<\/span><span data-ccp-props=\"{&quot;335551550&quot;:6,&quot;335551620&quot;:6}\">\u00a0<\/span><\/p>\n<p style=\"text-align: justify;\"><span data-contrast=\"auto\">Ele se fez carne (cf. Jo 1,14)<\/span><\/p>\n<p style=\"text-align: justify;\"><span data-contrast=\"auto\">Diante do argumento que\u00a0Jesus n\u00e3o tomou nada de Maria,\u00a0nada da carne\u00a0humana,\u00a0Santo Ireneu levantou a pergunta no sentido de que\u00a0\u2018Como isso seria poss\u00edvel n\u00e3o viver a realidade humana, o Verbo que veio do Pai\u2019?\u00a0O\u00a0Bispo de Li\u00e3o\u00a0colocou\u00a0a contrariedade do argumento gn\u00f3stico que se Ele n\u00e3o recebeu de nenhum ser humano a subst\u00e2ncia da sua carne, Ele n\u00e3o se fez pessoa humana, nem Filho do Homem. Portanto, se Ele n\u00e3o se fez o que n\u00f3s \u00e9ramos, n\u00e3o tinha import\u00e2ncia nem o valor do sofrimento e do padecimento pela qual Ele teve que passar na sua paix\u00e3o, morte de cruz para chegar \u00e0 gl\u00f3ria da ressurrei\u00e7\u00e3o. Mas n\u00f3s acreditamos que Ele se fez carne (cf. Jo 1,14)\u00a0porque Jesus tomou carne de Maria, assumindo toda a realidade humana, com as\u00a0suas alegrias, dificuldades, problemas, esperan\u00e7as, espalhando o amor de Deus entre o povo e os seus\u00a0disc\u00edpulos. Ele recapitulou em si toda a vida humana, salvando a obra de suas m\u00e3os<\/span><span data-contrast=\"auto\">2<\/span><span data-contrast=\"auto\">.\u00a0<\/span><span data-ccp-props=\"{&quot;335551550&quot;:6,&quot;335551620&quot;:6}\">\u00a0<\/span><\/p>\n<p style=\"text-align: justify;\"><span data-contrast=\"auto\">A encarna\u00e7\u00e3o e a eucaristia<\/span><\/p>\n<p style=\"text-align: justify;\"><span data-contrast=\"auto\">Tertuliano, Padre da Igreja, Norte Africano,\u00a0dos s\u00e9culos II e III\u00a0deu import\u00e2ncia \u00e0 encarna\u00e7\u00e3o do Verbo de Deus\u00a0diante\u00a0tamb\u00e9m\u00a0dos gn\u00f3sticos que negavam a presen\u00e7a do Senhor\u00a0na eucaristia,\u00a0na cruz do sofrimento e da dor de Jesus. O fato era que Jesus desejou ardentemente comer a P\u00e1scoa, porque de fato era a sua P\u00e1scoa e seria indigno se Deus tivesse desejado alguma coisa que n\u00e3o fosse a sua carne. Por isso, ao tomar o p\u00e3o\u00a0disse Jesus que era o seu corpo, figura do seu pr\u00f3prio corpo(Lc 22,19). Como era o seu corpo, n\u00e3o foi uma coisa vazia\u00a0a sua morte de cruz, de modo que\u00a0no p\u00e3o\u00a0tomado por Ele,\u00a0estava o seu corpo dado para n\u00f3s e para a nossa salva\u00e7\u00e3o<\/span><span data-contrast=\"auto\">3<\/span><span data-contrast=\"auto\">.\u00a0<\/span><span data-ccp-props=\"{&quot;335551550&quot;:6,&quot;335551620&quot;:6}\">\u00a0<\/span><\/p>\n<p style=\"text-align: justify;\"><span data-contrast=\"auto\">A encarna\u00e7\u00e3o, a cruz e a eucaristia<\/span><\/p>\n<p style=\"text-align: justify;\"><span data-contrast=\"auto\">Tertuliano afirmou tamb\u00e9m que\u00a0Jesus Cristo iluminou todas as figuras antigas e realizou todas as promessas feitas a seu\u00a0respeito. Ele chamou o p\u00e3o\u00a0o seu corpo e explicou o significado do p\u00e3o, verdadeiro alimento para a vida eterna. Da mesma forma falou do c\u00e1lice (cfr. Lc 22,20) e estabeleceu o pacto selado com o seu sangue derramado ao longo de sua paix\u00e3o e morte confirmando a sua subst\u00e2ncia corp\u00f3rea. Desta forma o sangue n\u00e3o podia ser de nenhum corpo que n\u00e3o fosse de carne. Jesus derramou o seu sangue em vista da reden\u00e7\u00e3o humana<\/span><span data-contrast=\"auto\">4<\/span><span data-contrast=\"auto\">.<\/span><span data-ccp-props=\"{&quot;335551550&quot;:6,&quot;335551620&quot;:6}\">\u00a0<\/span><\/p>\n<p style=\"text-align: justify;\"><span data-contrast=\"auto\">Jesus Cristo encheu o mundo<\/span><\/p>\n<p style=\"text-align: justify;\"><span data-contrast=\"auto\">Santo Agostinho, Bispo de Hipona, Norte da \u00c1frica, s\u00e9culos IV E V\u00a0afirmou que Jesus Cristo\u00a0encheu o mundo,\u00a0pois Ele era o seu Criador junto com o Pai e o Esp\u00edrito Santo.\u00a0Desta forma, ao se encarnar Ele\u00a0n\u00e3o encontrou lugar na hospedaria,\u00a0mas Ele\u00a0foi colocado numa manjedoura\u00a0(cf. Lc 2,7)\u00a0e Ele se fez nossa alimento. Dois animais se acostaram no pres\u00e9pio: o boi que conheceu o seu patr\u00e3o e o burro a manjedoura, o coxo de seu Senhor (cfr. Is 1,3). O bispo convidava os seus fi\u00e9is a observar a realidade do Verbo de Deus feito carne,\u00a0na maior humildade,\u00a0para n\u00e3o envergonhar-se de ser um jumento do Senhor, porque foi\u00a0esse\u00a0animal que conduziu Jesus para a entrada de Jerusal\u00e9m. \u00c9 bom fazer lembran\u00e7a do jumento conduzido\u00a0ao Senhor (cf. Lc 19,34-35)\u00a0ningu\u00e9m\u00a0se envergonhe disso,\u00a0porque\u00a0somos n\u00f3s que devemos carregar o Senhor, encontrar-se com Ele. N\u00f3s somos convidados a viver a gra\u00e7a da encarna\u00e7\u00e3o do Verbo de Deus, feito carne\u00a0para a nossa salva\u00e7\u00e3o<\/span><span data-contrast=\"auto\">5<\/span><span data-contrast=\"auto\">.<\/span><span data-ccp-props=\"{&quot;335551550&quot;:6,&quot;335551620&quot;:6}\">\u00a0<\/span><\/p>\n<p style=\"text-align: justify;\"><span data-contrast=\"auto\">N\u00f3s desejamos um Feliz Natal com o Senhor Jesus que se fez pessoa humana para nos elevar at\u00e9 \u00e0 divindade. Somos irm\u00e3os e irm\u00e3s uns aos outros para viver a alegria do Natal,\u00a0do amor a Deus, ao pr\u00f3ximo como a si mesmo,\u00a0do encontro com o Senhor Jesus na eucaristia, na sua palavra de salva\u00e7\u00e3o e em todas as pessoas de nossas fam\u00edlias, comunidades, sobretudo aquelas mias necessitadas. O Natal possibilite vida nova para todos n\u00f3s aqui e agora e um dia na eternidade.\u00a0<\/span><span data-ccp-props=\"{&quot;335551550&quot;:6,&quot;335551620&quot;:6}\">\u00a0<\/span><\/p>\n","protected":false},"excerpt":{"rendered":"<p>Dom Vital Corbellini Bispo de Marab\u00e1 (PA) \u00a0 N\u00f3s estamos festejando\u00a0o grande acontecimento divino e humano, que \u00e9 o santo Natal, mist\u00e9rio t\u00e3o pr\u00f3ximo e\u00a0infinito, o nascimento de Jesus em nossa realidade humana e pecadora, na qual o Senhor se fez carne e veio habitar no meio de n\u00f3s (cf. Jo 1,14). Ele foi anunciado &hellip;<\/p>\n<p class=\"read-more\"> <a class=\"\" href=\"https:\/\/www.cnbb.org.br\/a-encarnacao-do-verbo\/\"> <span class=\"screen-reader-text\">A encarna\u00e7\u00e3o do Verbo\u00a0\u00a0<\/span> Leia mais &raquo;<\/a><\/p>\n","protected":false},"author":16,"featured_media":0,"comment_status":"closed","ping_status":"closed","sticky":false,"template":"","format":"standard","meta":{"site-sidebar-layout":"default","site-content-layout":"default","ast-global-header-display":"","ast-banner-title-visibility":"","ast-main-header-display":"","ast-hfb-above-header-display":"","ast-hfb-below-header-display":"","ast-hfb-mobile-header-display":"","site-post-title":"","ast-breadcrumbs-content":"","ast-featured-img":"","footer-sml-layout":"","theme-transparent-header-meta":"default","adv-header-id-meta":"","stick-header-meta":"","header-above-stick-meta":"","header-main-stick-meta":"","header-below-stick-meta":""},"categories":[758],"tags":[],"acf":[],"_links":{"self":[{"href":"https:\/\/www.cnbb.org.br\/cnbb-app\/wp\/v2\/posts\/993223"}],"collection":[{"href":"https:\/\/www.cnbb.org.br\/cnbb-app\/wp\/v2\/posts"}],"about":[{"href":"https:\/\/www.cnbb.org.br\/cnbb-app\/wp\/v2\/types\/post"}],"author":[{"embeddable":true,"href":"https:\/\/www.cnbb.org.br\/cnbb-app\/wp\/v2\/users\/16"}],"replies":[{"embeddable":true,"href":"https:\/\/www.cnbb.org.br\/cnbb-app\/wp\/v2\/comments?post=993223"}],"version-history":[{"count":2,"href":"https:\/\/www.cnbb.org.br\/cnbb-app\/wp\/v2\/posts\/993223\/revisions"}],"predecessor-version":[{"id":993225,"href":"https:\/\/www.cnbb.org.br\/cnbb-app\/wp\/v2\/posts\/993223\/revisions\/993225"}],"wp:attachment":[{"href":"https:\/\/www.cnbb.org.br\/cnbb-app\/wp\/v2\/media?parent=993223"}],"wp:term":[{"taxonomy":"category","embeddable":true,"href":"https:\/\/www.cnbb.org.br\/cnbb-app\/wp\/v2\/categories?post=993223"},{"taxonomy":"post_tag","embeddable":true,"href":"https:\/\/www.cnbb.org.br\/cnbb-app\/wp\/v2\/tags?post=993223"}],"curies":[{"name":"wp","href":"https:\/\/api.w.org\/{rel}","templated":true}]}}