{"id":993337,"date":"2026-01-05T10:03:11","date_gmt":"2026-01-05T13:03:11","guid":{"rendered":"https:\/\/www.cnbb.org.br\/?p=993337"},"modified":"2026-01-05T10:04:36","modified_gmt":"2026-01-05T13:04:36","slug":"festa-do-batismo-do-senhor-7","status":"publish","type":"post","link":"https:\/\/www.cnbb.org.br\/festa-do-batismo-do-senhor-7\/","title":{"rendered":"Festa do Batismo do Senhor\u00a0"},"content":{"rendered":"<div style=\"text-align: right;\"><strong>Dom Antonio Carlos Rossi Keller<\/strong><\/div>\n<p style=\"text-align: right;\"><strong>Bispo de Frederico Westphalen (RS)<\/strong><b><span data-contrast=\"auto\"><br \/>\n<\/span><\/b><span data-ccp-props=\"{&quot;201341983&quot;:0,&quot;335551550&quot;:2,&quot;335551620&quot;:2,&quot;335559739&quot;:140,&quot;335559740&quot;:276}\"><br \/>\n<\/span><\/p>\n<p><span data-ccp-props=\"{&quot;201341983&quot;:0,&quot;335551550&quot;:6,&quot;335551620&quot;:6,&quot;335559739&quot;:140,&quot;335559740&quot;:276}\">\u00a0<\/span><\/p>\n<p style=\"text-align: justify;\"><span data-contrast=\"auto\">A\u00a0<\/span><span data-contrast=\"auto\">Festa do Batismo do Senhor<\/span><span data-contrast=\"auto\">\u00a0marca o encerramento do Tempo do Natal e a transi\u00e7\u00e3o para o Tempo Comum. Celebramos o momento em que Jesus, j\u00e1 adulto, se apresenta no rio Jord\u00e3o junto a Jo\u00e3o Batista para receber o batismo de convers\u00e3o. Embora sem pecado, Jesus entra na \u00e1gua dos pecadores, manifestando assim a sua profunda solidariedade com a humanidade ca\u00edda. Este evento n\u00e3o \u00e9 somente uma epifania (manifesta\u00e7\u00e3o) do Filho de Deus, mas tamb\u00e9m o in\u00edcio oficial da sua vida p\u00fablica: os c\u00e9us se abrem, o Esp\u00edrito desce\u00a0e o Pai o proclama como \u201c<\/span><i><span data-contrast=\"auto\">Filho amado<\/span><\/i><span data-contrast=\"auto\">\u201d. A festa nos convida a redescobrir o sentido do nosso pr\u00f3prio batismo: n\u00e3o mero rito do passado, mas fonte permanente de identidade crist\u00e3 e for\u00e7a mission\u00e1ria.<\/span><span data-ccp-props=\"{&quot;201341983&quot;:0,&quot;335551550&quot;:6,&quot;335551620&quot;:6,&quot;335559739&quot;:140,&quot;335559740&quot;:360}\">\u00a0<\/span><\/p>\n<p style=\"text-align: justify;\" aria-level=\"3\"><b><span data-contrast=\"auto\">1.a\u00a0Leitura (Is 42,1-4.6-7) \u2014 O Servo do Senhor<\/span><\/b><\/p>\n<p style=\"text-align: justify;\"><span data-contrast=\"auto\">A primeira leitura apresenta o primeiro dos \u201cc\u00e2nticos do Servo\u201d em Isa\u00edas. Deus anuncia o seu \u201cservo eleito\u201d, sobre quem repousa o seu Esp\u00edrito, com a miss\u00e3o de trazer justi\u00e7a \u00e0s na\u00e7\u00f5es. Este servo age com delicadeza extrema: \u201cn\u00e3o quebra a cana rachada, nem apaga o pavio que ainda fumega\u201d \u2014 imagem de algu\u00e9m que cuida dos mais fr\u00e1geis e n\u00e3o desiste dos que est\u00e3o quase se apagando. Deus o constitui \u201calian\u00e7a do povo e luz das na\u00e7\u00f5es\u201d, para abrir olhos de cegos, libertar presos e tirar das trevas os que vivem no c\u00e1rcere.<\/span><span data-ccp-props=\"{&quot;201341983&quot;:0,&quot;335551550&quot;:6,&quot;335551620&quot;:6,&quot;335559739&quot;:140,&quot;335559740&quot;:360}\">\u00a0<\/span><\/p>\n<p style=\"text-align: justify;\"><span data-contrast=\"auto\">No Batismo de Jesus, a Igreja reconhece o cumprimento pleno desta profecia: Jesus \u00e9 o Servo por excel\u00eancia, ungido pelo Esp\u00edrito, que inaugura o Reino pela via da miseric\u00f3rdia e da n\u00e3o-viol\u00eancia. Ele n\u00e3o veio para condenar, mas para restaurar com ternura os cora\u00e7\u00f5es feridos.<\/span><span data-ccp-props=\"{&quot;201341983&quot;:0,&quot;335551550&quot;:6,&quot;335551620&quot;:6,&quot;335559739&quot;:140,&quot;335559740&quot;:360}\">\u00a0<\/span><\/p>\n<p style=\"text-align: justify;\" aria-level=\"3\"><b><span data-contrast=\"auto\">2.a Leitura (At 10,34-38) \u2014 O testemunho de Pedro<\/span><\/b><\/p>\n<p style=\"text-align: justify;\"><span data-contrast=\"auto\">Pedro, falando na casa de Corn\u00e9lio (um pag\u00e3o), proclama uma verdade revolucion\u00e1ria: \u201cDeus n\u00e3o faz acep\u00e7\u00e3o de pessoas\u201d. A salva\u00e7\u00e3o em Jesus Cristo \u00e9 universal. Ele resume a vida de Jesus a partir do batismo que Jo\u00e3o pregou: \u201cDeus ungiu com o Esp\u00edrito Santo e com poder a Jesus de Nazar\u00e9\u201d, que \u201cpassou fazendo o bem e curando todos os que eram oprimidos pelo dem\u00f4nio, porque Deus estava com ele\u201d.<\/span><span data-ccp-props=\"{&quot;201341983&quot;:0,&quot;335551550&quot;:6,&quot;335551620&quot;:6,&quot;335559739&quot;:140,&quot;335559740&quot;:360}\">\u00a0<\/span><\/p>\n<p style=\"text-align: justify;\"><span data-contrast=\"auto\">Este texto nos mostra o Batismo de Jesus como o ponto de partida do seu minist\u00e9rio: ungido pelo Esp\u00edrito, Ele se torna o \u201cSenhor de todos\u201d e inicia uma vida dedicada ao bem e \u00e0 liberta\u00e7\u00e3o. Pedro nos recorda que a mesma un\u00e7\u00e3o que desceu sobre Jesus no Jord\u00e3o continua atuando na Igreja: o Esp\u00edrito nos capacita a continuar a miss\u00e3o de \u201cfazer o bem\u201d e combater toda forma de opress\u00e3o.<\/span><span data-ccp-props=\"{&quot;201341983&quot;:0,&quot;335551550&quot;:6,&quot;335551620&quot;:6,&quot;335559739&quot;:140,&quot;335559740&quot;:360}\">\u00a0<\/span><\/p>\n<p style=\"text-align: justify;\" aria-level=\"3\"><b><span data-contrast=\"auto\">Evangelho (Mt 3,13-17) \u2014 O Batismo de Jesus no Jord\u00e3o<\/span><\/b><\/p>\n<p style=\"text-align: justify;\"><span data-contrast=\"auto\">Mateus apresenta o di\u00e1logo mais rico entre Jesus e Jo\u00e3o: Jo\u00e3o hesita (\u201cEu \u00e9 que preciso ser batizado por ti\u201d), mas Jesus responde: \u201cDeixa por agora, porque assim nos conv\u00e9m cumprir toda a justi\u00e7a\u201d. Jesus entra na \u00e1gua n\u00e3o por necessidade pr\u00f3pria, mas para \u201ccumprir toda a justi\u00e7a\u201d \u2014 ou seja, para realizar plenamente o plano de Deus, solidarizando-se com os pecadores e inaugurando a justi\u00e7a do Reino.<\/span><span data-ccp-props=\"{&quot;201341983&quot;:0,&quot;335551550&quot;:6,&quot;335551620&quot;:6,&quot;335559739&quot;:140,&quot;335559740&quot;:360}\">\u00a0<\/span><\/p>\n<p style=\"text-align: justify;\"><span data-contrast=\"auto\">Ao sair da \u00e1gua, os c\u00e9us se abrem, o Esp\u00edrito desce em forma de pomba e ouve-se a voz do Pai: \u201cEste \u00e9 o meu Filho amado, em quem ponho o meu bem-querer\u201d. \u00c9 a revela\u00e7\u00e3o trinit\u00e1ria plena: o Pai ama o Filho, o Esp\u00edrito o unge, e Jesus se revela como o Messias esperado.<\/span><span data-ccp-props=\"{&quot;201341983&quot;:0,&quot;335551550&quot;:6,&quot;335551620&quot;:6,&quot;335559739&quot;:140,&quot;335559740&quot;:360}\">\u00a0<\/span><\/p>\n<p style=\"text-align: justify;\" aria-level=\"3\"><b><span data-contrast=\"auto\">Aplica\u00e7\u00e3o pr\u00e1tica para a vida di\u00e1ria<\/span><\/b><span data-ccp-props=\"{&quot;134245418&quot;:true,&quot;201341983&quot;:0,&quot;335551550&quot;:6,&quot;335551620&quot;:6,&quot;335559738&quot;:0,&quot;335559739&quot;:140,&quot;335559740&quot;:360}\">\u00a0<\/span><\/p>\n<p style=\"text-align: justify;\"><span data-contrast=\"auto\">A Festa do Batismo do Senhor n\u00e3o \u00e9 somente mem\u00f3ria hist\u00f3rica: \u00e9 renova\u00e7\u00e3o do nosso pr\u00f3prio batismo. Perguntemo-nos:<\/span><span data-ccp-props=\"{&quot;201341983&quot;:0,&quot;335551550&quot;:6,&quot;335551620&quot;:6,&quot;335559739&quot;:140,&quot;335559740&quot;:360}\">\u00a0<\/span><\/p>\n<p><span data-contrast=\"auto\">Reconhe\u00e7o-me como \u201cfilho amado\u201d do Pai, mesmo nas minhas fragilidades? Deixo que esta certeza me liberte do medo e da desvaloriza\u00e7\u00e3o pessoal?\u00a0<\/span><span data-ccp-props=\"{&quot;201341983&quot;:0,&quot;335551550&quot;:6,&quot;335551620&quot;:6,&quot;335559739&quot;:0,&quot;335559740&quot;:360,&quot;469777462&quot;:[709],&quot;469777927&quot;:[0],&quot;469777928&quot;:[1]}\">\u00a0<\/span><\/p>\n<p><span data-contrast=\"auto\">Vivo a un\u00e7\u00e3o do Esp\u00edrito como for\u00e7a para \u201cfazer o bem\u201d no dia a dia? Sou delicado com os \u201cpavios que fumegam\u201d \u2014 com os desanimados, marginalizados, feridos?\u00a0<\/span><span data-ccp-props=\"{&quot;201341983&quot;:0,&quot;335551550&quot;:6,&quot;335551620&quot;:6,&quot;335559739&quot;:0,&quot;335559740&quot;:360,&quot;469777462&quot;:[709],&quot;469777927&quot;:[0],&quot;469777928&quot;:[1]}\">\u00a0<\/span><\/p>\n<p><span data-contrast=\"auto\">Coloco-me ao lado dos pecadores como Jesus fez, sem medo de \u201csujar as m\u00e3os\u201d, ou mantenho-me distante por medo do julgamento alheio?\u00a0<\/span><span data-ccp-props=\"{&quot;201341983&quot;:0,&quot;335551550&quot;:6,&quot;335551620&quot;:6,&quot;335559739&quot;:0,&quot;335559740&quot;:360,&quot;469777462&quot;:[709],&quot;469777927&quot;:[0],&quot;469777928&quot;:[1]}\">\u00a0<\/span><\/p>\n<p><span data-contrast=\"auto\">Cumpro a \u201cjusti\u00e7a\u201d no meu ambiente: fam\u00edlia, trabalho, bairro, defendendo a dignidade dos mais fr\u00e1geis e promovendo a paz pela miseric\u00f3rdia?\u00a0<\/span><span data-ccp-props=\"{&quot;201341983&quot;:0,&quot;335551550&quot;:6,&quot;335551620&quot;:6,&quot;335559739&quot;:140,&quot;335559740&quot;:360,&quot;469777462&quot;:[709],&quot;469777927&quot;:[0],&quot;469777928&quot;:[1]}\">\u00a0<\/span><\/p>\n<p style=\"text-align: justify;\"><span data-contrast=\"auto\">Renovemos hoje, conscientemente, as promessas batismais: renunciar ao pecado, crer no Evangelho e viver como filhos amados, ungidos para servir. Que o Esp\u00edrito que desceu sobre Jesus des\u00e7a tamb\u00e9m sobre n\u00f3s e nos impulsione a \u201ccumprir toda a justi\u00e7a\u201d no concreto da nossa exist\u00eancia cotidiana. Assim, o Natal n\u00e3o termina: continua em cada gesto de amor e de servi\u00e7o.<\/span><span data-ccp-props=\"{&quot;201341983&quot;:0,&quot;335551550&quot;:6,&quot;335551620&quot;:6,&quot;335559739&quot;:140,&quot;335559740&quot;:360}\">\u00a0<\/span><\/p>\n<p><span data-ccp-props=\"{&quot;201341983&quot;:0,&quot;335551550&quot;:6,&quot;335551620&quot;:6,&quot;335559739&quot;:0,&quot;335559740&quot;:240}\">\u00a0<\/span><\/p>\n<p><span data-ccp-props=\"{&quot;201341983&quot;:0,&quot;335551550&quot;:6,&quot;335551620&quot;:6,&quot;335559739&quot;:140,&quot;335559740&quot;:276}\">\u00a0<\/span><\/p>\n","protected":false},"excerpt":{"rendered":"<p>Dom Antonio Carlos Rossi Keller Bispo de Frederico Westphalen (RS) \u00a0 A\u00a0Festa do Batismo do Senhor\u00a0marca o encerramento do Tempo do Natal e a transi\u00e7\u00e3o para o Tempo Comum. Celebramos o momento em que Jesus, j\u00e1 adulto, se apresenta no rio Jord\u00e3o junto a Jo\u00e3o Batista para receber o batismo de convers\u00e3o. Embora sem pecado, &hellip;<\/p>\n<p class=\"read-more\"> <a class=\"\" href=\"https:\/\/www.cnbb.org.br\/festa-do-batismo-do-senhor-7\/\"> <span class=\"screen-reader-text\">Festa do Batismo do Senhor\u00a0<\/span> Leia mais &raquo;<\/a><\/p>\n","protected":false},"author":1821,"featured_media":0,"comment_status":"closed","ping_status":"closed","sticky":false,"template":"","format":"standard","meta":{"site-sidebar-layout":"default","site-content-layout":"default","ast-global-header-display":"","ast-banner-title-visibility":"","ast-main-header-display":"","ast-hfb-above-header-display":"","ast-hfb-below-header-display":"","ast-hfb-mobile-header-display":"","site-post-title":"","ast-breadcrumbs-content":"","ast-featured-img":"","footer-sml-layout":"","theme-transparent-header-meta":"default","adv-header-id-meta":"","stick-header-meta":"","header-above-stick-meta":"","header-main-stick-meta":"","header-below-stick-meta":""},"categories":[758],"tags":[],"acf":[],"_links":{"self":[{"href":"https:\/\/www.cnbb.org.br\/cnbb-app\/wp\/v2\/posts\/993337"}],"collection":[{"href":"https:\/\/www.cnbb.org.br\/cnbb-app\/wp\/v2\/posts"}],"about":[{"href":"https:\/\/www.cnbb.org.br\/cnbb-app\/wp\/v2\/types\/post"}],"author":[{"embeddable":true,"href":"https:\/\/www.cnbb.org.br\/cnbb-app\/wp\/v2\/users\/1821"}],"replies":[{"embeddable":true,"href":"https:\/\/www.cnbb.org.br\/cnbb-app\/wp\/v2\/comments?post=993337"}],"version-history":[{"count":2,"href":"https:\/\/www.cnbb.org.br\/cnbb-app\/wp\/v2\/posts\/993337\/revisions"}],"predecessor-version":[{"id":993339,"href":"https:\/\/www.cnbb.org.br\/cnbb-app\/wp\/v2\/posts\/993337\/revisions\/993339"}],"wp:attachment":[{"href":"https:\/\/www.cnbb.org.br\/cnbb-app\/wp\/v2\/media?parent=993337"}],"wp:term":[{"taxonomy":"category","embeddable":true,"href":"https:\/\/www.cnbb.org.br\/cnbb-app\/wp\/v2\/categories?post=993337"},{"taxonomy":"post_tag","embeddable":true,"href":"https:\/\/www.cnbb.org.br\/cnbb-app\/wp\/v2\/tags?post=993337"}],"curies":[{"name":"wp","href":"https:\/\/api.w.org\/{rel}","templated":true}]}}