{"id":993430,"date":"2026-01-07T08:57:16","date_gmt":"2026-01-07T11:57:16","guid":{"rendered":"https:\/\/www.cnbb.org.br\/?p=993430"},"modified":"2026-01-07T09:00:35","modified_gmt":"2026-01-07T12:00:35","slug":"comissao-nacional-de-presbiteros-cnp-realiza-assembleia-ordinaria-no-rio-de-janeiro","status":"publish","type":"post","link":"https:\/\/www.cnbb.org.br\/comissao-nacional-de-presbiteros-cnp-realiza-assembleia-ordinaria-no-rio-de-janeiro\/","title":{"rendered":"Comiss\u00e3o Nacional de Presb\u00edteros (CNP) realiza Assembleia Ordin\u00e1ria no Rio de Janeiro"},"content":{"rendered":"<p style=\"text-align: justify;\">A Comiss\u00e3o Nacional de Presb\u00edteros (CNP) realiza, entre os dias 5 e 8 de janeiro, sua Assembleia Ordin\u00e1ria no Centro de Estudos do Sumar\u00e9, no Rio de Janeiro. O encontro re\u00fane os presidentes das Comiss\u00f5es Regionais de Presb\u00edteros de todo o pa\u00eds e conta com a presen\u00e7a do bispo referencial, dom Cleocir Bonetti.<\/p>\n<p style=\"text-align: justify;\">Segundo o padre Andr\u00e9 Lu\u00eds do Vale, presidente da Comiss\u00e3o Nacional de Presb\u00edteros, a Assembleia \u00e9 um espa\u00e7o privilegiado de trabalho, escuta e comunh\u00e3o.<\/p>\n<blockquote>\n<p style=\"text-align: justify;\">\u201cA Comiss\u00e3o Nacional de Presb\u00edteros est\u00e1 reunida aqui no Rio de Janeiro, no Sumar\u00e9, para a sua Assembleia Ordin\u00e1ria. Temos a presen\u00e7a dos presidentes dos regionais e do nosso bispo referencial. Durante esses dias, estamos preparando o 20\u00ba Encontro Nacional de Presb\u00edteros e elaborando um subs\u00eddio sobre a Pastoral Presbiteral, al\u00e9m de tratar de diversos assuntos e encaminhamentos da Comiss\u00e3o\u201d, destacou.<\/p>\n<\/blockquote>\n<p style=\"text-align: justify;\">O padre Andr\u00e9 ressaltou ainda a import\u00e2ncia da partilha das experi\u00eancias dos regionais, que permite conhecer de perto as iniciativas e os desafios vividos nas diferentes regi\u00f5es do pa\u00eds no cuidado com os presb\u00edteros.<\/p>\n<blockquote>\n<p style=\"text-align: justify;\">\u201c\u00c9 um momento muito rico de escuta das experi\u00eancias que os regionais t\u00eam vivido nesse acompanhamento e cuidado com o presb\u00edtero em todo o Brasil\u201d, afirmou.<\/p>\n<\/blockquote>\n<div id='gallery-1' class='gallery galleryid-993430 gallery-columns-2 gallery-size-large'><figure class='gallery-item'>\n\t\t\t<div class='gallery-icon landscape'>\n\t\t\t\t<a href='https:\/\/www.cnbb.org.br\/wp-content\/uploads\/2026\/01\/WhatsApp-Image-2026-01-07-at-06.44.19-1.jpeg' title=\"\" data-rl_title=\"\" class=\"rl-gallery-link\" data-rl_caption=\"\" data-rel=\"lightbox-gallery-1\"><img width=\"1024\" height=\"768\" src=\"https:\/\/www.cnbb.org.br\/wp-content\/uploads\/2026\/01\/WhatsApp-Image-2026-01-07-at-06.44.19-1-1024x768.jpeg\" class=\"attachment-large size-large\" alt=\"\" decoding=\"async\" loading=\"lazy\" aria-describedby=\"gallery-1-993434\" srcset=\"https:\/\/www.cnbb.org.br\/wp-content\/uploads\/2026\/01\/WhatsApp-Image-2026-01-07-at-06.44.19-1-1024x768.jpeg 1024w, https:\/\/www.cnbb.org.br\/wp-content\/uploads\/2026\/01\/WhatsApp-Image-2026-01-07-at-06.44.19-1-300x225.jpeg 300w, https:\/\/www.cnbb.org.br\/wp-content\/uploads\/2026\/01\/WhatsApp-Image-2026-01-07-at-06.44.19-1-768x576.jpeg 768w, https:\/\/www.cnbb.org.br\/wp-content\/uploads\/2026\/01\/WhatsApp-Image-2026-01-07-at-06.44.19-1-1536x1152.jpeg 1536w, https:\/\/www.cnbb.org.br\/wp-content\/uploads\/2026\/01\/WhatsApp-Image-2026-01-07-at-06.44.19-1-500x375.jpeg 500w, https:\/\/www.cnbb.org.br\/wp-content\/uploads\/2026\/01\/WhatsApp-Image-2026-01-07-at-06.44.19-1-800x600.jpeg 800w, https:\/\/www.cnbb.org.br\/wp-content\/uploads\/2026\/01\/WhatsApp-Image-2026-01-07-at-06.44.19-1.jpeg 1600w\" sizes=\"(max-width: 1024px) 100vw, 1024px\" \/><\/a>\n\t\t\t<\/div>\n\t\t\t\t<figcaption class='wp-caption-text gallery-caption' id='gallery-1-993434'>\n\t\t\t\tFotos: padre Andr\u00e9 Lu\u00eds do Vale\n\t\t\t\t<\/figcaption><\/figure><figure class='gallery-item'>\n\t\t\t<div class='gallery-icon landscape'>\n\t\t\t\t<a href='https:\/\/www.cnbb.org.br\/wp-content\/uploads\/2026\/01\/WhatsApp-Image-2026-01-07-at-06.44.20.jpeg' title=\"\" data-rl_title=\"\" class=\"rl-gallery-link\" data-rl_caption=\"\" data-rel=\"lightbox-gallery-1\"><img width=\"1024\" height=\"768\" src=\"https:\/\/www.cnbb.org.br\/wp-content\/uploads\/2026\/01\/WhatsApp-Image-2026-01-07-at-06.44.20-1024x768.jpeg\" class=\"attachment-large size-large\" alt=\"\" decoding=\"async\" loading=\"lazy\" srcset=\"https:\/\/www.cnbb.org.br\/wp-content\/uploads\/2026\/01\/WhatsApp-Image-2026-01-07-at-06.44.20-1024x768.jpeg 1024w, https:\/\/www.cnbb.org.br\/wp-content\/uploads\/2026\/01\/WhatsApp-Image-2026-01-07-at-06.44.20-300x225.jpeg 300w, https:\/\/www.cnbb.org.br\/wp-content\/uploads\/2026\/01\/WhatsApp-Image-2026-01-07-at-06.44.20-768x576.jpeg 768w, https:\/\/www.cnbb.org.br\/wp-content\/uploads\/2026\/01\/WhatsApp-Image-2026-01-07-at-06.44.20-1536x1152.jpeg 1536w, https:\/\/www.cnbb.org.br\/wp-content\/uploads\/2026\/01\/WhatsApp-Image-2026-01-07-at-06.44.20-500x375.jpeg 500w, https:\/\/www.cnbb.org.br\/wp-content\/uploads\/2026\/01\/WhatsApp-Image-2026-01-07-at-06.44.20-800x600.jpeg 800w, https:\/\/www.cnbb.org.br\/wp-content\/uploads\/2026\/01\/WhatsApp-Image-2026-01-07-at-06.44.20.jpeg 1600w\" sizes=\"(max-width: 1024px) 100vw, 1024px\" \/><\/a>\n\t\t\t<\/div><\/figure>\n\t\t<\/div>\n\n<h3>Missa no Santu\u00e1rio Cristo Redentor<\/h3>\n<p style=\"text-align: justify;\">Como ponto alto espiritual da programa\u00e7\u00e3o, os participantes celebram a missa\u00a0no Santu\u00e1rio Arquidiocesano Cristo Redentor, nesta quarta-feira, 7 de janeiro, \u00e0s 18h, reunindo presb\u00edteros de diversas regi\u00f5es do pa\u00eds em ora\u00e7\u00e3o pelo minist\u00e9rio sacerdotal e pela miss\u00e3o da Igreja. A missa, realizada em um dos principais s\u00edmbolos religiosos e culturais do Brasil, expressa a unidade do presbit\u00e9rio e o cuidado da Igreja com aqueles que exercem o minist\u00e9rio ordenado.<\/p>\n<p style=\"text-align: justify;\">Al\u00e9m dos momentos de estudo, planejamento e partilha, a Assembleia \u00e9 marcada por tempos de ora\u00e7\u00e3o em comum e conviv\u00eancia fraterna, fortalecendo a comunh\u00e3o entre os membros da Comiss\u00e3o e reafirmando a centralidade da espiritualidade na caminhada da Pastoral Presbiteral no Brasil.<\/p>\n","protected":false},"excerpt":{"rendered":"<p>A CNP realiza, entre os dias 5 e 8 de janeiro, sua Assembleia Ordin\u00e1ria no Centro de Estudos do Sumar\u00e9, no Rio de Janeiro. O encontro re\u00fane os presidentes das Comiss\u00f5es Regionais de Presb\u00edteros de todo o pa\u00eds. Como ponto alto da programa\u00e7\u00e3o, os participantes celebram a missa\u00a0no Santu\u00e1rio Arquidiocesano Cristo Redentor, nesta quarta-feira, 7 de janeiro, \u00e0s 18h<\/p>\n","protected":false},"author":138,"featured_media":993435,"comment_status":"closed","ping_status":"closed","sticky":false,"template":"","format":"standard","meta":{"site-sidebar-layout":"default","site-content-layout":"default","ast-global-header-display":"","ast-banner-title-visibility":"","ast-main-header-display":"","ast-hfb-above-header-display":"","ast-hfb-below-header-display":"","ast-hfb-mobile-header-display":"","site-post-title":"","ast-breadcrumbs-content":"","ast-featured-img":"","footer-sml-layout":"","theme-transparent-header-meta":"default","adv-header-id-meta":"","stick-header-meta":"","header-above-stick-meta":"","header-main-stick-meta":"","header-below-stick-meta":""},"categories":[1083,50],"tags":[6282,2073],"acf":[],"_links":{"self":[{"href":"https:\/\/www.cnbb.org.br\/cnbb-app\/wp\/v2\/posts\/993430"}],"collection":[{"href":"https:\/\/www.cnbb.org.br\/cnbb-app\/wp\/v2\/posts"}],"about":[{"href":"https:\/\/www.cnbb.org.br\/cnbb-app\/wp\/v2\/types\/post"}],"author":[{"embeddable":true,"href":"https:\/\/www.cnbb.org.br\/cnbb-app\/wp\/v2\/users\/138"}],"replies":[{"embeddable":true,"href":"https:\/\/www.cnbb.org.br\/cnbb-app\/wp\/v2\/comments?post=993430"}],"version-history":[{"count":4,"href":"https:\/\/www.cnbb.org.br\/cnbb-app\/wp\/v2\/posts\/993430\/revisions"}],"predecessor-version":[{"id":993437,"href":"https:\/\/www.cnbb.org.br\/cnbb-app\/wp\/v2\/posts\/993430\/revisions\/993437"}],"wp:featuredmedia":[{"embeddable":true,"href":"https:\/\/www.cnbb.org.br\/cnbb-app\/wp\/v2\/media\/993435"}],"wp:attachment":[{"href":"https:\/\/www.cnbb.org.br\/cnbb-app\/wp\/v2\/media?parent=993430"}],"wp:term":[{"taxonomy":"category","embeddable":true,"href":"https:\/\/www.cnbb.org.br\/cnbb-app\/wp\/v2\/categories?post=993430"},{"taxonomy":"post_tag","embeddable":true,"href":"https:\/\/www.cnbb.org.br\/cnbb-app\/wp\/v2\/tags?post=993430"}],"curies":[{"name":"wp","href":"https:\/\/api.w.org\/{rel}","templated":true}]}}