{"id":993588,"date":"2026-01-12T09:05:52","date_gmt":"2026-01-12T12:05:52","guid":{"rendered":"https:\/\/www.cnbb.org.br\/?p=993588"},"modified":"2026-01-12T09:13:03","modified_gmt":"2026-01-12T12:13:03","slug":"anuncio-biblico-catequetico","status":"publish","type":"post","link":"https:\/\/www.cnbb.org.br\/anuncio-biblico-catequetico\/","title":{"rendered":"An\u00fancio b\u00edblico catequ\u00e9tico\u00a0"},"content":{"rendered":"<p style=\"text-align: right;\"><strong>Dom Paulo Mendes Peixoto\u00a0<\/strong><br \/>\n<strong>Arcebispo de Uberaba (MG)<\/strong><\/p>\n<p style=\"text-align: justify;\"><span data-ccp-props=\"{&quot;134233279&quot;:true,&quot;201341983&quot;:0,&quot;335551550&quot;:6,&quot;335551620&quot;:6,&quot;335559739&quot;:160,&quot;335559740&quot;:259}\">\u00a0<\/span><\/p>\n<p style=\"text-align: justify;\"><span data-contrast=\"auto\">Passado o ciclo do Natal, agora\u00a0a\u00a0liturgia se volta para o\u00a0Tempo\u00a0Comum, tempo de esperan\u00e7a, inclusive usando a cor verde nas celebra\u00e7\u00f5es eucar\u00edsticas. Mas, \u00e9 tempo de catequese b\u00edblica, de reflex\u00e3o da Palavra de Deus, proclamada em todos os momentos celebrativos. A f\u00e9\u00a0crist\u00e3\u00a0vem da Palavra, de Cristo falando ao povo, iluminando a vida das pessoas comprometidas\u00a0na comunidade.<\/span><span data-ccp-props=\"{&quot;134233279&quot;:true,&quot;201341983&quot;:0,&quot;335551550&quot;:6,&quot;335551620&quot;:6,&quot;335559731&quot;:1134,&quot;335559739&quot;:160,&quot;335559740&quot;:259}\">\u00a0<\/span><\/p>\n<p style=\"text-align: justify;\"><span data-contrast=\"auto\">Agora \u00e9 deixar que a luz de Deus brilhe\u00a0o caminho\u00a0de cada ser humano, fazendo dele um verdadeiro \u201ciluminado\u201d, algu\u00e9m que brilha, porque age com responsabilidade, tanto na verdade, quanto na justi\u00e7a. As leituras da Palavra de Deus, anunciadas na liturgia, principalmente dominical, quando ouvidas com aten\u00e7\u00e3o e colocadas em pr\u00e1tica, provocam,\u00a0na pessoa,\u00a0uma\u00a0conduta\u00a0de luz.<\/span><span data-ccp-props=\"{&quot;134233279&quot;:true,&quot;201341983&quot;:0,&quot;335551550&quot;:6,&quot;335551620&quot;:6,&quot;335559731&quot;:1134,&quot;335559739&quot;:160,&quot;335559740&quot;:259}\">\u00a0<\/span><\/p>\n<p style=\"text-align: justify;\"><span data-contrast=\"auto\">O tempo de vida na terra \u00e9 muito curto e cheio de trope\u00e7os, de atos escuros, de sofrimento, mas com possibilidades inesgot\u00e1veis, porque brilha a luz de Cristo na catequese b\u00edblica. A Palavra \u00e9 luz, \u00e9 como a estrela que guiou os Reis Magos caminhando na dire\u00e7\u00e3o da grande estrela, que era o Menino Jesus, Deus feito Homem, que foi encontrado na manjedoura, nos arredores de Bel\u00e9m (Mt 2,2).<\/span><span data-ccp-props=\"{&quot;134233279&quot;:true,&quot;201341983&quot;:0,&quot;335551550&quot;:6,&quot;335551620&quot;:6,&quot;335559731&quot;:1134,&quot;335559739&quot;:160,&quot;335559740&quot;:259}\">\u00a0<\/span><\/p>\n<p style=\"text-align: justify;\"><span data-contrast=\"auto\">Para Jesus, a pessoa, principalmente o crist\u00e3o, precisa ser luz, iluminado pela Palavra, com fundamento na express\u00e3o b\u00edblica: \u201cV\u00f3s sois a luz do mundo\u201d (Mt\u00a05,14).\u00a0Ser luz \u00e9 ser santo, ser aquilo que est\u00e1 contido nos prop\u00f3sitos da Palavra de Deus. A santidade \u00e9 um ponto de chegada na hist\u00f3ria da Salva\u00e7\u00e3o. Foi justamente para isto que aconteceu a Encarna\u00e7\u00e3o do Verbo, para elevar o ser\u00a0humano.<\/span><span data-ccp-props=\"{&quot;134233279&quot;:true,&quot;201341983&quot;:0,&quot;335551550&quot;:6,&quot;335551620&quot;:6,&quot;335559731&quot;:1134,&quot;335559739&quot;:160,&quot;335559740&quot;:259}\">\u00a0<\/span><\/p>\n<p style=\"text-align: justify;\"><span data-contrast=\"auto\">Falar a palavra \u201csantidade\u201d, na cultura hodierna, parece ir na contram\u00e3o da hist\u00f3ria. O fundamental \u00e9 ser santo, mesmo envolvidos e influenciados pela modernidade secular e laicizada. Paulo, ap\u00f3stolo, falando para a comunidade dos cor\u00edntios, cita as condutas imorais, os falsos profetas e os ensinamentos contr\u00e1rios \u00e0 f\u00e9, atos\u00a0esp\u00farios e\u00a0que desabonam\u00a0o caminho da santidade das pessoas (cf. 1Cor 5,8).<\/span><span data-ccp-props=\"{&quot;134233279&quot;:true,&quot;201341983&quot;:0,&quot;335551550&quot;:6,&quot;335551620&quot;:6,&quot;335559731&quot;:1134,&quot;335559739&quot;:160,&quot;335559740&quot;:259}\">\u00a0<\/span><\/p>\n<p style=\"text-align: justify;\"><span data-contrast=\"auto\">Em todo\u00a0o ciclo do\u00a0Tempo Comum,\u00a0a Palavra\u00a0de Deus\u00a0\u00e9 anunciada\u00a0para evidenciar a miss\u00e3o de Jesus Cristo e o compromisso de fidelidade dos crist\u00e3os com ele. \u00c9 aquilo que fez Jo\u00e3o Batista ao testemunhar a autenticidade do Cordeiro, do Filho de Deus, daquele que\u00a0tira as amarras da vida e revela a verdade sobre a terra.\u00a0Fica em nossas m\u00e3os dar continuidade \u00e0 miss\u00e3o do Cristo mission\u00e1rio.<\/span><span data-ccp-props=\"{&quot;134233279&quot;:true,&quot;201341983&quot;:0,&quot;335551550&quot;:6,&quot;335551620&quot;:6,&quot;335559731&quot;:1134,&quot;335559739&quot;:160,&quot;335559740&quot;:259}\">\u00a0<\/span><\/p>\n<p style=\"text-align: justify;\">\n","protected":false},"excerpt":{"rendered":"<p>Dom Paulo Mendes Peixoto\u00a0 Arcebispo de Uberaba (MG) \u00a0 Passado o ciclo do Natal, agora\u00a0a\u00a0liturgia se volta para o\u00a0Tempo\u00a0Comum, tempo de esperan\u00e7a, inclusive usando a cor verde nas celebra\u00e7\u00f5es eucar\u00edsticas. Mas, \u00e9 tempo de catequese b\u00edblica, de reflex\u00e3o da Palavra de Deus, proclamada em todos os momentos celebrativos. A f\u00e9\u00a0crist\u00e3\u00a0vem da Palavra, de Cristo falando &hellip;<\/p>\n<p class=\"read-more\"> <a class=\"\" href=\"https:\/\/www.cnbb.org.br\/anuncio-biblico-catequetico\/\"> <span class=\"screen-reader-text\">An\u00fancio b\u00edblico catequ\u00e9tico\u00a0<\/span> Leia mais &raquo;<\/a><\/p>\n","protected":false},"author":25,"featured_media":0,"comment_status":"closed","ping_status":"closed","sticky":false,"template":"","format":"standard","meta":{"site-sidebar-layout":"default","site-content-layout":"default","ast-global-header-display":"","ast-banner-title-visibility":"","ast-main-header-display":"","ast-hfb-above-header-display":"","ast-hfb-below-header-display":"","ast-hfb-mobile-header-display":"","site-post-title":"","ast-breadcrumbs-content":"","ast-featured-img":"","footer-sml-layout":"","theme-transparent-header-meta":"default","adv-header-id-meta":"","stick-header-meta":"","header-above-stick-meta":"","header-main-stick-meta":"","header-below-stick-meta":""},"categories":[758],"tags":[],"acf":[],"_links":{"self":[{"href":"https:\/\/www.cnbb.org.br\/cnbb-app\/wp\/v2\/posts\/993588"}],"collection":[{"href":"https:\/\/www.cnbb.org.br\/cnbb-app\/wp\/v2\/posts"}],"about":[{"href":"https:\/\/www.cnbb.org.br\/cnbb-app\/wp\/v2\/types\/post"}],"author":[{"embeddable":true,"href":"https:\/\/www.cnbb.org.br\/cnbb-app\/wp\/v2\/users\/25"}],"replies":[{"embeddable":true,"href":"https:\/\/www.cnbb.org.br\/cnbb-app\/wp\/v2\/comments?post=993588"}],"version-history":[{"count":3,"href":"https:\/\/www.cnbb.org.br\/cnbb-app\/wp\/v2\/posts\/993588\/revisions"}],"predecessor-version":[{"id":993591,"href":"https:\/\/www.cnbb.org.br\/cnbb-app\/wp\/v2\/posts\/993588\/revisions\/993591"}],"wp:attachment":[{"href":"https:\/\/www.cnbb.org.br\/cnbb-app\/wp\/v2\/media?parent=993588"}],"wp:term":[{"taxonomy":"category","embeddable":true,"href":"https:\/\/www.cnbb.org.br\/cnbb-app\/wp\/v2\/categories?post=993588"},{"taxonomy":"post_tag","embeddable":true,"href":"https:\/\/www.cnbb.org.br\/cnbb-app\/wp\/v2\/tags?post=993588"}],"curies":[{"name":"wp","href":"https:\/\/api.w.org\/{rel}","templated":true}]}}