{"id":993671,"date":"2026-01-14T14:54:52","date_gmt":"2026-01-14T17:54:52","guid":{"rendered":"https:\/\/www.cnbb.org.br\/?p=993671"},"modified":"2026-01-14T14:56:15","modified_gmt":"2026-01-14T17:56:15","slug":"2-domingo-do-tempo-comum-2","status":"publish","type":"post","link":"https:\/\/www.cnbb.org.br\/2-domingo-do-tempo-comum-2\/","title":{"rendered":"2\u00b0 Domingo do Tempo Comum"},"content":{"rendered":"<p style=\"text-align: right;\"><b><span data-contrast=\"auto\">Dom Carmo Jo\u00e3o Rhoden<\/span><\/b><span data-ccp-props=\"{&quot;201341983&quot;:0,&quot;335551550&quot;:2,&quot;335551620&quot;:2,&quot;335559739&quot;:160,&quot;335559740&quot;:259}\"><br \/>\n<\/span><b><span data-contrast=\"auto\">Bispo Em\u00e9rito de Taubat\u00e9 (SP)<\/span><\/b><span data-ccp-props=\"{&quot;201341983&quot;:0,&quot;335551550&quot;:2,&quot;335551620&quot;:2,&quot;335559739&quot;:160,&quot;335559740&quot;:259}\">\u00a0<\/span><\/p>\n<p style=\"text-align: justify;\">\n<p>2\u00b0Domingo do Tempo Comum 18\/01\/26. (Jo 1, 29-34)\u00a0<span data-ccp-props=\"{&quot;201341983&quot;:0,&quot;335551550&quot;:2,&quot;335551620&quot;:2,&quot;335559739&quot;:160,&quot;335559740&quot;:259}\">\u00a0<\/span><\/p>\n<p style=\"text-align: justify;\"><span data-ccp-props=\"{&quot;201341983&quot;:0,&quot;335551550&quot;:6,&quot;335551620&quot;:6,&quot;335559739&quot;:160,&quot;335559740&quot;:259}\">\u00a0<\/span><\/p>\n<p style=\"text-align: justify;\"><b><i><span data-contrast=\"auto\">Texto\u00a0referencial: \u201cAquele sobre quem vires o Esp\u00edrito Santo descer e permanecer, este \u00e9 quem batiza com Esp\u00edrito Santo, eu vi e dou testemunho, este \u00e9 o\u00a0Filho de Deus\u201d\u00a0<\/span><\/i><\/b><span data-ccp-props=\"{&quot;201341983&quot;:0,&quot;335551550&quot;:6,&quot;335551620&quot;:6,&quot;335559739&quot;:160,&quot;335559740&quot;:259}\">\u00a0<\/span><b><i><span data-contrast=\"auto\">(Jo\u00a01,34).<\/span><\/i><\/b><span data-ccp-props=\"{&quot;201341983&quot;:0,&quot;335551550&quot;:2,&quot;335551620&quot;:2,&quot;335559739&quot;:160,&quot;335559740&quot;:259}\">\u00a0<\/span><\/p>\n<p style=\"text-align: justify;\"><span data-contrast=\"auto\">No advento passado, Jo\u00e3o Batista, \u201co precursor\u201d apresentou o enviado de Deus como o Messias. Agora fala dele, como Cordeiro de Deus, que tira o pecado mundo e o apresenta como maior do ele o pr\u00f3prio Jo\u00e3o Batista. Este, tem consci\u00eancia de ser apenas o profeta precursor: veio preparar o caminho para o enviado do Pai. Jo\u00e3o Batista, foi um homem de f\u00e9, que tudo analisou \u00e0 luz da f\u00e9: viveu e morreu em fun\u00e7\u00e3o da miss\u00e3o.<\/span><span data-ccp-props=\"{&quot;201341983&quot;:0,&quot;335551550&quot;:6,&quot;335551620&quot;:6,&quot;335559739&quot;:160,&quot;335559740&quot;:259}\">\u00a0<\/span><\/p>\n<p style=\"text-align: justify;\"><span data-contrast=\"auto\">Como Jo\u00e3o Batista, somos n\u00f3s hoje, tamb\u00e9m convidados a conhecer melhor Jesus Cristo. Tudo depende do conhecimento e do amor que temos a Ele. Precisamos, portanto, ler mais e meditar melhor a Palavra de Deus: principalmente o novo testamento. O Conc\u00edlio Ecum\u00eanico Vaticano II na <\/span><b><i><span data-contrast=\"auto\">Dei Verbum\u00a0<\/span><\/i><\/b><span data-contrast=\"auto\">nos pede estarmos mais por dentro do conte\u00fado da revela\u00e7\u00e3o. O centro\u00a0e\u00a0o ponto alto da mesma \u00e9 Jesus Cristo. O enviado do Pai o \u201cMessias\u201d, o Cordeiro de Deus.\u00a0<\/span><span data-ccp-props=\"{&quot;201341983&quot;:0,&quot;335551550&quot;:6,&quot;335551620&quot;:6,&quot;335559739&quot;:160,&quot;335559740&quot;:259}\">\u00a0<\/span><\/p>\n<p style=\"text-align: justify;\"><span data-contrast=\"auto\">Jo\u00e3o afirma ainda que Ele (Cristo), \u00e9 de fato, o filho de Deus. Foi o grande testemunho de Batista quando afirma que sobre Ele (Cristo) estava o Esp\u00edrito Santo. H\u00e1, pois, uma verdadeira confiss\u00e3o trinit\u00e1ria, neste evangelho: 1. Do Filho de Deus (Jesus Cristo) 2. Do Esp\u00edrito Santo que autentica a miss\u00e3o do Filho. 3. Do Pai que em tudo avaliza em fun\u00e7\u00e3o da miss\u00e3o do enviado (o Cordeiro de Deus). Jo\u00e3o testemunhou a autenticidade do Messias, seja pelo testemunho da Palavra, quanto pela vivencia da miss\u00e3o, tornando-se m\u00e1rtir da miss\u00e3o. Por isso, chamado tamb\u00e9m de \u201cmaior nascido de mulher\u201d. \u00c9 claro \u2013 exceto \u2013 o pr\u00f3prio Jesus Cristo.<\/span><span data-ccp-props=\"{&quot;201341983&quot;:0,&quot;335551550&quot;:6,&quot;335551620&quot;:6,&quot;335559739&quot;:160,&quot;335559740&quot;:259}\">\u00a0<\/span><\/p>\n<p style=\"text-align: justify;\"><span data-contrast=\"auto\">Jesus teve precursor, mas n\u00e3o sucessor. Quer, no entanto, disc\u00edpulos, seguidores fi\u00e9is, ou seja, testemunhas, estes n\u00e3o faltam em nossos dias? A pergunta \u00e9 minha, mas a resposta \u00e9 nossa. De todos n\u00f3s. E ent\u00e3o como fica?<\/span><span data-ccp-props=\"{&quot;201341983&quot;:0,&quot;335551550&quot;:6,&quot;335551620&quot;:6,&quot;335559739&quot;:160,&quot;335559740&quot;:259}\">\u00a0<\/span><\/p>\n<p>&nbsp;<\/p>\n<p><span data-ccp-props=\"{&quot;201341983&quot;:0,&quot;335559739&quot;:160,&quot;335559740&quot;:259}\">\u00a0<\/span><\/p>\n<p><span data-ccp-props=\"{&quot;201341983&quot;:0,&quot;335551550&quot;:6,&quot;335551620&quot;:6,&quot;335559739&quot;:160,&quot;335559740&quot;:259}\">\u00a0<\/span><\/p>\n","protected":false},"excerpt":{"rendered":"<p>Dom Carmo Jo\u00e3o Rhoden Bispo Em\u00e9rito de Taubat\u00e9 (SP)\u00a0 2\u00b0Domingo do Tempo Comum 18\/01\/26. (Jo 1, 29-34)\u00a0\u00a0 \u00a0 Texto\u00a0referencial: \u201cAquele sobre quem vires o Esp\u00edrito Santo descer e permanecer, este \u00e9 quem batiza com Esp\u00edrito Santo, eu vi e dou testemunho, este \u00e9 o\u00a0Filho de Deus\u201d\u00a0\u00a0(Jo\u00a01,34).\u00a0 No advento passado, Jo\u00e3o Batista, \u201co precursor\u201d apresentou o &hellip;<\/p>\n<p class=\"read-more\"> <a class=\"\" href=\"https:\/\/www.cnbb.org.br\/2-domingo-do-tempo-comum-2\/\"> <span class=\"screen-reader-text\">2\u00b0 Domingo do Tempo Comum<\/span> Leia mais &raquo;<\/a><\/p>\n","protected":false},"author":132,"featured_media":0,"comment_status":"closed","ping_status":"closed","sticky":false,"template":"","format":"standard","meta":{"site-sidebar-layout":"default","site-content-layout":"default","ast-global-header-display":"","ast-banner-title-visibility":"","ast-main-header-display":"","ast-hfb-above-header-display":"","ast-hfb-below-header-display":"","ast-hfb-mobile-header-display":"","site-post-title":"","ast-breadcrumbs-content":"","ast-featured-img":"","footer-sml-layout":"","theme-transparent-header-meta":"default","adv-header-id-meta":"","stick-header-meta":"","header-above-stick-meta":"","header-main-stick-meta":"","header-below-stick-meta":""},"categories":[758],"tags":[],"acf":[],"_links":{"self":[{"href":"https:\/\/www.cnbb.org.br\/cnbb-app\/wp\/v2\/posts\/993671"}],"collection":[{"href":"https:\/\/www.cnbb.org.br\/cnbb-app\/wp\/v2\/posts"}],"about":[{"href":"https:\/\/www.cnbb.org.br\/cnbb-app\/wp\/v2\/types\/post"}],"author":[{"embeddable":true,"href":"https:\/\/www.cnbb.org.br\/cnbb-app\/wp\/v2\/users\/132"}],"replies":[{"embeddable":true,"href":"https:\/\/www.cnbb.org.br\/cnbb-app\/wp\/v2\/comments?post=993671"}],"version-history":[{"count":3,"href":"https:\/\/www.cnbb.org.br\/cnbb-app\/wp\/v2\/posts\/993671\/revisions"}],"predecessor-version":[{"id":993675,"href":"https:\/\/www.cnbb.org.br\/cnbb-app\/wp\/v2\/posts\/993671\/revisions\/993675"}],"wp:attachment":[{"href":"https:\/\/www.cnbb.org.br\/cnbb-app\/wp\/v2\/media?parent=993671"}],"wp:term":[{"taxonomy":"category","embeddable":true,"href":"https:\/\/www.cnbb.org.br\/cnbb-app\/wp\/v2\/categories?post=993671"},{"taxonomy":"post_tag","embeddable":true,"href":"https:\/\/www.cnbb.org.br\/cnbb-app\/wp\/v2\/tags?post=993671"}],"curies":[{"name":"wp","href":"https:\/\/api.w.org\/{rel}","templated":true}]}}