{"id":993692,"date":"2026-01-15T09:11:51","date_gmt":"2026-01-15T12:11:51","guid":{"rendered":"https:\/\/www.cnbb.org.br\/?p=993692"},"modified":"2026-01-15T09:16:43","modified_gmt":"2026-01-15T12:16:43","slug":"sao-sebastiao-11","status":"publish","type":"post","link":"https:\/\/www.cnbb.org.br\/sao-sebastiao-11\/","title":{"rendered":"S\u00e3o Sebasti\u00e3o\u00a0"},"content":{"rendered":"<p style=\"text-align: right;\"><strong>Cardeal Orani Jo\u00e3o Tempesta<\/strong><br \/>\n<strong>Arcebispo do Rio de Janeiro (RJ)\u00a0<\/strong><\/p>\n<p style=\"text-align: justify;\"><span data-ccp-props=\"{&quot;201341983&quot;:0,&quot;335551550&quot;:2,&quot;335551620&quot;:2,&quot;335559739&quot;:160,&quot;335559740&quot;:259}\">\u00a0<\/span><\/p>\n<p style=\"text-align: justify;\"><span data-contrast=\"auto\">Celebramos, nesta\u00a0ter\u00e7a-feira, dia 20 de janeiro de 2026, a festa lit\u00fargica de S\u00e3o Sebasti\u00e3o, padroeiro da Arquidiocese, da Catedral\u00a0e da cidade de S\u00e3o Sebasti\u00e3o do Rio de Janeiro. Este ano essa festa ganha ainda mais significado e nos enche de j\u00fabilo, pois a nossa Igreja Particular do Rio de Janeiro vive o Ano Jubilar, recordando os 450 anos da cria\u00e7\u00e3o da Prelazia e os 350 anos da\u00a0instala\u00e7\u00e3o\u00a0da Diocese de S\u00e3o Sebasti\u00e3o do Rio de Janeiro.\u00a0Depois de um quinqu\u00eanio jubilar chegamos a essas comemora\u00e7\u00f5es marcantes em nossa igreja.\u00a0<\/span><span data-ccp-props=\"{&quot;201341983&quot;:0,&quot;335551550&quot;:6,&quot;335551620&quot;:6,&quot;335559731&quot;:708,&quot;335559739&quot;:160,&quot;335559740&quot;:259}\">\u00a0<\/span><\/p>\n<p style=\"text-align: justify;\"><span data-contrast=\"auto\">Louvamos e agradecemos ao Senhor por tantos bens que Ele nos concedeu ao longo desse per\u00edodo e por tantas pessoas que evangelizaram e foram evangelizadas\u00a0(o hino do jubileu retrata bem essa nossa a\u00e7\u00e3o de gra\u00e7as). S\u00e3o quase quinhentos anos de hist\u00f3ria. Tanto a Diocese quanto a cidade de S\u00e3o Sebasti\u00e3o do Rio de Janeiro se formaram e cresceram em torno da b\u00ean\u00e7\u00e3o de S\u00e3o Sebasti\u00e3o. Rezemos por tantos padres, religiosos, bispos, consagrados e consagradas que passaram por esta aben\u00e7oada e prof\u00e9tica Igreja Metropolitana ao longo desse tempo e deram continuidade a essa bonita hist\u00f3ria.<\/span><span data-ccp-props=\"{&quot;201341983&quot;:0,&quot;335551550&quot;:6,&quot;335551620&quot;:6,&quot;335559731&quot;:708,&quot;335559739&quot;:160,&quot;335559740&quot;:259}\">\u00a0<\/span><\/p>\n<p style=\"text-align: justify;\"><span data-contrast=\"auto\">Neste dia do nosso padroeiro, apesar de ser feriado e um dia de descanso, precisamos arrumar um tempo para participar da Santa Missa\u00a0e da prociss\u00e3o\u00a0em honra a S\u00e3o Sebasti\u00e3o, pois ele \u00e9 o padroeiro de nossa cidade e de nossa Arquidiocese. Pe\u00e7amos a S\u00e3o Sebasti\u00e3o que nos proteja contra a peste, a fome e a guerra; pe\u00e7amos a paz para a nossa cidade e que todos tenham o direito de ir e vir. Roguemos a S\u00e3o Sebasti\u00e3o todas as nossas necessidades e confiemos na sua intercess\u00e3o. Quando celebramos a festa de um santo, temos a oportunidade de agradecer aquilo que ele nos concedeu no ano que passou e de pedir aquilo de que ainda necessitamos. Sempre teremos o que pedir, mas, sobretudo, teremos muito mais a agradecer.<\/span><span data-ccp-props=\"{&quot;201341983&quot;:0,&quot;335551550&quot;:6,&quot;335551620&quot;:6,&quot;335559731&quot;:708,&quot;335559739&quot;:160,&quot;335559740&quot;:259}\">\u00a0<\/span><\/p>\n<p style=\"text-align: justify;\"><span data-contrast=\"auto\">Em nossa Arquidiocese somos privilegiados por podermos celebrar a festa do nosso padroeiro logo no in\u00edcio do ano\u00a0(no Rio de Janeiro, os eventos do ano come\u00e7am com S\u00e3o Sebasti\u00e3o). Com isso, temos a oportunidade de, desde o come\u00e7o, pedir a prote\u00e7\u00e3o de S\u00e3o Sebasti\u00e3o para os meses que vir\u00e3o. Entreguemos a S\u00e3o Sebasti\u00e3o todos os nossos trabalhos pastorais ao longo deste ano; pe\u00e7amos que, por sua intercess\u00e3o, sejam aben\u00e7oados os nossos vocacionados, religiosos e religiosas, seminaristas, padres e bispos. E, ainda, agrade\u00e7amos a S\u00e3o Sebasti\u00e3o por quase quinhentos anos de evangeliza\u00e7\u00e3o.<\/span><span data-ccp-props=\"{&quot;201341983&quot;:0,&quot;335551550&quot;:6,&quot;335551620&quot;:6,&quot;335559731&quot;:708,&quot;335559739&quot;:160,&quot;335559740&quot;:259}\">\u00a0<\/span><\/p>\n<p style=\"text-align: justify;\"><span data-contrast=\"auto\">\u00c9\u00a0importante celebrar a festa de nosso santo padroeiro, independentemente da cren\u00e7a. Todos os cariocas participam\u00a0das\u00a0comemora\u00e7\u00f5es do\u00a0padroeiro\u00a0da cidade\u00a0pois ela\u00a0traz o nome de S\u00e3o Sebasti\u00e3o do Rio de Janeiro, embora popularmente muitos digam apenas \u201cRio\u201d ou \u201cRio de Janeiro\u201d. Portanto, ele \u00e9 padroeiro de todos, e devemos nos unir pedindo a sua prote\u00e7\u00e3o.<\/span><span data-ccp-props=\"{&quot;201341983&quot;:0,&quot;335551550&quot;:6,&quot;335551620&quot;:6,&quot;335559731&quot;:708,&quot;335559739&quot;:160,&quot;335559740&quot;:259}\">\u00a0<\/span><\/p>\n<p style=\"text-align: justify;\"><span data-contrast=\"auto\">A Missa principal desse dia acontecer\u00e1 \u00e0s 18h, na Catedral Metropolitana, mas antes teremos a prociss\u00e3o, \u00e0s 16h.\u00a0Na chegada da prociss\u00e3o ser\u00e1 encenado o Auto de S\u00e3o Sebasti\u00e3o.\u00a0Que, a partir da festa do nosso padroeiro, tenhamos um ano aben\u00e7oado, um ano conforme a gra\u00e7a de Deus. Participemos da Santa Missa e da prociss\u00e3o e pe\u00e7amos a intercess\u00e3o de S\u00e3o Sebasti\u00e3o ao longo do ano, rogando que ele nos livre das epidemias, das pestes, da fome e das guerras.<\/span><span data-ccp-props=\"{&quot;201341983&quot;:0,&quot;335551550&quot;:6,&quot;335551620&quot;:6,&quot;335559731&quot;:708,&quot;335559739&quot;:160,&quot;335559740&quot;:259}\">\u00a0<\/span><\/p>\n<p style=\"text-align: justify;\"><span data-contrast=\"auto\">A\u00a0partir do nosso batismo, tornamo-nos disc\u00edpulos e mission\u00e1rios de Jesus e, ainda, escolhidos por Deus para sermos sacerdotes, profetas e reis. O nosso padroeiro S\u00e3o Sebasti\u00e3o defendeu a f\u00e9 at\u00e9 as \u00faltimas consequ\u00eancias, e devemos ter em nosso cora\u00e7\u00e3o a mesma atitude: viver com coragem o nosso batismo e n\u00e3o ter medo de evangelizar os irm\u00e3os. Vivemos em um tempo que precisa urgentemente do an\u00fancio de Jesus Cristo e da paz, e s\u00f3 conseguiremos a paz por meio do an\u00fancio do Evangelho. Que cada um de n\u00f3s possa anunciar o Evangelho de Cristo onde estiver.<\/span><span data-ccp-props=\"{&quot;201341983&quot;:0,&quot;335551550&quot;:6,&quot;335551620&quot;:6,&quot;335559731&quot;:708,&quot;335559739&quot;:160,&quot;335559740&quot;:259}\">\u00a0<\/span><\/p>\n<p style=\"text-align: justify;\"><span data-contrast=\"auto\">Ao celebrar o nosso padroeiro S\u00e3o Sebasti\u00e3o, renovamos o compromisso de amar a nossa cidade, cuidar dela e respeitar todos os seus habitantes. Apesar dos muitos problemas que enfrentamos, precisamos gostar de viver aqui e zelar pela limpeza da cidade, preservando o transporte e cuidando do patrim\u00f4nio urbano. Se vivemos aqui, precisamos falar bem de nossa cidade, inclusive para acolher com alegria nossos parentes e amigos que desejem visit\u00e1-la. Tenhamos gosto de morar aqui e de convidar as pessoas a virem para c\u00e1. S\u00e3o Sebasti\u00e3o est\u00e1 intercedendo por n\u00f3s.<\/span><span data-ccp-props=\"{&quot;201341983&quot;:0,&quot;335551550&quot;:6,&quot;335551620&quot;:6,&quot;335559731&quot;:708,&quot;335559739&quot;:160,&quot;335559740&quot;:259}\">\u00a0<\/span><\/p>\n<p style=\"text-align: justify;\"><span data-contrast=\"auto\">Neste dia de S\u00e3o Sebasti\u00e3o, rezemos por todas as autoridades, em especial por aqueles que nos governam \u2014 prefeito e vereadores \u2014, que cuidam diretamente de nossa cidade, j\u00e1 que este \u00e9 um feriado municipal. N\u00e3o nos esque\u00e7amos de rezar tamb\u00e9m pelos membros do Judici\u00e1rio e do Minist\u00e9rio P\u00fablico, para que a distribui\u00e7\u00e3o equitativa da justi\u00e7a prevale\u00e7a entre os mun\u00edcipes desta bela cidade. Rezemos, ainda, pelas autoridades eclesi\u00e1sticas, bispos auxiliares e em\u00e9ritos, presb\u00edteros e di\u00e1conos, bem como por todos os seminaristas e pelas voca\u00e7\u00f5es sacerdotais e religiosas.<\/span><span data-ccp-props=\"{&quot;201341983&quot;:0,&quot;335551550&quot;:6,&quot;335551620&quot;:6,&quot;335559731&quot;:708,&quot;335559739&quot;:160,&quot;335559740&quot;:259}\">\u00a0<\/span><\/p>\n<p style=\"text-align: justify;\"><span data-contrast=\"auto\">S\u00e3o Sebasti\u00e3o nasceu em\u00a0Narbonne, na Fran\u00e7a; seus pais eram oriundos de Mil\u00e3o, na It\u00e1lia, no s\u00e9culo III. Desde cedo, S\u00e3o Sebasti\u00e3o foi muito generoso, buscando ajudar os seus irm\u00e3os. Recebeu o batismo e zelou firmemente por ele. Entrou para o servi\u00e7o do Imp\u00e9rio Romano e passou a integrar o ex\u00e9rcito devido ao seu vigor f\u00edsico e \u00e0 sua boa sa\u00fade. Em pouco tempo, tornou-se primeiro capit\u00e3o da guarda imperial. S\u00e3o Sebasti\u00e3o teve muita coragem, pois, anunciava Jesus Cristo aos presos e aos companheiros de ex\u00e9rcito.\u00a0Mesmo sendo crist\u00e3o, passou a fazer parte do ex\u00e9rcito de um imperador que perseguia os crist\u00e3os, testemunhando Jesus Cristo muitas vezes sem precisar explicit\u00e1-lo com palavras.<\/span><span data-ccp-props=\"{&quot;201341983&quot;:0,&quot;335551550&quot;:6,&quot;335551620&quot;:6,&quot;335559731&quot;:708,&quot;335559739&quot;:160,&quot;335559740&quot;:259}\">\u00a0<\/span><\/p>\n<p style=\"text-align: justify;\"><span data-contrast=\"auto\">S\u00e3o Sebasti\u00e3o era defensor da f\u00e9 e da Igreja: ouvia aqueles que eram presos e os consolava. Na verdade, colocava em pr\u00e1tica aquilo que Jesus disse no Evangelho: \u201cEstive preso e fostes me visitar\u201d. Defendeu e guardou os preceitos da f\u00e9 at\u00e9 o mart\u00edrio. Trazia no cora\u00e7\u00e3o a certeza de que era necess\u00e1rio defender a f\u00e9 at\u00e9 as \u00faltimas consequ\u00eancias e sabia que, em algum momento, poderia ser denunciado. E foi o que aconteceu: um ap\u00f3stata o denunciou ao Imp\u00e9rio. O imperador o chamou e ficou muito irritado por\u00a0ter ao seu lado um crist\u00e3o. Mesmo assim, S\u00e3o Sebasti\u00e3o manteve-se firme e, com muita coragem, afirmou que era necess\u00e1rio denunciar as injusti\u00e7as e o paganismo e anunciar Jesus Cristo.<\/span><span data-ccp-props=\"{&quot;201341983&quot;:0,&quot;335551550&quot;:6,&quot;335551620&quot;:6,&quot;335559731&quot;:708,&quot;335559739&quot;:160,&quot;335559740&quot;:259}\">\u00a0<\/span><\/p>\n<p style=\"text-align: justify;\"><span data-contrast=\"auto\">O imperador, enfurecido, mandou prend\u00ea-lo a um tronco e lan\u00e7ar sobre ele in\u00fameras flechas, a ponto de pensarem que estivesse morto. No entanto, uma mulher, esposa de um m\u00e1rtir, que o conhecia, aproximou-se dele, percebeu que ainda vivia e passou a cuidar de suas feridas. Ap\u00f3s recuperar a sa\u00fade, S\u00e3o Sebasti\u00e3o apresentou-se novamente ao imperador, desejando o seu bem e o bem de todo o Imp\u00e9rio. Evangelizou e testemunhou Jesus Cristo por algum tempo, mas, no ano de 288, foi brutalmente martirizado.<\/span><span data-ccp-props=\"{&quot;201341983&quot;:0,&quot;335551550&quot;:6,&quot;335551620&quot;:6,&quot;335559731&quot;:708,&quot;335559739&quot;:160,&quot;335559740&quot;:259}\">\u00a0<\/span><\/p>\n<p style=\"text-align: justify;\"><span data-contrast=\"auto\">Celebremos, cheios de alegria e confian\u00e7a em Deus, o dia de S\u00e3o Sebasti\u00e3o, padroeiro de nossa cidade e de nossa\u00a0arquidiocese. Tenhamos no cora\u00e7\u00e3o a certeza de que somos disc\u00edpulos e mission\u00e1rios do Senhor e n\u00e3o hesitemos em anunciar a Boa-Nova do Evangelho. Pe\u00e7amos a S\u00e3o Sebasti\u00e3o a\u00a0intercess\u00e3o pela\u00a0paz para a nossa cidade e para cada um de n\u00f3s e entreguemos a ele este ano que est\u00e1 come\u00e7ando.<\/span><span data-ccp-props=\"{&quot;201341983&quot;:0,&quot;335551550&quot;:6,&quot;335551620&quot;:6,&quot;335559731&quot;:708,&quot;335559739&quot;:160,&quot;335559740&quot;:259}\">\u00a0<\/span><\/p>\n<p style=\"text-align: justify;\"><span data-ccp-props=\"{&quot;201341983&quot;:0,&quot;335551550&quot;:6,&quot;335551620&quot;:6,&quot;335559731&quot;:708,&quot;335559739&quot;:160,&quot;335559740&quot;:259}\">\u00a0<\/span><\/p>\n","protected":false},"excerpt":{"rendered":"<p>Cardeal Orani Jo\u00e3o Tempesta Arcebispo do Rio de Janeiro (RJ)\u00a0 \u00a0 Celebramos, nesta\u00a0ter\u00e7a-feira, dia 20 de janeiro de 2026, a festa lit\u00fargica de S\u00e3o Sebasti\u00e3o, padroeiro da Arquidiocese, da Catedral\u00a0e da cidade de S\u00e3o Sebasti\u00e3o do Rio de Janeiro. Este ano essa festa ganha ainda mais significado e nos enche de j\u00fabilo, pois a nossa &hellip;<\/p>\n<p class=\"read-more\"> <a class=\"\" href=\"https:\/\/www.cnbb.org.br\/sao-sebastiao-11\/\"> <span class=\"screen-reader-text\">S\u00e3o Sebasti\u00e3o\u00a0<\/span> Leia mais &raquo;<\/a><\/p>\n","protected":false},"author":31,"featured_media":0,"comment_status":"closed","ping_status":"closed","sticky":false,"template":"","format":"standard","meta":{"site-sidebar-layout":"default","site-content-layout":"default","ast-global-header-display":"","ast-banner-title-visibility":"","ast-main-header-display":"","ast-hfb-above-header-display":"","ast-hfb-below-header-display":"","ast-hfb-mobile-header-display":"","site-post-title":"","ast-breadcrumbs-content":"","ast-featured-img":"","footer-sml-layout":"","theme-transparent-header-meta":"default","adv-header-id-meta":"","stick-header-meta":"","header-above-stick-meta":"","header-main-stick-meta":"","header-below-stick-meta":""},"categories":[758],"tags":[],"acf":[],"_links":{"self":[{"href":"https:\/\/www.cnbb.org.br\/cnbb-app\/wp\/v2\/posts\/993692"}],"collection":[{"href":"https:\/\/www.cnbb.org.br\/cnbb-app\/wp\/v2\/posts"}],"about":[{"href":"https:\/\/www.cnbb.org.br\/cnbb-app\/wp\/v2\/types\/post"}],"author":[{"embeddable":true,"href":"https:\/\/www.cnbb.org.br\/cnbb-app\/wp\/v2\/users\/31"}],"replies":[{"embeddable":true,"href":"https:\/\/www.cnbb.org.br\/cnbb-app\/wp\/v2\/comments?post=993692"}],"version-history":[{"count":2,"href":"https:\/\/www.cnbb.org.br\/cnbb-app\/wp\/v2\/posts\/993692\/revisions"}],"predecessor-version":[{"id":993694,"href":"https:\/\/www.cnbb.org.br\/cnbb-app\/wp\/v2\/posts\/993692\/revisions\/993694"}],"wp:attachment":[{"href":"https:\/\/www.cnbb.org.br\/cnbb-app\/wp\/v2\/media?parent=993692"}],"wp:term":[{"taxonomy":"category","embeddable":true,"href":"https:\/\/www.cnbb.org.br\/cnbb-app\/wp\/v2\/categories?post=993692"},{"taxonomy":"post_tag","embeddable":true,"href":"https:\/\/www.cnbb.org.br\/cnbb-app\/wp\/v2\/tags?post=993692"}],"curies":[{"name":"wp","href":"https:\/\/api.w.org\/{rel}","templated":true}]}}