{"id":993719,"date":"2026-01-16T08:44:57","date_gmt":"2026-01-16T11:44:57","guid":{"rendered":"https:\/\/www.cnbb.org.br\/?p=993719"},"modified":"2026-01-16T08:45:29","modified_gmt":"2026-01-16T11:45:29","slug":"3o-domingo-do-tempo-comum-3","status":"publish","type":"post","link":"https:\/\/www.cnbb.org.br\/3o-domingo-do-tempo-comum-3\/","title":{"rendered":"3\u00ba Domingo do Tempo Comum\u00a0"},"content":{"rendered":"<p style=\"text-align: right;\"><b><span data-contrast=\"auto\">Cardeal Orani Jo\u00e3o Tempesta<\/span><\/b><span data-ccp-props=\"{&quot;201341983&quot;:0,&quot;335551550&quot;:3,&quot;335551620&quot;:3,&quot;335559731&quot;:708,&quot;335559739&quot;:160,&quot;335559740&quot;:259}\"><br \/>\n<\/span><b><span data-contrast=\"auto\">Arcebispo do Rio de Janeiro (RJ)<\/span><\/b><span data-ccp-props=\"{&quot;201341983&quot;:0,&quot;335551550&quot;:3,&quot;335551620&quot;:3,&quot;335559731&quot;:708,&quot;335559739&quot;:160,&quot;335559740&quot;:259}\">\u00a0<\/span><\/p>\n<p style=\"text-align: justify;\"><b><span data-contrast=\"auto\"><\/p>\n<p>3\u00ba Domingo do Tempo Comum<\/span><\/b><span data-ccp-props=\"{&quot;201341983&quot;:0,&quot;335551550&quot;:2,&quot;335551620&quot;:2,&quot;335559739&quot;:160,&quot;335559740&quot;:259}\">\u00a0<\/span><\/p>\n<p style=\"text-align: justify;\"><span data-contrast=\"auto\">\u201c<\/span><i><span data-contrast=\"auto\">Segui-me e eu farei de v\u00f3s, pescadores de homens\u201d (Mt\u00a04,19)<\/span><\/i><span data-ccp-props=\"{&quot;201341983&quot;:0,&quot;335551550&quot;:2,&quot;335551620&quot;:2,&quot;335559739&quot;:160,&quot;335559740&quot;:259}\">\u00a0<\/span><\/p>\n<p style=\"text-align: justify;\"><span data-ccp-props=\"{&quot;201341983&quot;:0,&quot;335551550&quot;:6,&quot;335551620&quot;:6,&quot;335559739&quot;:160,&quot;335559740&quot;:259}\">\u00a0<\/span><\/p>\n<p style=\"text-align: justify;\"><span data-contrast=\"auto\">Celebramos neste domingo o Terceiro Domingo do Tempo Comum, que \u00e9 tamb\u00e9m o Domingo da Palavra de Deus, institu\u00eddo pelo Papa Francisco. Estamos prestes a finalizar o primeiro m\u00eas deste ano; os dias passam depressa e precisamos aproveitar cada instante. Ainda \u00e9 tempo de nos programarmos e escrevermos os nossos prop\u00f3sitos para este ano.\u00a0Hoje teremos a oportunidade de instituir novos ministros catequistas em nossa Catedral. Na pr\u00f3xima semana teremos aqui em nossa Arquidiocese mais um Curso para os Bispos.<\/span><span data-ccp-props=\"{&quot;201341983&quot;:0,&quot;335551550&quot;:6,&quot;335551620&quot;:6,&quot;335559731&quot;:708,&quot;335559739&quot;:160,&quot;335559740&quot;:259}\">\u00a0<\/span><\/p>\n<p style=\"text-align: justify;\"><span data-contrast=\"auto\">Aproveitemos este tempo para estarmos mais pr\u00f3ximos do Senhor, escutar a sua Palavra e coloc\u00e1-la em pr\u00e1tica. Acabamos de celebrar o nosso padroeiro, S\u00e3o Sebasti\u00e3o, que era um incans\u00e1vel pregador da Palavra de Deus. Sigamos o seu exemplo e anunciemos a Palavra do Senhor onde quer que estivermos.<\/span><span data-ccp-props=\"{&quot;201341983&quot;:0,&quot;335551550&quot;:6,&quot;335551620&quot;:6,&quot;335559731&quot;:708,&quot;335559739&quot;:160,&quot;335559740&quot;:259}\">\u00a0<\/span><\/p>\n<p style=\"text-align: justify;\"><span data-contrast=\"auto\">Ainda estamos em tempo de f\u00e9rias, da escola e do trabalho, mas n\u00e3o s\u00e3o f\u00e9rias de Deus. Mesmo quando estivermos viajando, precisamos nos organizar e reservar um tempo para ir \u00e0 Santa Missa. \u00c9 muito\u00a0importante ter\u00a0as fam\u00edlias participando da Santa Missa; fam\u00edlia que reza unida permanece unida. E, se a fam\u00edlia viaja, passeia e se diverte junta, tamb\u00e9m deve participar da Santa Missa.<\/span><span data-ccp-props=\"{&quot;201341983&quot;:0,&quot;335551550&quot;:6,&quot;335551620&quot;:6,&quot;335559731&quot;:708,&quot;335559739&quot;:160,&quot;335559740&quot;:259}\">\u00a0<\/span><\/p>\n<p style=\"text-align: justify;\"><span data-contrast=\"auto\">Celebramos sempre, no Terceiro Domingo do Tempo Comum, o Domingo da Palavra de Deus, institu\u00eddo pelo Papa Francisco em 2020. Bem sabemos que o M\u00eas da B\u00edblia \u00e9 setembro, e que no dia 30 desse m\u00eas celebramos S\u00e3o Jer\u00f4nimo, que traduziu a B\u00edblia do grego e do hebraico para o latim\u00a0e, por isso, no domingo\u00a0recordamos o Dia da B\u00edblia.\u00a0O\u00a0Papa quis chamar a aten\u00e7\u00e3o de todos os fi\u00e9is\u00a0do mundo, logo no in\u00edcio do ano, para que deem aten\u00e7\u00e3o \u00e0 Palavra de Deus ao longo de todo o ano, escutando-a, meditando-a e anunciando-a. Somos convidados a tirar a nossa B\u00edblia da estante, abri-la e medit\u00e1-la.<\/span><span data-ccp-props=\"{&quot;201341983&quot;:0,&quot;335551550&quot;:6,&quot;335551620&quot;:6,&quot;335559731&quot;:708,&quot;335559739&quot;:160,&quot;335559740&quot;:259}\">\u00a0<\/span><\/p>\n<p style=\"text-align: justify;\"><span data-contrast=\"auto\">A Palavra de Deus deve ser o nosso livro di\u00e1rio, e todos os dias devemos ler e meditar um trecho. A Palavra de Deus nos edifica e nos d\u00e1 for\u00e7as para enfrentarmos as adversidades do dia a dia. A B\u00edblia pode ser lida em fam\u00edlia, para que toda a fam\u00edlia esteja sob a gra\u00e7a de Deus. Seria bom que as par\u00f3quias e comunidades deixassem a Palavra de Deus em destaque\u00a0neste Domingo, seja na entrada da igreja, seja pr\u00f3ximo ao\u00a0amb\u00e3o\u00a0da Palavra. Dentre os prop\u00f3sitos para este ano, coloquemos como um deles a medita\u00e7\u00e3o di\u00e1ria da Palavra de Deus, al\u00e9m da participa\u00e7\u00e3o na Santa Missa aos domingos.<\/span><span data-ccp-props=\"{&quot;201341983&quot;:0,&quot;335551550&quot;:6,&quot;335551620&quot;:6,&quot;335559731&quot;:708,&quot;335559739&quot;:160,&quot;335559740&quot;:259}\">\u00a0<\/span><\/p>\n<p style=\"text-align: justify;\"><span data-contrast=\"auto\">A primeira leitura deste Domingo \u00e9 do livro do profeta Isa\u00edas (Is\u00a08,23b\u20139,3). Nessa leitura, o profeta quer dizer que o Senhor n\u00e3o fica lembrando dos nossos pecados e faltas do passado, se nos arrependermos de cora\u00e7\u00e3o sincero. Foi o que aconteceu com o povo de\u00a0Zabulon\u00a0e\u00a0Neftali: depois de t\u00ea-los humilhado, Deus os resgatou e cobriu de gl\u00f3ria o caminho do mar, do al\u00e9m-Jord\u00e3o e da Galileia das na\u00e7\u00f5es. O povo que andava na escurid\u00e3o viu uma grande luz. Essa escurid\u00e3o era o pecado em que esse povo vivia, e, por causa da infidelidade a Deus, foi exilado. Mas, como o Senhor n\u00e3o nos pune em propor\u00e7\u00e3o \u00e0s nossas faltas, Ele resgata esse povo e o traz novamente para Israel. A luz do Senhor brilhou sobre esse povo; o pecado que o oprimia foi retirado e a falta, encoberta.<\/span><span data-ccp-props=\"{&quot;201341983&quot;:0,&quot;335551550&quot;:6,&quot;335551620&quot;:6,&quot;335559731&quot;:708,&quot;335559739&quot;:160,&quot;335559740&quot;:259}\">\u00a0<\/span><\/p>\n<p style=\"text-align: justify;\"><span data-contrast=\"auto\">O salmo responsorial \u00e9 o 26(27), que nos diz em seu refr\u00e3o:\u00a0<\/span><i><span data-contrast=\"auto\">\u201cO Senhor \u00e9 minha luz e salva\u00e7\u00e3o, o Senhor \u00e9 a prote\u00e7\u00e3o da minha vida\u201d<\/span><\/i><span data-contrast=\"auto\">. Se o Senhor est\u00e1 conosco, nada devemos temer. Precisamos ter essa certeza em nosso cora\u00e7\u00e3o: s\u00f3 venceremos o mal se o Senhor estiver conosco. E ainda, que possamos sempre estar na presen\u00e7a do Senhor por toda a nossa vida.<\/span><span data-ccp-props=\"{&quot;201341983&quot;:0,&quot;335551550&quot;:6,&quot;335551620&quot;:6,&quot;335559731&quot;:708,&quot;335559739&quot;:160,&quot;335559740&quot;:259}\">\u00a0<\/span><\/p>\n<p style=\"text-align: justify;\"><span data-contrast=\"auto\">A segunda leitura \u00e9 da Primeira Carta de S\u00e3o Paulo aos Cor\u00edntios (1Cor 1,10-13.17). \u00c9 a sequ\u00eancia da leitura que ouvimos na semana passada. Paulo diz \u00e0 comunidade que n\u00e3o deve haver divis\u00e3o entre eles e que todos devem viver na conc\u00f3rdia e na harmonia. Havia certa divis\u00e3o na comunidade, pois alguns judeus n\u00e3o aceitavam a convers\u00e3o dos pag\u00e3os. Eles achavam que somente eles seriam salvos, por se considerarem a ra\u00e7a escolhida por Deus. Contudo, a salva\u00e7\u00e3o de Deus \u00e9 para todos, sejam os judeus, povo escolhido, sejam aqueles que se converteram agora. Por fim, Paulo afirma que na comunidade n\u00e3o deve haver divis\u00e3o: Cristo morreu na cruz para salvar a todos, e n\u00e3o somente a alguns. Devemos adorar o Cristo crucificado, que ressuscitou por amor a n\u00f3s.<\/span><span data-ccp-props=\"{&quot;201341983&quot;:0,&quot;335551550&quot;:6,&quot;335551620&quot;:6,&quot;335559731&quot;:708,&quot;335559739&quot;:160,&quot;335559740&quot;:259}\">\u00a0<\/span><\/p>\n<p style=\"text-align: justify;\"><span data-contrast=\"auto\">O Evangelho deste Domingo \u00e9 de Mateus (Mt\u00a04,12-23 \u2013 forma mais longa). Jesus vai at\u00e9\u00a0Zabulon\u00a0e\u00a0Neftali, terras mencionadas pelo profeta Isa\u00edas na primeira leitura. Ele vai a esses lugares para que se cumpra aquilo que o profeta havia anunciado: o povo que andava nas trevas viu uma grande luz. Como sabemos, muitas das coisas que aconteceram na vida de Jesus foram preditas pelo profeta Isa\u00edas, que\u00a0foi\u00a0um profeta\u00a0que\u00a0viveu cerca de quatrocentos anos antes de Jesus.<\/span><span data-ccp-props=\"{&quot;201341983&quot;:0,&quot;335551550&quot;:6,&quot;335551620&quot;:6,&quot;335559731&quot;:708,&quot;335559739&quot;:160,&quot;335559740&quot;:259}\">\u00a0<\/span><\/p>\n<p style=\"text-align: justify;\"><span data-contrast=\"auto\">Essas regi\u00f5es eram consideradas pag\u00e3s; por isso, o profeta diz que o povo andava nas trevas. Jesus tem a miss\u00e3o de ir at\u00e9 l\u00e1 para converter aquele povo e ser luz para eles. Ele come\u00e7ou a pregar dizendo:\u00a0<\/span><i><span data-contrast=\"auto\">\u201cConvertei-vos e crede no Evangelho\u201d<\/span><\/i><span data-contrast=\"auto\">. Essa convers\u00e3o nada mais \u00e9 do que mudan\u00e7a de vida, mudan\u00e7a de atitude. E n\u00e3o somente aquele povo de\u00a0Zabulon\u00a0e\u00a0Neftali, mas cada um de n\u00f3s precisa de uma convers\u00e3o di\u00e1ria.<\/span><span data-ccp-props=\"{&quot;201341983&quot;:0,&quot;335551550&quot;:6,&quot;335551620&quot;:6,&quot;335559731&quot;:708,&quot;335559739&quot;:160,&quot;335559740&quot;:259}\">\u00a0<\/span><\/p>\n<p style=\"text-align: justify;\"><span data-contrast=\"auto\">Ao continuar andando \u00e0 beira do mar da Galileia, Jesus viu dois irm\u00e3os, Andr\u00e9 e Sim\u00e3o. Eles estavam lan\u00e7ando as redes ao mar, pois eram pescadores. Jesus os chama e diz:\u00a0<\/span><i><span data-contrast=\"auto\">\u201cSegui-me, e eu farei de v\u00f3s pescadores de homens\u201d<\/span><\/i><span data-contrast=\"auto\">. Eles imediatamente deixaram tudo e come\u00e7aram a seguir Jesus. O mesmo aconteceu com Tiago e Jo\u00e3o, filhos de\u00a0Zebedeu: deixaram tudo e seguiram Jesus. Jesus percorria toda a Galileia pregando e anunciando o Reino.<\/span><span data-ccp-props=\"{&quot;201341983&quot;:0,&quot;335551550&quot;:6,&quot;335551620&quot;:6,&quot;335559731&quot;:708,&quot;335559739&quot;:160,&quot;335559740&quot;:259}\">\u00a0<\/span><\/p>\n<p style=\"text-align: justify;\"><span data-contrast=\"auto\">O que aconteceu com esses quatro ap\u00f3stolos pode acontecer com cada um de n\u00f3s. Jesus continua a chamar pessoas dispostas a segui-lo. Ele escolhe pessoas simples; n\u00e3o escolhe necessariamente letrados, inteligentes ou j\u00e1 considerados santos. Esses quatro homens eram pescadores, tinham uma vida simples e deixaram tudo para seguir o Mestre.<\/span><span data-ccp-props=\"{&quot;201341983&quot;:0,&quot;335551550&quot;:6,&quot;335551620&quot;:6,&quot;335559731&quot;:708,&quot;335559739&quot;:160,&quot;335559740&quot;:259}\">\u00a0<\/span><\/p>\n<p style=\"text-align: justify;\"><span data-contrast=\"auto\">O Senhor continua a chamar disc\u00edpulos para segui-lo, e pode ser cada um de n\u00f3s. Ele nos chama por meio da nossa ora\u00e7\u00e3o pessoal e da intimidade com o Senhor. Precisamos acolher esse chamado em nosso cora\u00e7\u00e3o, e n\u00e3o necessariamente para sermos padres ou freiras, mas para ajudarmos em nossa comunidade paroquial, como leitores, ministros da Eucaristia, catequistas, dentre outras fun\u00e7\u00f5es. Basta abra\u00e7ar com amor essa voca\u00e7\u00e3o.<\/span><span data-ccp-props=\"{&quot;201341983&quot;:0,&quot;335551550&quot;:6,&quot;335551620&quot;:6,&quot;335559731&quot;:708,&quot;335559739&quot;:160,&quot;335559740&quot;:259}\">\u00a0<\/span><\/p>\n<p style=\"text-align: justify;\"><span data-contrast=\"auto\">Celebremos com alegria este Terceiro Domingo do Tempo Comum, nutrindo em nosso cora\u00e7\u00e3o a certeza de que o Senhor sempre nos chama e espera o nosso \u201csim\u201d.\u00a0Em S\u00e3o Paulo hoje celebram a Convers\u00e3o do Ap\u00f3stolo das gentes \u2013 nossa unidade com esses nossos irm\u00e3os.\u00a0Pelo nosso batismo, somos chamados a ser sinais do seu amor para aqueles que encontrarmos. Abra\u00e7ar a voca\u00e7\u00e3o \u00e9 um gesto de amor e gratid\u00e3o a Deus.\u00a0<\/span><span data-ccp-props=\"{&quot;201341983&quot;:0,&quot;335551550&quot;:6,&quot;335551620&quot;:6,&quot;335559731&quot;:708,&quot;335559739&quot;:160,&quot;335559740&quot;:259}\">\u00a0<\/span><\/p>\n<p style=\"text-align: justify;\">\n","protected":false},"excerpt":{"rendered":"<p>Cardeal Orani Jo\u00e3o Tempesta Arcebispo do Rio de Janeiro (RJ)\u00a0 3\u00ba Domingo do Tempo Comum\u00a0 \u201cSegui-me e eu farei de v\u00f3s, pescadores de homens\u201d (Mt\u00a04,19)\u00a0 \u00a0 Celebramos neste domingo o Terceiro Domingo do Tempo Comum, que \u00e9 tamb\u00e9m o Domingo da Palavra de Deus, institu\u00eddo pelo Papa Francisco. Estamos prestes a finalizar o primeiro m\u00eas &hellip;<\/p>\n<p class=\"read-more\"> <a class=\"\" href=\"https:\/\/www.cnbb.org.br\/3o-domingo-do-tempo-comum-3\/\"> <span class=\"screen-reader-text\">3\u00ba Domingo do Tempo Comum\u00a0<\/span> Leia mais &raquo;<\/a><\/p>\n","protected":false},"author":31,"featured_media":0,"comment_status":"closed","ping_status":"closed","sticky":false,"template":"","format":"standard","meta":{"site-sidebar-layout":"default","site-content-layout":"default","ast-global-header-display":"","ast-banner-title-visibility":"","ast-main-header-display":"","ast-hfb-above-header-display":"","ast-hfb-below-header-display":"","ast-hfb-mobile-header-display":"","site-post-title":"","ast-breadcrumbs-content":"","ast-featured-img":"","footer-sml-layout":"","theme-transparent-header-meta":"default","adv-header-id-meta":"","stick-header-meta":"","header-above-stick-meta":"","header-main-stick-meta":"","header-below-stick-meta":""},"categories":[758],"tags":[],"acf":[],"_links":{"self":[{"href":"https:\/\/www.cnbb.org.br\/cnbb-app\/wp\/v2\/posts\/993719"}],"collection":[{"href":"https:\/\/www.cnbb.org.br\/cnbb-app\/wp\/v2\/posts"}],"about":[{"href":"https:\/\/www.cnbb.org.br\/cnbb-app\/wp\/v2\/types\/post"}],"author":[{"embeddable":true,"href":"https:\/\/www.cnbb.org.br\/cnbb-app\/wp\/v2\/users\/31"}],"replies":[{"embeddable":true,"href":"https:\/\/www.cnbb.org.br\/cnbb-app\/wp\/v2\/comments?post=993719"}],"version-history":[{"count":2,"href":"https:\/\/www.cnbb.org.br\/cnbb-app\/wp\/v2\/posts\/993719\/revisions"}],"predecessor-version":[{"id":993721,"href":"https:\/\/www.cnbb.org.br\/cnbb-app\/wp\/v2\/posts\/993719\/revisions\/993721"}],"wp:attachment":[{"href":"https:\/\/www.cnbb.org.br\/cnbb-app\/wp\/v2\/media?parent=993719"}],"wp:term":[{"taxonomy":"category","embeddable":true,"href":"https:\/\/www.cnbb.org.br\/cnbb-app\/wp\/v2\/categories?post=993719"},{"taxonomy":"post_tag","embeddable":true,"href":"https:\/\/www.cnbb.org.br\/cnbb-app\/wp\/v2\/tags?post=993719"}],"curies":[{"name":"wp","href":"https:\/\/api.w.org\/{rel}","templated":true}]}}