{"id":993779,"date":"2026-01-19T08:58:21","date_gmt":"2026-01-19T11:58:21","guid":{"rendered":"https:\/\/www.cnbb.org.br\/?p=993779"},"modified":"2026-01-19T08:59:09","modified_gmt":"2026-01-19T11:59:09","slug":"testemunhar-jesus-ressuscitado-no-cotidiano-eis-o-cordeiro-de-deus-que-tira-o-pecado-do-mundo","status":"publish","type":"post","link":"https:\/\/www.cnbb.org.br\/testemunhar-jesus-ressuscitado-no-cotidiano-eis-o-cordeiro-de-deus-que-tira-o-pecado-do-mundo\/","title":{"rendered":"Testemunhar Jesus Ressuscitado no cotidiano: Eis o Cordeiro de Deus que tira o pecado do mundo!\u00a0"},"content":{"rendered":"<p style=\"text-align: right;\"><b><span data-contrast=\"auto\">Dom Anuar Battisti<\/span><\/b><span data-ccp-props=\"{&quot;201341983&quot;:0,&quot;335551550&quot;:2,&quot;335551620&quot;:2,&quot;335559739&quot;:160,&quot;335559740&quot;:278}\"><br \/>\n<\/span><b><span data-contrast=\"auto\">Arcebispo Em\u00e9rito de Maring\u00e1 (PR)<\/span><\/b><span data-ccp-props=\"{&quot;201341983&quot;:0,&quot;335551550&quot;:2,&quot;335551620&quot;:2,&quot;335559739&quot;:160,&quot;335559740&quot;:278}\">\u00a0<\/span><\/p>\n<p style=\"text-align: justify;\"><span data-ccp-props=\"{&quot;201341983&quot;:0,&quot;335551550&quot;:6,&quot;335551620&quot;:6,&quot;335559731&quot;:708,&quot;335559739&quot;:160,&quot;335559740&quot;:278}\">\u00a0<\/span><\/p>\n<p style=\"text-align: justify;\"><span data-contrast=\"auto\">Depois do encantamento do tempo lit\u00fargico do Natal, iniciamos a primeira etapa do Tempo Comum, que vai at\u00e9 a ter\u00e7a-feira que antecede a Quarta-feira de Cinzas, com o in\u00edcio da Quaresma. O ordin\u00e1rio na vida da Igreja nos permite iluminar a nossa vida pelo Cristo Ressuscitado!<\/span><span data-ccp-props=\"{&quot;201341983&quot;:0,&quot;335551550&quot;:6,&quot;335551620&quot;:6,&quot;335559731&quot;:708,&quot;335559739&quot;:160,&quot;335559740&quot;:278}\">\u00a0<\/span><\/p>\n<p style=\"text-align: justify;\"><span data-contrast=\"auto\">As leituras que a liturgia deste 2\u00ba Domingo do Tempo Comum nos prop\u00f5e recordam-nos que Deus conta conosco para concretizar o seu projeto de salva\u00e7\u00e3o em favor dos homens. Ele nos escolhe, nos chama, nos envia e nos habilita para sermos suas testemunhas no mundo. N\u00e3o temos o direito de frustrar, com as nossas recusas, o projeto de Deus.<\/span><span data-ccp-props=\"{&quot;201341983&quot;:0,&quot;335551550&quot;:6,&quot;335551620&quot;:6,&quot;335559731&quot;:708,&quot;335559739&quot;:160,&quot;335559740&quot;:278}\">\u00a0<\/span><\/p>\n<p style=\"text-align: justify;\"><span data-contrast=\"auto\">A primeira leitura \u2013 Is 49,3.5-6 \u2013 traz-nos a hist\u00f3ria da voca\u00e7\u00e3o de um \u201cServo do Senhor\u201d, escolhido por Deus \u201cdesde o seio materno\u201d para ser \u201cluz das na\u00e7\u00f5es\u201d e levar a salva\u00e7\u00e3o de Deus \u201cat\u00e9 os confins da terra\u201d. Consciente de que Deus o sustenta com a sua for\u00e7a, o Servo disp\u00f5e-se a cumprir a miss\u00e3o que lhe \u00e9 confiada. Quando Deus nos inclui nos seus planos, a nossa resposta s\u00f3 pode ser um \u201csim\u201d sem retic\u00eancias. O segundo C\u00e2ntico do Servo, identificado pela Igreja com o pr\u00f3prio Jesus, mostra que o Servo tem consci\u00eancia de sua miss\u00e3o prof\u00e9tica: reunir e restaurar o povo disperso. Ele \u00e9 \u201cluz das na\u00e7\u00f5es\u201d, isto \u00e9, sua miss\u00e3o \u00e9 universal. Todos somos servos do Senhor, a servi\u00e7o dos seus planos.<\/span><span data-ccp-props=\"{&quot;201341983&quot;:0,&quot;335551550&quot;:6,&quot;335551620&quot;:6,&quot;335559731&quot;:708,&quot;335559739&quot;:160,&quot;335559740&quot;:278}\">\u00a0<\/span><\/p>\n<p style=\"text-align: justify;\"><span data-contrast=\"auto\">Na segunda leitura \u2013 1Cor 1,1-3 \u2013, Paulo de Tarso lembra aos crist\u00e3os da cidade de Corinto que todos s\u00e3o chamados a cumprir a miss\u00e3o que Deus lhes destina. Paulo, chamado por Deus a ser ap\u00f3stolo de Jesus Cristo, ir\u00e1 anunciar o Evangelho em todo lugar aonde a vida o levar; os cor\u00edntios, chamados \u00e0 santidade, dever\u00e3o viver de forma coerente com a vida nova que assumiram no dia em que se comprometeram com Jesus e com o Evangelho. A comunidade \u00e9 chamada e convidada a viver na unidade, na fraternidade e na paz.<\/span><span data-ccp-props=\"{&quot;201341983&quot;:0,&quot;335551550&quot;:6,&quot;335551620&quot;:6,&quot;335559731&quot;:708,&quot;335559739&quot;:160,&quot;335559740&quot;:278}\">\u00a0<\/span><\/p>\n<p style=\"text-align: justify;\"><span data-contrast=\"auto\">No Evangelho \u2013 Jo 1,29-34 \u2013, Jo\u00e3o Batista apresenta Jesus: Ele \u00e9 \u201co Cordeiro de Deus que tira o pecado do mundo\u201d, o \u201cFilho de Deus\u201d, que possui a plenitude do Esp\u00edrito e que vem batizar os homens no Esp\u00edrito. Jesus recebeu do Pai a miss\u00e3o de oferecer aos homens a vida nova de Deus e ir\u00e1 cumpri-la com absoluta fidelidade. N\u00f3s, os que nos aproximamos de Jesus e decidimos segui-Lo, continuamos a obra de Jesus: somos enviados a levar ao mundo a salva\u00e7\u00e3o de Deus.<\/span><span data-ccp-props=\"{&quot;201341983&quot;:0,&quot;335551550&quot;:6,&quot;335551620&quot;:6,&quot;335559731&quot;:708,&quot;335559739&quot;:160,&quot;335559740&quot;:278}\">\u00a0<\/span><\/p>\n<p style=\"text-align: justify;\"><span data-contrast=\"auto\">Jo\u00e3o Batista se apresenta como precursor, enviado por Deus para dar testemunho do Messias. A seu exemplo, todo evangelizador \u00e9 convidado a dar testemunho de Jesus e n\u00e3o a se promover \u00e0 custa do Evangelho.<\/span><span data-ccp-props=\"{&quot;201341983&quot;:0,&quot;335551550&quot;:6,&quot;335551620&quot;:6,&quot;335559731&quot;:708,&quot;335559739&quot;:160,&quot;335559740&quot;:278}\">\u00a0<\/span><\/p>\n<p style=\"text-align: justify;\"><span data-contrast=\"auto\">Jo\u00e3o Batista \u00e9 o fiador da novidade trazida por Jesus: \u201cEu vi e dou testemunho\u201d (Jo 1,34). O profeta, iluminado pelo Divino Esp\u00edrito Santo, compreende o alcance da surpreendente novidade trazida pelo Mestre: n\u00e3o \u00e9 o ser humano que faz ofertas a Deus, mas \u00e9 Deus que oferece o seu Filho para a salva\u00e7\u00e3o da humanidade.<\/span><span data-ccp-props=\"{&quot;201341983&quot;:0,&quot;335551550&quot;:6,&quot;335551620&quot;:6,&quot;335559731&quot;:708,&quot;335559739&quot;:160,&quot;335559740&quot;:278}\">\u00a0<\/span><\/p>\n<p style=\"text-align: justify;\"><span data-contrast=\"auto\">O testemunho de Jo\u00e3o Batista \u00e9 um convite a recome\u00e7ar, sempre de novo, o nosso caminho de f\u00e9 e de discipulado de Jesus. Deus est\u00e1 sempre ao nosso lado, sempre nos surpreende e sempre se mostra solid\u00e1rio conosco.<\/span><span data-ccp-props=\"{&quot;201341983&quot;:0,&quot;335551550&quot;:6,&quot;335551620&quot;:6,&quot;335559731&quot;:708,&quot;335559739&quot;:160,&quot;335559740&quot;:278}\">\u00a0<\/span><\/p>\n<p style=\"text-align: justify;\"><span data-contrast=\"auto\">Importa deixarmo-nos alcan\u00e7ar pela voz do Esp\u00edrito Santo, que interiormente insiste em nos lembrar: Eis o Cordeiro de Deus que se fez dom por amor.<\/span><span data-ccp-props=\"{&quot;201341983&quot;:0,&quot;335551550&quot;:6,&quot;335551620&quot;:6,&quot;335559731&quot;:708,&quot;335559739&quot;:160,&quot;335559740&quot;:278}\">\u00a0<\/span><\/p>\n<p style=\"text-align: justify;\"><span data-contrast=\"auto\">Jesus \u00e9 o Messias, mas n\u00e3o vem com o poder deste mundo, como muitos esperavam, e sim como aquele que se confronta radicalmente com tudo o que espalha a maldade.<\/span><span data-ccp-props=\"{&quot;201341983&quot;:0,&quot;335551550&quot;:6,&quot;335551620&quot;:6,&quot;335559731&quot;:708,&quot;335559739&quot;:160,&quot;335559740&quot;:278}\">\u00a0<\/span><\/p>\n<p style=\"text-align: justify;\"><span data-contrast=\"auto\">A Igreja e todos os batizados devem repetir o gesto de S\u00e3o Jo\u00e3o Batista: mostrar \u00e0 humanidade o Cordeiro que se op\u00f5e \u00e0s maldades do mundo. Ela n\u00e3o anuncia a si pr\u00f3pria, mas anuncia Jesus Cristo. Somente em Cristo encontramos a fonte que liberta e conduz \u00e0 terra da verdadeira liberdade.<\/span><span data-ccp-props=\"{&quot;201341983&quot;:0,&quot;335551550&quot;:6,&quot;335551620&quot;:6,&quot;335559731&quot;:708,&quot;335559739&quot;:160,&quot;335559740&quot;:278}\">\u00a0<\/span><\/p>\n<p style=\"text-align: justify;\"><span data-contrast=\"auto\">O mundo ser\u00e1 redimido quando o Cordeiro for imolado: n\u00e3o mais um animal, mas o Filho Unig\u00eanito do Pai, que inaugura, em si mesmo, a Nova e Eterna Alian\u00e7a. Jesus \u00e9 o Cordeiro pascal, sacrificado para a salva\u00e7\u00e3o de todos. Testemunhemos, com a vida e com gestos concretos, o Ressuscitado e anunciemo-Lo como o \u201cCordeiro de Deus, que tira o pecado do mundo!\u201d.<\/span><span data-ccp-props=\"{&quot;201341983&quot;:0,&quot;335551550&quot;:6,&quot;335551620&quot;:6,&quot;335559731&quot;:708,&quot;335559739&quot;:160,&quot;335559740&quot;:278}\">\u00a0<\/span><\/p>\n<p style=\"text-align: justify;\">\n","protected":false},"excerpt":{"rendered":"<p>Dom Anuar Battisti Arcebispo Em\u00e9rito de Maring\u00e1 (PR)\u00a0 \u00a0 Depois do encantamento do tempo lit\u00fargico do Natal, iniciamos a primeira etapa do Tempo Comum, que vai at\u00e9 a ter\u00e7a-feira que antecede a Quarta-feira de Cinzas, com o in\u00edcio da Quaresma. O ordin\u00e1rio na vida da Igreja nos permite iluminar a nossa vida pelo Cristo Ressuscitado!\u00a0 &hellip;<\/p>\n<p class=\"read-more\"> <a class=\"\" href=\"https:\/\/www.cnbb.org.br\/testemunhar-jesus-ressuscitado-no-cotidiano-eis-o-cordeiro-de-deus-que-tira-o-pecado-do-mundo\/\"> <span class=\"screen-reader-text\">Testemunhar Jesus Ressuscitado no cotidiano: Eis o Cordeiro de Deus que tira o pecado do mundo!\u00a0<\/span> Leia mais &raquo;<\/a><\/p>\n","protected":false},"author":41,"featured_media":0,"comment_status":"closed","ping_status":"closed","sticky":false,"template":"","format":"standard","meta":{"site-sidebar-layout":"default","site-content-layout":"default","ast-global-header-display":"","ast-banner-title-visibility":"","ast-main-header-display":"","ast-hfb-above-header-display":"","ast-hfb-below-header-display":"","ast-hfb-mobile-header-display":"","site-post-title":"","ast-breadcrumbs-content":"","ast-featured-img":"","footer-sml-layout":"","theme-transparent-header-meta":"default","adv-header-id-meta":"","stick-header-meta":"","header-above-stick-meta":"","header-main-stick-meta":"","header-below-stick-meta":""},"categories":[758],"tags":[],"acf":[],"_links":{"self":[{"href":"https:\/\/www.cnbb.org.br\/cnbb-app\/wp\/v2\/posts\/993779"}],"collection":[{"href":"https:\/\/www.cnbb.org.br\/cnbb-app\/wp\/v2\/posts"}],"about":[{"href":"https:\/\/www.cnbb.org.br\/cnbb-app\/wp\/v2\/types\/post"}],"author":[{"embeddable":true,"href":"https:\/\/www.cnbb.org.br\/cnbb-app\/wp\/v2\/users\/41"}],"replies":[{"embeddable":true,"href":"https:\/\/www.cnbb.org.br\/cnbb-app\/wp\/v2\/comments?post=993779"}],"version-history":[{"count":2,"href":"https:\/\/www.cnbb.org.br\/cnbb-app\/wp\/v2\/posts\/993779\/revisions"}],"predecessor-version":[{"id":993781,"href":"https:\/\/www.cnbb.org.br\/cnbb-app\/wp\/v2\/posts\/993779\/revisions\/993781"}],"wp:attachment":[{"href":"https:\/\/www.cnbb.org.br\/cnbb-app\/wp\/v2\/media?parent=993779"}],"wp:term":[{"taxonomy":"category","embeddable":true,"href":"https:\/\/www.cnbb.org.br\/cnbb-app\/wp\/v2\/categories?post=993779"},{"taxonomy":"post_tag","embeddable":true,"href":"https:\/\/www.cnbb.org.br\/cnbb-app\/wp\/v2\/tags?post=993779"}],"curies":[{"name":"wp","href":"https:\/\/api.w.org\/{rel}","templated":true}]}}