{"id":993846,"date":"2026-01-20T14:52:39","date_gmt":"2026-01-20T17:52:39","guid":{"rendered":"https:\/\/www.cnbb.org.br\/?p=993846"},"modified":"2026-01-23T15:26:20","modified_gmt":"2026-01-23T18:26:20","slug":"presidente-da-cnbb-e-conferencista-do-seminario-relacoes-diplomaticas-entre-o-brasil-e-a-santa-se-em-roma","status":"publish","type":"post","link":"https:\/\/www.cnbb.org.br\/presidente-da-cnbb-e-conferencista-do-seminario-relacoes-diplomaticas-entre-o-brasil-e-a-santa-se-em-roma\/","title":{"rendered":"Presidente da CNBB \u00e9 conferencista do semin\u00e1rio \u201cRela\u00e7\u00f5es diplom\u00e1ticas entre o Brasil e a Santa S\u00e9\u201d, em Roma"},"content":{"rendered":"<p style=\"text-align: justify;\"><img decoding=\"async\" loading=\"lazy\" class=\"size-medium wp-image-993859 alignright\" src=\"https:\/\/www.cnbb.org.br\/wp-content\/uploads\/2026\/01\/Seminario-Brasil-Santa-Se-300x225.jpg\" alt=\"\" width=\"300\" height=\"225\" srcset=\"https:\/\/www.cnbb.org.br\/wp-content\/uploads\/2026\/01\/Seminario-Brasil-Santa-Se-300x225.jpg 300w, https:\/\/www.cnbb.org.br\/wp-content\/uploads\/2026\/01\/Seminario-Brasil-Santa-Se-1024x768.jpg 1024w, https:\/\/www.cnbb.org.br\/wp-content\/uploads\/2026\/01\/Seminario-Brasil-Santa-Se-768x576.jpg 768w, https:\/\/www.cnbb.org.br\/wp-content\/uploads\/2026\/01\/Seminario-Brasil-Santa-Se-1536x1152.jpg 1536w, https:\/\/www.cnbb.org.br\/wp-content\/uploads\/2026\/01\/Seminario-Brasil-Santa-Se-500x375.jpg 500w, https:\/\/www.cnbb.org.br\/wp-content\/uploads\/2026\/01\/Seminario-Brasil-Santa-Se-800x600.jpg 800w, https:\/\/www.cnbb.org.br\/wp-content\/uploads\/2026\/01\/Seminario-Brasil-Santa-Se.jpg 1600w\" sizes=\"(max-width: 300px) 100vw, 300px\" \/>Dentro das comemora\u00e7\u00f5es do bicenten\u00e1rio de rela\u00e7\u00f5es do Brasil com a Santa S\u00e9, foi realizado nesta ter\u00e7a-feira, 20 de janeiro, em Roma, na Pontif\u00edcia Universidade Gregoriana, o semin\u00e1rio \u201cRela\u00e7\u00f5es diplom\u00e1ticas entre o Brasil e a Santa S\u00e9\u201d, organizado pela Embaixada do Brasil junto a Santa S\u00e9.<\/p>\n<p style=\"text-align: justify;\">O cardeal Jaime Spengler e o reitor da Pontif\u00edcia Universidade Cat\u00f3lica do Rio de Janeiro, padre Anderson Ant\u00f4nio Pedroso, S.J., participaram da mesa institucional de abertura do semin\u00e1rio.<\/p>\n<p style=\"text-align: justify;\">O semin\u00e1rio convidou \u00e0 reflex\u00e3o sobre o percurso hist\u00f3rico do bicenten\u00e1rio das rela\u00e7\u00f5es bilaterais entre o Brasil e a Santa S\u00e9 inaugurada em 23 de janeiro de 1826 quando o Papa Le\u00e3o XII recebeu as credenciais diplom\u00e1ticas do primeiro representante brasileiro junto ao Vaticano, o monsenhor Francisco Corr\u00eaa Vidigal.<\/p>\n<p style=\"text-align: justify;\">O <span style=\"font-size: 16px; text-align: justify;\"> embaixador do Brasil junto \u00e0 Santa S\u00e9, o diplomata Everton Vieira Vargas, disse ser um privil\u00e9gio iniciar, com o semin\u00e1rio, as celebra\u00e7\u00f5es do bicenten\u00e1rio das rela\u00e7\u00f5es entre o Brasil e a Santa S\u00e9. &#8220;Estas rela\u00e7\u00f5es tiveram in\u00edcio com a aceita\u00e7\u00e3o pelo Papa Le\u00e3o XII das cartas que credenciavam o \u00a0monsenhor Francisco Corr\u00eaa Vidigal como representante do imp\u00e9rio brasileiro para negociar o reconhecimento da independ\u00eancia do Brasil pela Santa S\u00e9&#8221;, disse.<\/span><\/p>\n<p style=\"text-align: justify;\">Segundo o embaixador, trata-se de um fato relevante para hist\u00f3ria do Brasil porque foi por meio do reconhecimento e ades\u00e3o do Papa Le\u00e3o XII que o Brasil teve sucesso em ganhar tamb\u00e9m o reconhecimento de outros pa\u00edses.<\/p>\n<h3>15 anos do acordo Brasil-Santa S\u00e9<\/h3>\n<p style=\"text-align: justify;\">Em sua fala, dom Jaime afirmou que o desenho das fronteiras do Brasil como s\u00e3o hoje, seja no Sul ou na regi\u00e3o amaz\u00f4nica, se deve muito ao papel dos mission\u00e1rios. &#8220;Se o Brasil tem hoje as fronteiras que tem muito se deve aos mission\u00e1rios&#8221;, afirmou.<\/p>\n<blockquote>\n<p style=\"text-align: justify;\">O presidente da CNBB recordou ainda dos 400 anos das miss\u00f5es jesu\u00edticas no Brasil, o que ele definiu como uma epopeia bonita e extraordin\u00e1ria, e dos 15 anos do Acordo Brasil-Santa S\u00e9 celebrado pela CNBB em 2025\u00a0 com a realiza\u00e7\u00e3o do <a href=\"https:\/\/www.cnbb.org.br\/simposio-sobre-a-laicidade-do-estado-e-a-liberdade-religiosa-faz-memoria-historica-do-acordo-brasil-santa-se-no-primeiro-dia\/\">Semin\u00e1rio sobre a Laicidade do Estado e a Liberdade Religiosa,<\/a> ocasi\u00e3o na qual se recordou a hist\u00f3ria e os frutos do acordo para a liberdade religiosa no Brasil.<\/p>\n<\/blockquote>\n<p style=\"text-align: justify;\">Os membros da presid\u00eancia da Confer\u00eancia Nacional dos Bispos do Brasil (CNBB), \u00a0cardeal dom Jaime Spengler, arcebispo de Porto Alegre e presidente; dom Jo\u00e3o Justino de Medeiros Silva, arcebispo de Goi\u00e2nia e primeiro vice-presidente; dom Paulo Jackson N\u00f3brega de Sousa, arcebispo de Olinda e Recife e segundo vice-presidente; e dom Ricardo Hoepers, bispo auxiliar de Bras\u00edlia e secret\u00e1rio-geral est\u00e3o participando das programa\u00e7\u00f5es do bicenten\u00e1rio.<\/p>\n<p style=\"text-align: justify;\"><span style=\"font-size: 16px; text-align: justify;\">Na foto de capa, repersentantes da CNBB encontram-se com o embaixador do Brasil junto \u00e0 Santa S\u00e9, o diplomata Everton Vieira Vargas,<\/span><span style=\"font-size: 16px; text-align: justify;\"> e com o cardeal c<\/span><span style=\"font-size: 16px; text-align: justify;\">ardeal Lorenzo Baldisseri, que foi <\/span><span style=\"font-size: 16px; text-align: justify;\">N\u00fancio Apost\u00f3lico no Brasil durante nove anos,\u00a0<\/span><mark class=\"HxTRcb\" style=\"font-style: inherit; font-weight: inherit; text-align: justify;\" data-complete=\"true\">de novembro de 2002 at\u00e9 janeiro de 2012 e teve um papel <\/mark><span class=\"T286Pc\" style=\"font-size: 16px; text-align: justify;\" data-sfc-cp=\"\">relevante na diplomacia pontif\u00edcia, incluindo interven\u00e7\u00f5es relacionadas ao acordo entre o Brasil e a Santa S\u00e9.<\/span><\/p>\n<figure id=\"attachment_993855\" aria-describedby=\"caption-attachment-993855\" style=\"width: 1024px\" class=\"wp-caption aligncenter\"><img decoding=\"async\" loading=\"lazy\" class=\"wp-image-993855 size-large\" src=\"https:\/\/www.cnbb.org.br\/wp-content\/uploads\/2026\/01\/Reitor-PUC-Rio-1024x768.jpg\" alt=\"\" width=\"1024\" height=\"768\" srcset=\"https:\/\/www.cnbb.org.br\/wp-content\/uploads\/2026\/01\/Reitor-PUC-Rio-1024x768.jpg 1024w, https:\/\/www.cnbb.org.br\/wp-content\/uploads\/2026\/01\/Reitor-PUC-Rio-300x225.jpg 300w, https:\/\/www.cnbb.org.br\/wp-content\/uploads\/2026\/01\/Reitor-PUC-Rio-768x576.jpg 768w, https:\/\/www.cnbb.org.br\/wp-content\/uploads\/2026\/01\/Reitor-PUC-Rio-1536x1152.jpg 1536w, https:\/\/www.cnbb.org.br\/wp-content\/uploads\/2026\/01\/Reitor-PUC-Rio-500x375.jpg 500w, https:\/\/www.cnbb.org.br\/wp-content\/uploads\/2026\/01\/Reitor-PUC-Rio-800x600.jpg 800w, https:\/\/www.cnbb.org.br\/wp-content\/uploads\/2026\/01\/Reitor-PUC-Rio.jpg 1600w\" sizes=\"(max-width: 1024px) 100vw, 1024px\" \/><figcaption id=\"caption-attachment-993855\" class=\"wp-caption-text\">Fotos: Padre Vitor Sim\u00e3o dos Santos Freitas, da arquidiocese de Goi\u00e2nia<\/figcaption><\/figure>\n<h3 aria-level=\"3\">Bicenten\u00e1rio das Rela\u00e7\u00f5es Brasil-Santa S\u00e9<\/h3>\n<p style=\"text-align: justify;\">O Vaticano incluiu o bicenten\u00e1rio das rela\u00e7\u00f5es diplom\u00e1ticas entre a Santa S\u00e9 e o Brasil, celebrado em 2026, entre as datas comemorativas oficiais que recebem destaque em sua programa\u00e7\u00e3o institucional. Estabelecidas em 1826, poucos anos ap\u00f3s a Independ\u00eancia do Brasil, essas rela\u00e7\u00f5es figuram entre as mais antigas mantidas pelo Estado brasileiro com outras na\u00e7\u00f5es.<\/p>\n<p style=\"text-align: justify;\">A programa\u00e7\u00e3o comemorativa tem como momento central a missa solene do dia 23 de janeiro, na Bas\u00edlica de Santa Maria Maior, em Roma, mas se estende ao longo do ano com diversas atividades. Entre elas, est\u00e3o previstos o lan\u00e7amento de um selo postal comemorativo, produzido pelo Servizio Poste e Filatelia da Santa S\u00e9, no Museu do Vaticano; a realiza\u00e7\u00e3o da Mostra do Bicenten\u00e1rio de Cinema Brasileiro, nos dias 23 e 24 de abril, no Cinema Troisi, com curadoria do cardeal Jos\u00e9 Tolentino de Mendon\u00e7a; e um semin\u00e1rio sobre o Padre Ant\u00f4nio Vieira, marcado para o dia 7 de maio, na Biblioteca Nacional Central de Roma.<\/p>\n<p style=\"text-align: justify;\">No Brasil, as celebra\u00e7\u00f5es incluem atividades durante a Assembleia Geral da Confer\u00eancia Nacional dos Bispos do Brasil (CNBB), em abril, uma Sess\u00e3o Solene no Congresso Nacional, eventos institucionais na sede da Confer\u00eancia, em Bras\u00edlia, al\u00e9m de uma exposi\u00e7\u00e3o comemorativa. As iniciativas buscam preservar a mem\u00f3ria hist\u00f3rica, expressar gratid\u00e3o m\u00fatua e renovar o compromisso comum entre o Brasil e a Santa S\u00e9, destacando a contribui\u00e7\u00e3o da Igreja Cat\u00f3lica na constru\u00e7\u00e3o de uma sociedade mais fraterna, justa e solid\u00e1ria.<\/p>\n<p>Confira abaixo o link com a \u00edntegra do semin\u00e1rio:<\/p>\n<div class=\"ast-oembed-container\" style=\"height: 100%;\"><iframe loading=\"lazy\" title=\"Seminario \u201cBrasile e Santa Sede: 200 anni di Relazioni Diplomatiche\u201d\" width=\"500\" height=\"281\" src=\"https:\/\/www.youtube.com\/embed\/Tj8mzjj2ywY?feature=oembed\" frameborder=\"0\" allow=\"accelerometer; autoplay; clipboard-write; encrypted-media; gyroscope; picture-in-picture; web-share\" referrerpolicy=\"strict-origin-when-cross-origin\" allowfullscreen><\/iframe><\/div>\n<pre>Por Willian Bonfim com fotos do padre Vitor Sim\u00e3o dos Santos Freitas, da arquidiocese de Goi\u00e2nia<\/pre>\n<p>&nbsp;<\/p>\n","protected":false},"excerpt":{"rendered":"<p>O semin\u00e1rio convidou \u00e0 reflex\u00e3o sobre o percurso hist\u00f3rico do bicenten\u00e1rio das rela\u00e7\u00f5es bilaterais entre o Brasil e a Santa S\u00e9 inaugurada em 23 de janeiro de 1826 sob o governo pastoral do Papa Le\u00e3o XII. O cardeal Jaime Spengler e o reitor da Pontif\u00edcia Universidade Cat\u00f3lica do Rio de Janeiro, padre Anderson Ant\u00f4nio Pedroso, S.J., participaram da mesa institucional de abertura <\/p>\n","protected":false},"author":142,"featured_media":993854,"comment_status":"closed","ping_status":"closed","sticky":false,"template":"","format":"standard","meta":{"site-sidebar-layout":"default","site-content-layout":"default","ast-global-header-display":"","ast-banner-title-visibility":"","ast-main-header-display":"","ast-hfb-above-header-display":"","ast-hfb-below-header-display":"","ast-hfb-mobile-header-display":"","site-post-title":"","ast-breadcrumbs-content":"","ast-featured-img":"","footer-sml-layout":"","theme-transparent-header-meta":"default","adv-header-id-meta":"","stick-header-meta":"","header-above-stick-meta":"","header-main-stick-meta":"","header-below-stick-meta":""},"categories":[50],"tags":[4399,6294,2262],"acf":[],"_links":{"self":[{"href":"https:\/\/www.cnbb.org.br\/cnbb-app\/wp\/v2\/posts\/993846"}],"collection":[{"href":"https:\/\/www.cnbb.org.br\/cnbb-app\/wp\/v2\/posts"}],"about":[{"href":"https:\/\/www.cnbb.org.br\/cnbb-app\/wp\/v2\/types\/post"}],"author":[{"embeddable":true,"href":"https:\/\/www.cnbb.org.br\/cnbb-app\/wp\/v2\/users\/142"}],"replies":[{"embeddable":true,"href":"https:\/\/www.cnbb.org.br\/cnbb-app\/wp\/v2\/comments?post=993846"}],"version-history":[{"count":18,"href":"https:\/\/www.cnbb.org.br\/cnbb-app\/wp\/v2\/posts\/993846\/revisions"}],"predecessor-version":[{"id":993995,"href":"https:\/\/www.cnbb.org.br\/cnbb-app\/wp\/v2\/posts\/993846\/revisions\/993995"}],"wp:featuredmedia":[{"embeddable":true,"href":"https:\/\/www.cnbb.org.br\/cnbb-app\/wp\/v2\/media\/993854"}],"wp:attachment":[{"href":"https:\/\/www.cnbb.org.br\/cnbb-app\/wp\/v2\/media?parent=993846"}],"wp:term":[{"taxonomy":"category","embeddable":true,"href":"https:\/\/www.cnbb.org.br\/cnbb-app\/wp\/v2\/categories?post=993846"},{"taxonomy":"post_tag","embeddable":true,"href":"https:\/\/www.cnbb.org.br\/cnbb-app\/wp\/v2\/tags?post=993846"}],"curies":[{"name":"wp","href":"https:\/\/api.w.org\/{rel}","templated":true}]}}