{"id":993900,"date":"2026-01-21T11:27:14","date_gmt":"2026-01-21T14:27:14","guid":{"rendered":"https:\/\/www.cnbb.org.br\/?p=993900"},"modified":"2026-01-22T15:54:09","modified_gmt":"2026-01-22T18:54:09","slug":"presidencia-da-cnbb-realiza-visitas-aos-dicasterios-para-a-doutrina-da-fe-e-para-o-clero","status":"publish","type":"post","link":"https:\/\/www.cnbb.org.br\/presidencia-da-cnbb-realiza-visitas-aos-dicasterios-para-a-doutrina-da-fe-e-para-o-clero\/","title":{"rendered":"Presid\u00eancia visita Dicast\u00e9rios para a Doutrina da F\u00e9 e o Clero\u00a0e a Pontif\u00edcia Comiss\u00e3o para a Am\u00e9rica Latina"},"content":{"rendered":"<div class=\"flex flex-col text-sm pb-25\">\n<article class=\"text-token-text-primary w-full focus:outline-none [--shadow-height:45px] has-data-writing-block:pointer-events-none has-data-writing-block:-mt-(--shadow-height) has-data-writing-block:pt-(--shadow-height) [&amp;:has([data-writing-block])&gt;*]:pointer-events-auto [content-visibility:auto] supports-[content-visibility:auto]:[contain-intrinsic-size:auto_100lvh] scroll-mt-[calc(var(--header-height)+min(200px,max(70px,20svh)))]\" dir=\"auto\" tabindex=\"-1\" data-turn-id=\"c7dda582-57cf-4301-b087-93bb2f7cb57a\" data-testid=\"conversation-turn-2\" data-scroll-anchor=\"true\" data-turn=\"assistant\">\n<div class=\"text-base my-auto mx-auto pb-10 [--thread-content-margin:--spacing(4)] @w-sm\/main:[--thread-content-margin:--spacing(6)] @w-lg\/main:[--thread-content-margin:--spacing(16)] px-(--thread-content-margin)\">\n<div class=\"[--thread-content-max-width:40rem] @w-lg\/main:[--thread-content-max-width:48rem] mx-auto max-w-(--thread-content-max-width) flex-1 group\/turn-messages focus-visible:outline-hidden relative flex w-full min-w-0 flex-col agent-turn\" tabindex=\"-1\">\n<div class=\"flex max-w-full flex-col grow\">\n<div class=\"min-h-8 text-message relative flex w-full flex-col items-end gap-2 text-start break-words whitespace-normal [.text-message+&amp;]:mt-1\" dir=\"auto\" data-message-author-role=\"assistant\" data-message-id=\"1f1792c9-0ab0-4bff-8476-456b4a0b740c\" data-message-model-slug=\"gpt-5-2\">\n<div class=\"flex w-full flex-col gap-1 empty:hidden first:pt-[1px]\">\n<div class=\"markdown prose dark:prose-invert w-full break-words light markdown-new-styling\">\n<p style=\"text-align: justify;\" data-start=\"0\" data-end=\"401\" data-is-last-node=\"\" data-is-only-node=\"\">A Presid\u00eancia da CNBB iniciou nesta quarta-feira, 21 de janeiro, no Vaticano, as visitas aos Dicast\u00e9rios da C\u00faria Romana, como parte do encontro anual com o Papa e os organismos da Santa S\u00e9, que segue at\u00e9 o dia 29.<\/p>\n<p style=\"text-align: justify;\" data-start=\"0\" data-end=\"401\" data-is-last-node=\"\" data-is-only-node=\"\">As agendas inclu\u00edram momentos de escuta e partilha no Dicast\u00e9rio para a Doutrina da F\u00e9; amplo di\u00e1logo no Dicast\u00e9rio para o Clero, com contextualiza\u00e7\u00e3o da realidade dos presb\u00edteros no Brasil e no mundo; e a<span style=\"font-size: 16px;\"> partilha sobre a realidade latino-americana, com \u00eanfase na Igreja no Brasil, na viv\u00eancia da sinodalidade e nas preocupa\u00e7\u00f5es com os caminhos da evangeliza\u00e7\u00e3o na Pontif\u00edcia Comiss\u00e3o para a Am\u00e9rica Latina.<\/span><\/p>\n<\/div>\n<\/div>\n<\/div>\n<\/div>\n<\/div>\n<\/div>\n<\/article>\n<\/div>\n<p style=\"text-align: justify;\"><span data-contrast=\"auto\">A Presid\u00eancia da CNBB \u00e9 composta pelo cardeal Jaime Spengler, arcebispo de Porto Alegre e presidente da CNBB; dom Jo\u00e3o Justino de Medeiros Silva, arcebispo de Goi\u00e2nia e primeiro vice-presidente; dom Paulo Jackson N\u00f3brega de Sousa, arcebispo de Olinda e Recife e segundo vice-presidente; e dom Ricardo Hoepers, bispo auxiliar de Bras\u00edlia e secret\u00e1rio-geral da Confer\u00eancia.<\/span><span data-ccp-props=\"{&quot;134233117&quot;:false,&quot;134233118&quot;:false,&quot;335551550&quot;:6,&quot;335551620&quot;:6,&quot;335559738&quot;:240,&quot;335559739&quot;:240}\">\u00a0<\/span><\/p>\n<h3 style=\"text-align: justify;\" aria-level=\"3\">Dicast\u00e9rio para a Doutrina da F\u00e9<\/h3>\n<p style=\"text-align: justify;\"><span data-contrast=\"auto\">Na visita ao Dicast\u00e9rio para a Doutrina da F\u00e9, a Presid\u00eancia da CNBB apresentou os trabalhos da Comiss\u00e3o Episcopal para a Doutrina da F\u00e9 da CNBB e destacou o \u00eaxito do Congresso Internacional sobre o Conc\u00edlio Vaticano II, iniciativa acad\u00eamica promovida pela PUC-Goi\u00e1s em parceria com a CNBB.<\/span><span data-ccp-props=\"{&quot;134233117&quot;:false,&quot;134233118&quot;:false,&quot;335551550&quot;:6,&quot;335551620&quot;:6,&quot;335559738&quot;:240,&quot;335559739&quot;:240}\">\u00a0<\/span><\/p>\n<p style=\"text-align: justify;\"><span data-contrast=\"auto\">O evento foi ressaltado por sua relev\u00e2ncia teol\u00f3gica, pastoral e eclesial, especialmente no contexto das celebra\u00e7\u00f5es dos 60 anos do Conc\u00edlio Vaticano II.<\/span><span data-ccp-props=\"{&quot;134233117&quot;:false,&quot;134233118&quot;:false,&quot;335551550&quot;:6,&quot;335551620&quot;:6,&quot;335559738&quot;:240,&quot;335559739&quot;:240}\">\u00a0<\/span><\/p>\n<p style=\"text-align: justify;\">Na ocasi\u00e3o, tamb\u00e9m foram entregues materiais institucionais, entre eles o Relat\u00f3rio da Presid\u00eancia da CNBB &#8211; Ano 2025 e o Texto-Base da Campanha da Fraternidade 2026, que tem como tema <i>\u201cFraternidade e Moradia\u201d<\/i>.<\/p>\n<div id='gallery-1' class='gallery galleryid-993900 gallery-columns-4 gallery-size-full'><figure class='gallery-item'>\n\t\t\t<div class='gallery-icon landscape'>\n\t\t\t\t<a href='https:\/\/www.cnbb.org.br\/wp-content\/uploads\/2026\/01\/WhatsApp-Image-2026-01-21-at-08.38.19.jpeg' title=\"\" data-rl_title=\"\" class=\"rl-gallery-link\" data-rl_caption=\"\" data-rel=\"lightbox-gallery-1\"><img width=\"1600\" height=\"900\" src=\"https:\/\/www.cnbb.org.br\/wp-content\/uploads\/2026\/01\/WhatsApp-Image-2026-01-21-at-08.38.19.jpeg\" class=\"attachment-full size-full\" alt=\"\" decoding=\"async\" loading=\"lazy\" srcset=\"https:\/\/www.cnbb.org.br\/wp-content\/uploads\/2026\/01\/WhatsApp-Image-2026-01-21-at-08.38.19.jpeg 1600w, https:\/\/www.cnbb.org.br\/wp-content\/uploads\/2026\/01\/WhatsApp-Image-2026-01-21-at-08.38.19-300x169.jpeg 300w, https:\/\/www.cnbb.org.br\/wp-content\/uploads\/2026\/01\/WhatsApp-Image-2026-01-21-at-08.38.19-1024x576.jpeg 1024w, https:\/\/www.cnbb.org.br\/wp-content\/uploads\/2026\/01\/WhatsApp-Image-2026-01-21-at-08.38.19-768x432.jpeg 768w, https:\/\/www.cnbb.org.br\/wp-content\/uploads\/2026\/01\/WhatsApp-Image-2026-01-21-at-08.38.19-1536x864.jpeg 1536w, https:\/\/www.cnbb.org.br\/wp-content\/uploads\/2026\/01\/WhatsApp-Image-2026-01-21-at-08.38.19-500x281.jpeg 500w\" sizes=\"(max-width: 1600px) 100vw, 1600px\" \/><\/a>\n\t\t\t<\/div><\/figure><figure class='gallery-item'>\n\t\t\t<div class='gallery-icon landscape'>\n\t\t\t\t<a href='https:\/\/www.cnbb.org.br\/wp-content\/uploads\/2026\/01\/WhatsApp-Image-2026-01-21-at-08.38.19-1.jpeg' title=\"\" data-rl_title=\"\" class=\"rl-gallery-link\" data-rl_caption=\"\" data-rel=\"lightbox-gallery-1\"><img width=\"1600\" height=\"900\" src=\"https:\/\/www.cnbb.org.br\/wp-content\/uploads\/2026\/01\/WhatsApp-Image-2026-01-21-at-08.38.19-1.jpeg\" class=\"attachment-full size-full\" alt=\"\" decoding=\"async\" loading=\"lazy\" srcset=\"https:\/\/www.cnbb.org.br\/wp-content\/uploads\/2026\/01\/WhatsApp-Image-2026-01-21-at-08.38.19-1.jpeg 1600w, https:\/\/www.cnbb.org.br\/wp-content\/uploads\/2026\/01\/WhatsApp-Image-2026-01-21-at-08.38.19-1-300x169.jpeg 300w, https:\/\/www.cnbb.org.br\/wp-content\/uploads\/2026\/01\/WhatsApp-Image-2026-01-21-at-08.38.19-1-1024x576.jpeg 1024w, https:\/\/www.cnbb.org.br\/wp-content\/uploads\/2026\/01\/WhatsApp-Image-2026-01-21-at-08.38.19-1-768x432.jpeg 768w, https:\/\/www.cnbb.org.br\/wp-content\/uploads\/2026\/01\/WhatsApp-Image-2026-01-21-at-08.38.19-1-1536x864.jpeg 1536w, https:\/\/www.cnbb.org.br\/wp-content\/uploads\/2026\/01\/WhatsApp-Image-2026-01-21-at-08.38.19-1-500x281.jpeg 500w\" sizes=\"(max-width: 1600px) 100vw, 1600px\" \/><\/a>\n\t\t\t<\/div><\/figure><figure class='gallery-item'>\n\t\t\t<div class='gallery-icon landscape'>\n\t\t\t\t<a href='https:\/\/www.cnbb.org.br\/wp-content\/uploads\/2026\/01\/WhatsApp-Image-2026-01-21-at-08.38.19-2.jpeg' title=\"\" data-rl_title=\"\" class=\"rl-gallery-link\" data-rl_caption=\"\" data-rel=\"lightbox-gallery-1\"><img width=\"1600\" height=\"900\" src=\"https:\/\/www.cnbb.org.br\/wp-content\/uploads\/2026\/01\/WhatsApp-Image-2026-01-21-at-08.38.19-2.jpeg\" class=\"attachment-full size-full\" alt=\"\" decoding=\"async\" loading=\"lazy\" srcset=\"https:\/\/www.cnbb.org.br\/wp-content\/uploads\/2026\/01\/WhatsApp-Image-2026-01-21-at-08.38.19-2.jpeg 1600w, https:\/\/www.cnbb.org.br\/wp-content\/uploads\/2026\/01\/WhatsApp-Image-2026-01-21-at-08.38.19-2-300x169.jpeg 300w, https:\/\/www.cnbb.org.br\/wp-content\/uploads\/2026\/01\/WhatsApp-Image-2026-01-21-at-08.38.19-2-1024x576.jpeg 1024w, https:\/\/www.cnbb.org.br\/wp-content\/uploads\/2026\/01\/WhatsApp-Image-2026-01-21-at-08.38.19-2-768x432.jpeg 768w, https:\/\/www.cnbb.org.br\/wp-content\/uploads\/2026\/01\/WhatsApp-Image-2026-01-21-at-08.38.19-2-1536x864.jpeg 1536w, https:\/\/www.cnbb.org.br\/wp-content\/uploads\/2026\/01\/WhatsApp-Image-2026-01-21-at-08.38.19-2-500x281.jpeg 500w\" sizes=\"(max-width: 1600px) 100vw, 1600px\" \/><\/a>\n\t\t\t<\/div><\/figure><figure class='gallery-item'>\n\t\t\t<div class='gallery-icon landscape'>\n\t\t\t\t<a href='https:\/\/www.cnbb.org.br\/wp-content\/uploads\/2026\/01\/WhatsApp-Image-2026-01-21-at-08.38.19-3.jpeg' title=\"\" data-rl_title=\"\" class=\"rl-gallery-link\" data-rl_caption=\"\" data-rel=\"lightbox-gallery-1\"><img width=\"1600\" height=\"900\" src=\"https:\/\/www.cnbb.org.br\/wp-content\/uploads\/2026\/01\/WhatsApp-Image-2026-01-21-at-08.38.19-3.jpeg\" class=\"attachment-full size-full\" alt=\"\" decoding=\"async\" loading=\"lazy\" srcset=\"https:\/\/www.cnbb.org.br\/wp-content\/uploads\/2026\/01\/WhatsApp-Image-2026-01-21-at-08.38.19-3.jpeg 1600w, https:\/\/www.cnbb.org.br\/wp-content\/uploads\/2026\/01\/WhatsApp-Image-2026-01-21-at-08.38.19-3-300x169.jpeg 300w, https:\/\/www.cnbb.org.br\/wp-content\/uploads\/2026\/01\/WhatsApp-Image-2026-01-21-at-08.38.19-3-1024x576.jpeg 1024w, https:\/\/www.cnbb.org.br\/wp-content\/uploads\/2026\/01\/WhatsApp-Image-2026-01-21-at-08.38.19-3-768x432.jpeg 768w, https:\/\/www.cnbb.org.br\/wp-content\/uploads\/2026\/01\/WhatsApp-Image-2026-01-21-at-08.38.19-3-1536x864.jpeg 1536w, https:\/\/www.cnbb.org.br\/wp-content\/uploads\/2026\/01\/WhatsApp-Image-2026-01-21-at-08.38.19-3-500x281.jpeg 500w\" sizes=\"(max-width: 1600px) 100vw, 1600px\" \/><\/a>\n\t\t\t<\/div><\/figure>\n\t\t<\/div>\n\n<h3 style=\"text-align: justify;\" aria-level=\"3\">Dicast\u00e9rio para o Clero<\/h3>\n<p style=\"text-align: justify;\"><span data-contrast=\"auto\">A agenda incluiu ainda visita ao Dicast\u00e9rio para o Clero, marcada por amplo di\u00e1logo e contextualiza\u00e7\u00e3o da realidade dos presb\u00edteros no Brasil e no mundo. O encontro abordou temas relacionados \u00e0 vida, \u00e0 miss\u00e3o e \u00e0 forma\u00e7\u00e3o do clero, al\u00e9m dos desafios pastorais enfrentados pela Igreja no pa\u00eds.<\/span><span data-ccp-props=\"{&quot;134233117&quot;:false,&quot;134233118&quot;:false,&quot;335551550&quot;:6,&quot;335551620&quot;:6,&quot;335559738&quot;:240,&quot;335559739&quot;:240}\">\u00a0<\/span><\/p>\n<p style=\"text-align: justify;\"><span data-contrast=\"auto\">Durante a visita, a Presid\u00eancia da CNBB apresentou as seguintes quest\u00f5es:<\/span><span data-ccp-props=\"{&quot;134233117&quot;:false,&quot;134233118&quot;:false,&quot;335551550&quot;:6,&quot;335551620&quot;:6,&quot;335559738&quot;:240,&quot;335559739&quot;:240}\">\u00a0<\/span><\/p>\n<ul style=\"text-align: justify;\">\n<li aria-setsize=\"-1\" data-leveltext=\"\uf0b7\" data-font=\"Symbol\" data-listid=\"3\" data-list-defn-props=\"{&quot;335552541&quot;:1,&quot;335559683&quot;:0,&quot;335559684&quot;:-2,&quot;335559685&quot;:720,&quot;335559991&quot;:360,&quot;469769226&quot;:&quot;Symbol&quot;,&quot;469769242&quot;:[8226],&quot;469777803&quot;:&quot;left&quot;,&quot;469777804&quot;:&quot;\uf0b7&quot;,&quot;469777815&quot;:&quot;hybridMultilevel&quot;}\" data-aria-posinset=\"1\" data-aria-level=\"1\"><b><span data-contrast=\"auto\">Ratio Institutionis (documento para a forma\u00e7\u00e3o sacerdotal) \/ DGAE<\/span><\/b><span data-contrast=\"auto\">: atualiza\u00e7\u00e3o do andamento do Grupo de Trabalho e apresenta\u00e7\u00e3o das linhas gerais do Relat\u00f3rio Final, em vista da atualiza\u00e7\u00e3o das Diretrizes Gerais da A\u00e7\u00e3o Evangelizadora da Igreja no Brasil (DGAE);<\/span><span data-ccp-props=\"{&quot;134233117&quot;:false,&quot;134233118&quot;:false,&quot;335551550&quot;:6,&quot;335551620&quot;:6,&quot;335559738&quot;:240,&quot;335559739&quot;:240}\">\u00a0<\/span><\/li>\n<\/ul>\n<ul style=\"text-align: justify;\">\n<li aria-setsize=\"-1\" data-leveltext=\"\uf0b7\" data-font=\"Symbol\" data-listid=\"3\" data-list-defn-props=\"{&quot;335552541&quot;:1,&quot;335559683&quot;:0,&quot;335559684&quot;:-2,&quot;335559685&quot;:720,&quot;335559991&quot;:360,&quot;469769226&quot;:&quot;Symbol&quot;,&quot;469769242&quot;:[8226],&quot;469777803&quot;:&quot;left&quot;,&quot;469777804&quot;:&quot;\uf0b7&quot;,&quot;469777815&quot;:&quot;hybridMultilevel&quot;}\" data-aria-posinset=\"2\" data-aria-level=\"1\"><b><span data-contrast=\"auto\">Encontro Nacional de Presb\u00edteros (ENP)<\/span><\/b><span data-contrast=\"auto\">: partilha do Texto-Base como instrumento de comunh\u00e3o, escuta e forma\u00e7\u00e3o permanente do clero;<\/span><span data-ccp-props=\"{&quot;134233117&quot;:false,&quot;134233118&quot;:false,&quot;335551550&quot;:6,&quot;335551620&quot;:6,&quot;335559738&quot;:240,&quot;335559739&quot;:240}\">\u00a0<\/span><\/li>\n<\/ul>\n<ul style=\"text-align: justify;\">\n<li aria-setsize=\"-1\" data-leveltext=\"\uf0b7\" data-font=\"Symbol\" data-listid=\"3\" data-list-defn-props=\"{&quot;335552541&quot;:1,&quot;335559683&quot;:0,&quot;335559684&quot;:-2,&quot;335559685&quot;:720,&quot;335559991&quot;:360,&quot;469769226&quot;:&quot;Symbol&quot;,&quot;469769242&quot;:[8226],&quot;469777803&quot;:&quot;left&quot;,&quot;469777804&quot;:&quot;\uf0b7&quot;,&quot;469777815&quot;:&quot;hybridMultilevel&quot;}\" data-aria-posinset=\"3\" data-aria-level=\"1\"><b><span data-contrast=\"auto\">Revis\u00e3o do Documento 110<\/span><\/b><span data-contrast=\"auto\">: apresenta\u00e7\u00e3o do processo de atualiza\u00e7\u00e3o das Diretrizes para a Forma\u00e7\u00e3o dos Presb\u00edteros, \u00e0 luz dos desafios atuais da Igreja no Brasil.<\/span><span data-ccp-props=\"{&quot;134233117&quot;:false,&quot;134233118&quot;:false,&quot;335551550&quot;:6,&quot;335551620&quot;:6,&quot;335559738&quot;:240,&quot;335559739&quot;:240}\">\u00a0<\/span><\/li>\n<\/ul>\n<p style=\"text-align: justify;\"><span data-contrast=\"auto\">Tamb\u00e9m foram entregues ao Dicast\u00e9rio o <\/span><span data-contrast=\"auto\">Relat\u00f3rio da Presid\u00eancia da CNBB &#8211; Ano 2025;<\/span><span data-ccp-props=\"{&quot;134233117&quot;:false,&quot;134233118&quot;:false,&quot;335551550&quot;:6,&quot;335551620&quot;:6,&quot;335559738&quot;:240,&quot;335559739&quot;:240}\"> o t<\/span><span data-contrast=\"auto\">exto-base da Campanha da Fraternidade 2026;<\/span><span data-ccp-props=\"{&quot;134233117&quot;:false,&quot;134233118&quot;:false,&quot;335551550&quot;:6,&quot;335551620&quot;:6,&quot;335559738&quot;:240,&quot;335559739&quot;:240}\"> e o <\/span><span data-contrast=\"auto\">Texto-Base do 20\u00ba Encontro Nacional de Presb\u00edteros.<\/span><span data-ccp-props=\"{&quot;134233117&quot;:false,&quot;134233118&quot;:false,&quot;335551550&quot;:6,&quot;335551620&quot;:6,&quot;335559738&quot;:240,&quot;335559739&quot;:240}\">\u00a0<\/span><\/p>\n<div id='gallery-2' class='gallery galleryid-993900 gallery-columns-3 gallery-size-full'><figure class='gallery-item'>\n\t\t\t<div class='gallery-icon landscape'>\n\t\t\t\t<a href='https:\/\/www.cnbb.org.br\/wp-content\/uploads\/2026\/01\/WhatsApp-Image-2026-01-21-at-10.46.58-2.jpeg' title=\"\" data-rl_title=\"\" class=\"rl-gallery-link\" data-rl_caption=\"\" data-rel=\"lightbox-gallery-2\"><img width=\"1600\" height=\"900\" src=\"https:\/\/www.cnbb.org.br\/wp-content\/uploads\/2026\/01\/WhatsApp-Image-2026-01-21-at-10.46.58-2.jpeg\" class=\"attachment-full size-full\" alt=\"\" decoding=\"async\" loading=\"lazy\" srcset=\"https:\/\/www.cnbb.org.br\/wp-content\/uploads\/2026\/01\/WhatsApp-Image-2026-01-21-at-10.46.58-2.jpeg 1600w, https:\/\/www.cnbb.org.br\/wp-content\/uploads\/2026\/01\/WhatsApp-Image-2026-01-21-at-10.46.58-2-300x169.jpeg 300w, https:\/\/www.cnbb.org.br\/wp-content\/uploads\/2026\/01\/WhatsApp-Image-2026-01-21-at-10.46.58-2-1024x576.jpeg 1024w, https:\/\/www.cnbb.org.br\/wp-content\/uploads\/2026\/01\/WhatsApp-Image-2026-01-21-at-10.46.58-2-768x432.jpeg 768w, https:\/\/www.cnbb.org.br\/wp-content\/uploads\/2026\/01\/WhatsApp-Image-2026-01-21-at-10.46.58-2-1536x864.jpeg 1536w, https:\/\/www.cnbb.org.br\/wp-content\/uploads\/2026\/01\/WhatsApp-Image-2026-01-21-at-10.46.58-2-500x281.jpeg 500w\" sizes=\"(max-width: 1600px) 100vw, 1600px\" \/><\/a>\n\t\t\t<\/div><\/figure><figure class='gallery-item'>\n\t\t\t<div class='gallery-icon landscape'>\n\t\t\t\t<a href='https:\/\/www.cnbb.org.br\/wp-content\/uploads\/2026\/01\/WhatsApp-Image-2026-01-21-at-10.46.58.jpeg' title=\"\" data-rl_title=\"\" class=\"rl-gallery-link\" data-rl_caption=\"\" data-rel=\"lightbox-gallery-2\"><img width=\"1600\" height=\"900\" src=\"https:\/\/www.cnbb.org.br\/wp-content\/uploads\/2026\/01\/WhatsApp-Image-2026-01-21-at-10.46.58.jpeg\" class=\"attachment-full size-full\" alt=\"\" decoding=\"async\" loading=\"lazy\" srcset=\"https:\/\/www.cnbb.org.br\/wp-content\/uploads\/2026\/01\/WhatsApp-Image-2026-01-21-at-10.46.58.jpeg 1600w, https:\/\/www.cnbb.org.br\/wp-content\/uploads\/2026\/01\/WhatsApp-Image-2026-01-21-at-10.46.58-300x169.jpeg 300w, https:\/\/www.cnbb.org.br\/wp-content\/uploads\/2026\/01\/WhatsApp-Image-2026-01-21-at-10.46.58-1024x576.jpeg 1024w, https:\/\/www.cnbb.org.br\/wp-content\/uploads\/2026\/01\/WhatsApp-Image-2026-01-21-at-10.46.58-768x432.jpeg 768w, https:\/\/www.cnbb.org.br\/wp-content\/uploads\/2026\/01\/WhatsApp-Image-2026-01-21-at-10.46.58-1536x864.jpeg 1536w, https:\/\/www.cnbb.org.br\/wp-content\/uploads\/2026\/01\/WhatsApp-Image-2026-01-21-at-10.46.58-500x281.jpeg 500w\" sizes=\"(max-width: 1600px) 100vw, 1600px\" \/><\/a>\n\t\t\t<\/div><\/figure><figure class='gallery-item'>\n\t\t\t<div class='gallery-icon landscape'>\n\t\t\t\t<a href='https:\/\/www.cnbb.org.br\/wp-content\/uploads\/2026\/01\/WhatsApp-Image-2026-01-21-at-10.46.58-1.jpeg' title=\"\" data-rl_title=\"\" class=\"rl-gallery-link\" data-rl_caption=\"\" data-rel=\"lightbox-gallery-2\"><img width=\"1600\" height=\"900\" src=\"https:\/\/www.cnbb.org.br\/wp-content\/uploads\/2026\/01\/WhatsApp-Image-2026-01-21-at-10.46.58-1.jpeg\" class=\"attachment-full size-full\" alt=\"\" decoding=\"async\" loading=\"lazy\" srcset=\"https:\/\/www.cnbb.org.br\/wp-content\/uploads\/2026\/01\/WhatsApp-Image-2026-01-21-at-10.46.58-1.jpeg 1600w, https:\/\/www.cnbb.org.br\/wp-content\/uploads\/2026\/01\/WhatsApp-Image-2026-01-21-at-10.46.58-1-300x169.jpeg 300w, https:\/\/www.cnbb.org.br\/wp-content\/uploads\/2026\/01\/WhatsApp-Image-2026-01-21-at-10.46.58-1-1024x576.jpeg 1024w, https:\/\/www.cnbb.org.br\/wp-content\/uploads\/2026\/01\/WhatsApp-Image-2026-01-21-at-10.46.58-1-768x432.jpeg 768w, https:\/\/www.cnbb.org.br\/wp-content\/uploads\/2026\/01\/WhatsApp-Image-2026-01-21-at-10.46.58-1-1536x864.jpeg 1536w, https:\/\/www.cnbb.org.br\/wp-content\/uploads\/2026\/01\/WhatsApp-Image-2026-01-21-at-10.46.58-1-500x281.jpeg 500w\" sizes=\"(max-width: 1600px) 100vw, 1600px\" \/><\/a>\n\t\t\t<\/div><\/figure>\n\t\t<\/div>\n\n<h3 style=\"text-align: justify;\">Pontif\u00edcia Comiss\u00e3o para a Am\u00e9rica Latina<\/h3>\n<p style=\"text-align: justify;\">Na Pontif\u00edcia Comiss\u00e3o para a Am\u00e9rica Latina, os membros da Presid\u00eancia da CNBB realizaram uma partilha sobre a realidade latino-americana, com \u00eanfase na Igreja no Brasil, na viv\u00eancia da sinodalidade e nas preocupa\u00e7\u00f5es com os caminhos da evangeliza\u00e7\u00e3o. Tamb\u00e9m foi destacado o reconhecimento ao CELAM pela iniciativa dos encontros sinodais nas diversas regi\u00f5es da Am\u00e9rica Latina.<\/p>\n<p style=\"text-align: justify;\">Entre os principais desafios apresentados, esteve o papel do Brasil e de outros pa\u00edses latino-americanos como rota migrat\u00f3ria rumo aos Estados Unidos, especialmente para migrantes vindos da \u00c1sia e da \u00c1frica. Foram abordadas ainda a presen\u00e7a da narcocultura no continente e as crises pol\u00edticas e conflitos em pa\u00edses da Am\u00e9rica Latina, com impactos diretos sobre a realidade brasileira.<\/p>\n<p style=\"text-align: justify;\">O encontro evidenciou a import\u00e2ncia das redes de apoio social e evangelizador na regi\u00e3o, como a REPAM, a C\u00e1ritas, a CEAMA e a Rede Clamor. Tamb\u00e9m foi ressaltada a necessidade do trabalho conjunto para a realiza\u00e7\u00e3o das pr\u00e9-COPs e para a participa\u00e7\u00e3o de diversos atores latino-americanos em Bel\u00e9m, durante a COP.<\/p>\n<p style=\"text-align: justify;\">Ao final, foram entregues \u00e0 Comiss\u00e3o o Relat\u00f3rio da Presid\u00eancia da CNBB &#8211; Ano 2025, o Texto-Base da Campanha da Fraternidade 2026 e uma radiografia atualizada sobre a conjuntura pol\u00edtica, elaborada em parceria com a Pontif\u00edcia Universidade Gregoriana.<\/p>\n<div id='gallery-3' class='gallery galleryid-993900 gallery-columns-3 gallery-size-large'><figure class='gallery-item'>\n\t\t\t<div class='gallery-icon landscape'>\n\t\t\t\t<a href='https:\/\/www.cnbb.org.br\/wp-content\/uploads\/2026\/01\/WhatsApp-Image-2026-01-21-at-14.49.41-1.jpeg' title=\"\" data-rl_title=\"\" class=\"rl-gallery-link\" data-rl_caption=\"\" data-rel=\"lightbox-gallery-3\"><img width=\"1024\" height=\"576\" src=\"https:\/\/www.cnbb.org.br\/wp-content\/uploads\/2026\/01\/WhatsApp-Image-2026-01-21-at-14.49.41-1-1024x576.jpeg\" class=\"attachment-large size-large\" alt=\"\" decoding=\"async\" loading=\"lazy\" srcset=\"https:\/\/www.cnbb.org.br\/wp-content\/uploads\/2026\/01\/WhatsApp-Image-2026-01-21-at-14.49.41-1-1024x576.jpeg 1024w, https:\/\/www.cnbb.org.br\/wp-content\/uploads\/2026\/01\/WhatsApp-Image-2026-01-21-at-14.49.41-1-300x169.jpeg 300w, https:\/\/www.cnbb.org.br\/wp-content\/uploads\/2026\/01\/WhatsApp-Image-2026-01-21-at-14.49.41-1-768x432.jpeg 768w, https:\/\/www.cnbb.org.br\/wp-content\/uploads\/2026\/01\/WhatsApp-Image-2026-01-21-at-14.49.41-1-1536x864.jpeg 1536w, https:\/\/www.cnbb.org.br\/wp-content\/uploads\/2026\/01\/WhatsApp-Image-2026-01-21-at-14.49.41-1-500x281.jpeg 500w, https:\/\/www.cnbb.org.br\/wp-content\/uploads\/2026\/01\/WhatsApp-Image-2026-01-21-at-14.49.41-1.jpeg 1600w\" sizes=\"(max-width: 1024px) 100vw, 1024px\" \/><\/a>\n\t\t\t<\/div><\/figure><figure class='gallery-item'>\n\t\t\t<div class='gallery-icon landscape'>\n\t\t\t\t<a href='https:\/\/www.cnbb.org.br\/wp-content\/uploads\/2026\/01\/WhatsApp-Image-2026-01-21-at-14.49.42.jpeg' title=\"\" data-rl_title=\"\" class=\"rl-gallery-link\" data-rl_caption=\"\" data-rel=\"lightbox-gallery-3\"><img width=\"1024\" height=\"576\" src=\"https:\/\/www.cnbb.org.br\/wp-content\/uploads\/2026\/01\/WhatsApp-Image-2026-01-21-at-14.49.42-1024x576.jpeg\" class=\"attachment-large size-large\" alt=\"\" decoding=\"async\" loading=\"lazy\" srcset=\"https:\/\/www.cnbb.org.br\/wp-content\/uploads\/2026\/01\/WhatsApp-Image-2026-01-21-at-14.49.42-1024x576.jpeg 1024w, https:\/\/www.cnbb.org.br\/wp-content\/uploads\/2026\/01\/WhatsApp-Image-2026-01-21-at-14.49.42-300x169.jpeg 300w, https:\/\/www.cnbb.org.br\/wp-content\/uploads\/2026\/01\/WhatsApp-Image-2026-01-21-at-14.49.42-768x432.jpeg 768w, https:\/\/www.cnbb.org.br\/wp-content\/uploads\/2026\/01\/WhatsApp-Image-2026-01-21-at-14.49.42-1536x864.jpeg 1536w, https:\/\/www.cnbb.org.br\/wp-content\/uploads\/2026\/01\/WhatsApp-Image-2026-01-21-at-14.49.42-500x281.jpeg 500w, https:\/\/www.cnbb.org.br\/wp-content\/uploads\/2026\/01\/WhatsApp-Image-2026-01-21-at-14.49.42.jpeg 1600w\" sizes=\"(max-width: 1024px) 100vw, 1024px\" \/><\/a>\n\t\t\t<\/div><\/figure><figure class='gallery-item'>\n\t\t\t<div class='gallery-icon landscape'>\n\t\t\t\t<a href='https:\/\/www.cnbb.org.br\/wp-content\/uploads\/2026\/01\/WhatsApp-Image-2026-01-21-at-14.49.41.jpeg' title=\"\" data-rl_title=\"\" class=\"rl-gallery-link\" data-rl_caption=\"\" data-rel=\"lightbox-gallery-3\"><img width=\"1024\" height=\"576\" src=\"https:\/\/www.cnbb.org.br\/wp-content\/uploads\/2026\/01\/WhatsApp-Image-2026-01-21-at-14.49.41-1024x576.jpeg\" class=\"attachment-large size-large\" alt=\"\" decoding=\"async\" loading=\"lazy\" srcset=\"https:\/\/www.cnbb.org.br\/wp-content\/uploads\/2026\/01\/WhatsApp-Image-2026-01-21-at-14.49.41-1024x576.jpeg 1024w, https:\/\/www.cnbb.org.br\/wp-content\/uploads\/2026\/01\/WhatsApp-Image-2026-01-21-at-14.49.41-300x169.jpeg 300w, https:\/\/www.cnbb.org.br\/wp-content\/uploads\/2026\/01\/WhatsApp-Image-2026-01-21-at-14.49.41-768x432.jpeg 768w, https:\/\/www.cnbb.org.br\/wp-content\/uploads\/2026\/01\/WhatsApp-Image-2026-01-21-at-14.49.41-1536x864.jpeg 1536w, https:\/\/www.cnbb.org.br\/wp-content\/uploads\/2026\/01\/WhatsApp-Image-2026-01-21-at-14.49.41-500x281.jpeg 500w, https:\/\/www.cnbb.org.br\/wp-content\/uploads\/2026\/01\/WhatsApp-Image-2026-01-21-at-14.49.41.jpeg 1600w\" sizes=\"(max-width: 1024px) 100vw, 1024px\" \/><\/a>\n\t\t\t<\/div><\/figure>\n\t\t<\/div>\n\n<p style=\"text-align: justify;\"><span data-contrast=\"auto\">As visitas da Presid\u00eancia da CNBB aos organismos da C\u00faria Romana seguem nos pr\u00f3ximos dias, fortalecendo os v\u00ednculos de di\u00e1logo, comunh\u00e3o e coopera\u00e7\u00e3o da Igreja no Brasil com a Santa S\u00e9 (<a href=\"https:\/\/www.cnbb.org.br\/em-primeira-visita-ao-papa-leao-xiv-presidencia-da-cnbb-participa-das-celebracoes-do-bicentenario-brasil-santa-se-em-roma\/\">saiba mais aqui<\/a>).<\/span><span data-ccp-props=\"{&quot;134233117&quot;:false,&quot;134233118&quot;:false,&quot;335551550&quot;:6,&quot;335551620&quot;:6,&quot;335559738&quot;:240,&quot;335559739&quot;:240}\">\u00a0<\/span><\/p>\n<p style=\"text-align: justify;\"><span data-ccp-props=\"{&quot;134233117&quot;:false,&quot;134233118&quot;:false,&quot;335551550&quot;:6,&quot;335551620&quot;:6,&quot;335559738&quot;:240,&quot;335559739&quot;:240}\">\u00a0<\/span><\/p>\n<p>&nbsp;<\/p>\n<p>&nbsp;<\/p>\n<pre>Com informa\u00e7\u00f5es e fotos do padre Leandro Megeto |\u00a0 subsecretaria-geral da CNBB<\/pre>\n<p>&nbsp;<\/p>\n","protected":false},"excerpt":{"rendered":"<p>A Presid\u00eancia da CNBB iniciou, em 21 de janeiro, no Vaticano, as visitas aos Dicast\u00e9rios da C\u00faria Romana, como parte do encontro anual com o Papa e os organismos da Santa S\u00e9, que segue at\u00e9 o dia 29. As agendas inclu\u00edram momentos de escuta e partilha junto aos dicast\u00e9rios para a Doutrina da F\u00e9 e o Clero\u00a0<\/p>\n","protected":false},"author":141,"featured_media":993919,"comment_status":"closed","ping_status":"closed","sticky":false,"template":"","format":"standard","meta":{"site-sidebar-layout":"default","site-content-layout":"default","ast-global-header-display":"","ast-banner-title-visibility":"","ast-main-header-display":"","ast-hfb-above-header-display":"","ast-hfb-below-header-display":"","ast-hfb-mobile-header-display":"","site-post-title":"","ast-breadcrumbs-content":"","ast-featured-img":"","footer-sml-layout":"","theme-transparent-header-meta":"default","adv-header-id-meta":"","stick-header-meta":"","header-above-stick-meta":"","header-main-stick-meta":"","header-below-stick-meta":""},"categories":[50,1851],"tags":[6142,6298,2262],"acf":[],"_links":{"self":[{"href":"https:\/\/www.cnbb.org.br\/cnbb-app\/wp\/v2\/posts\/993900"}],"collection":[{"href":"https:\/\/www.cnbb.org.br\/cnbb-app\/wp\/v2\/posts"}],"about":[{"href":"https:\/\/www.cnbb.org.br\/cnbb-app\/wp\/v2\/types\/post"}],"author":[{"embeddable":true,"href":"https:\/\/www.cnbb.org.br\/cnbb-app\/wp\/v2\/users\/141"}],"replies":[{"embeddable":true,"href":"https:\/\/www.cnbb.org.br\/cnbb-app\/wp\/v2\/comments?post=993900"}],"version-history":[{"count":19,"href":"https:\/\/www.cnbb.org.br\/cnbb-app\/wp\/v2\/posts\/993900\/revisions"}],"predecessor-version":[{"id":993994,"href":"https:\/\/www.cnbb.org.br\/cnbb-app\/wp\/v2\/posts\/993900\/revisions\/993994"}],"wp:featuredmedia":[{"embeddable":true,"href":"https:\/\/www.cnbb.org.br\/cnbb-app\/wp\/v2\/media\/993919"}],"wp:attachment":[{"href":"https:\/\/www.cnbb.org.br\/cnbb-app\/wp\/v2\/media?parent=993900"}],"wp:term":[{"taxonomy":"category","embeddable":true,"href":"https:\/\/www.cnbb.org.br\/cnbb-app\/wp\/v2\/categories?post=993900"},{"taxonomy":"post_tag","embeddable":true,"href":"https:\/\/www.cnbb.org.br\/cnbb-app\/wp\/v2\/tags?post=993900"}],"curies":[{"name":"wp","href":"https:\/\/api.w.org\/{rel}","templated":true}]}}