{"id":993935,"date":"2026-01-22T10:15:04","date_gmt":"2026-01-22T13:15:04","guid":{"rendered":"https:\/\/www.cnbb.org.br\/?p=993935"},"modified":"2026-01-22T15:45:37","modified_gmt":"2026-01-22T18:45:37","slug":"presidencia-visita-colegio-pio-brasileiro","status":"publish","type":"post","link":"https:\/\/www.cnbb.org.br\/presidencia-visita-colegio-pio-brasileiro\/","title":{"rendered":"CNBB em Roma: Presid\u00eancia da CNBB se re\u00fane com a comunidade do Col\u00e9gio Pio Brasileiro"},"content":{"rendered":"<p>Durante a visita ao Vaticano, a Presid\u00eancia da Confer\u00eancia Nacional dos Bispos do Brasil (CNBB) reuniu-se com a comunidade do Pontif\u00edcio Col\u00e9gio Pio Brasileiro, em Roma, na noite de quarta-feira, 21 de janeiro. O encontro foi marcado pela presta\u00e7\u00e3o de contas anual do Col\u00e9gio e a reflex\u00e3o da caminhada pastoral da Igreja no Brasil, e contou com discuss\u00f5es sobre o equil\u00edbrio entre o rigor acad\u00eamico e a vida espiritual, a busca pela viabiliza\u00e7\u00e3o do projeto de reforma do Col\u00e9gio, as novas diretrizes para a evangeliza\u00e7\u00e3o no Brasil e a import\u00e2ncia da forma\u00e7\u00e3o permanente do clero.<\/p>\n<p>O reitor do Pio Brasileiro, monsenhor Valdir C\u00e2ndido, apresentou a presta\u00e7\u00e3o de contas do \u00faltimo ano acad\u00eamico, com o balan\u00e7o financeiro do per\u00edodo 2024-2025, que apresentou super\u00e1vit nas contas. De acordo com o Col\u00e9gio, o resultado positivo foi garantido pelo aumento nas receitas de hospedagem e pela fidelidade das dioceses brasileiras ao projeto Comunh\u00e3o e Partilha.<\/p>\n<p><img decoding=\"async\" loading=\"lazy\" class=\"aligncenter size-full wp-image-993987\" src=\"https:\/\/www.cnbb.org.br\/wp-content\/uploads\/2026\/01\/Visita-presidencia-Pio-Brasileiro-2026-neiltonp-reitor-portal.jpg\" alt=\"\" width=\"960\" height=\"640\" srcset=\"https:\/\/www.cnbb.org.br\/wp-content\/uploads\/2026\/01\/Visita-presidencia-Pio-Brasileiro-2026-neiltonp-reitor-portal.jpg 960w, https:\/\/www.cnbb.org.br\/wp-content\/uploads\/2026\/01\/Visita-presidencia-Pio-Brasileiro-2026-neiltonp-reitor-portal-300x200.jpg 300w, https:\/\/www.cnbb.org.br\/wp-content\/uploads\/2026\/01\/Visita-presidencia-Pio-Brasileiro-2026-neiltonp-reitor-portal-768x512.jpg 768w, https:\/\/www.cnbb.org.br\/wp-content\/uploads\/2026\/01\/Visita-presidencia-Pio-Brasileiro-2026-neiltonp-reitor-portal-500x333.jpg 500w\" sizes=\"(max-width: 960px) 100vw, 960px\" \/><\/p>\n<p>&nbsp;<\/p>\n<h3>Partilhas sobre a caminhada eclesial<\/h3>\n<p>A reuni\u00e3o contou com interven\u00e7\u00f5es dos quatro bispos da presid\u00eancia, cada um abordando eixos fundamentais para a vida da Igreja. Abrindo as reflex\u00f5es, o presidente da CNBB, cardeal Jaime Spengler, destacou o reconhecimento pelo esfor\u00e7o de cada padre estudante, mas recordou a finalidade \u00faltima dessa dedica\u00e7\u00e3o. Ele foi enf\u00e1tico ao afirmar que o estudo e o trabalho desenvolvidos em Roma n\u00e3o s\u00e3o um projeto de realiza\u00e7\u00e3o pessoal:<\/p>\n<blockquote><p>\u201cN\u00e3o \u00e9 um trabalho para n\u00f3s, \u00e9 para os nossos fi\u00e9is, para as nossas comunidades, para os pobres. Isso revela a dignidade daquilo que desenvolvemos\u201d, afirmou Dom Jaime.<\/p><\/blockquote>\n<p>O cardeal alertou que a vida espiritual n\u00e3o pode ser confundida com meros al\u00edvios religiosos, sob o risco de o acad\u00eamico gerar uma \u201csecura\u201d que esvazia o minist\u00e9rio. \u201cDepois de Deus, o maior dom s\u00e3o os irm\u00e3os\u201d, completou, incentivando \u00e0 coopera\u00e7\u00e3o e \u00e0 vida lit\u00fargica da casa contra a tend\u00eancia de isolamento.\u00a0O presidente da CNBB tamb\u00e9m agradeceu \u00e0 dire\u00e7\u00e3o do Col\u00e9gio pela dedica\u00e7\u00e3o e generosidade no servi\u00e7o.<\/p>\n<p><img decoding=\"async\" loading=\"lazy\" class=\"aligncenter size-full wp-image-993986\" src=\"https:\/\/www.cnbb.org.br\/wp-content\/uploads\/2026\/01\/Visita-presidencia-Pio-Brasileiro-2026-neiltonp-dom-Jaime-portal.jpg\" alt=\"\" width=\"960\" height=\"640\" srcset=\"https:\/\/www.cnbb.org.br\/wp-content\/uploads\/2026\/01\/Visita-presidencia-Pio-Brasileiro-2026-neiltonp-dom-Jaime-portal.jpg 960w, https:\/\/www.cnbb.org.br\/wp-content\/uploads\/2026\/01\/Visita-presidencia-Pio-Brasileiro-2026-neiltonp-dom-Jaime-portal-300x200.jpg 300w, https:\/\/www.cnbb.org.br\/wp-content\/uploads\/2026\/01\/Visita-presidencia-Pio-Brasileiro-2026-neiltonp-dom-Jaime-portal-768x512.jpg 768w, https:\/\/www.cnbb.org.br\/wp-content\/uploads\/2026\/01\/Visita-presidencia-Pio-Brasileiro-2026-neiltonp-dom-Jaime-portal-500x333.jpg 500w\" sizes=\"(max-width: 960px) 100vw, 960px\" \/><\/p>\n<p>O secret\u00e1rio-geral da CNBB, dom Ricardo Hoepers, partilhou dados sobre a Igreja no Brasil e apresentou informa\u00e7\u00f5es do Fundo Nacional de Solidariedade. Fruto da Campanha da Fraternidade, o fundo destinou mais de 25 milh\u00f5es de reais nos \u00faltimos 4 anos a cerca de 900 projetos de transforma\u00e7\u00e3o social em todo o pa\u00eds. Dom Ricardo incentivou os padres a serem promotores do Fundo Diocesano de Solidariedade em suas bases.<\/p>\n<p>O arcebispo de Olinda e Recife (PE) e segundo vice-presidente da CNBB, dom Paulo Jackson N\u00f3brega de Souza, detalhou o esfor\u00e7o da Presid\u00eancia para garantir a estabilidade do Col\u00e9gio. Ele ressaltou o trabalho de convencimento junto ao episcopado brasileiro para que parte do Fundo Comunh\u00e3o e Partilha seja destinado especificamente \u00e0 forma\u00e7\u00e3o permanente. Segundo Dom Paulo, o Col\u00e9gio n\u00e3o \u00e9 apenas uma resid\u00eancia, mas uma \u201ccasa de forma\u00e7\u00e3o permanente\u201d. Ele listou as seis fontes vitais de manuten\u00e7\u00e3o: bolsas externas (que v\u00eam diminuindo), o projeto Comunh\u00e3o e Partilha, as mensalidades das dioceses, hospedagens, a Pontif\u00edcia Comiss\u00e3o para a Am\u00e9rica Latina e o Santu\u00e1rio Nacional de Aparecida.<\/p>\n<p>O encontro foi conclu\u00eddo por dom Jo\u00e3o Justino, primeiro vice-presidente da CNBB, que destacou o processo de revis\u00e3o do documento 110 da CNBB, que trata das diretrizes da forma\u00e7\u00e3o presbiteral no Brasil (Ratio Fundamentalis) e ressaltou a import\u00e2ncia da contribui\u00e7\u00e3o dos padres estudantes nesse processo que ser\u00e1 conduzido pela Comiss\u00e3o para os Minist\u00e9rios Ordenados e Vida Consagrada.<\/p>\n<p>&nbsp;<\/p>\n<h3>Equil\u00edbrio nas dimens\u00f5es<\/h3>\n<p>O diretor espiritual do Col\u00e9gio Pio Brasileiro, dom Armando Bucciol, bispo em\u00e9rito da diocese de Livramento de Nossa Senhora (BA), refletiu durante o encontro sobre a import\u00e2ncia de equilibrar as diferentes dimens\u00f5es da forma\u00e7\u00e3o dos padres. Com base em sua experi\u00eancia como reitor e bispo, ele alertou que a dimens\u00e3o intelectual, embora fundamental, muitas vezes acaba deixando \u201cde escanteio\u201d a forma\u00e7\u00e3o humana e a espiritualidade. Para o bispo, o estudo deve ser um alimento, e n\u00e3o um isolamento que afasta o presb\u00edtero da experi\u00eancia com o Cristo e com os irm\u00e3os.<\/p>\n<p><img decoding=\"async\" loading=\"lazy\" class=\"aligncenter size-full wp-image-993989\" src=\"https:\/\/www.cnbb.org.br\/wp-content\/uploads\/2026\/01\/Visita-presidencia-Pio-Brasileiro-2026-neiltonp-dom-Armando.jpg\" alt=\"\" width=\"960\" height=\"588\" srcset=\"https:\/\/www.cnbb.org.br\/wp-content\/uploads\/2026\/01\/Visita-presidencia-Pio-Brasileiro-2026-neiltonp-dom-Armando.jpg 960w, https:\/\/www.cnbb.org.br\/wp-content\/uploads\/2026\/01\/Visita-presidencia-Pio-Brasileiro-2026-neiltonp-dom-Armando-300x184.jpg 300w, https:\/\/www.cnbb.org.br\/wp-content\/uploads\/2026\/01\/Visita-presidencia-Pio-Brasileiro-2026-neiltonp-dom-Armando-768x470.jpg 768w, https:\/\/www.cnbb.org.br\/wp-content\/uploads\/2026\/01\/Visita-presidencia-Pio-Brasileiro-2026-neiltonp-dom-Armando-500x306.jpg 500w\" sizes=\"(max-width: 960px) 100vw, 960px\" \/><\/p>\n<p>&nbsp;<\/p>\n<pre>Com informa\u00e7\u00f5es e fotos do Col\u00e9gio Pio Brasileiro<\/pre>\n<p>&nbsp;<\/p>\n","protected":false},"excerpt":{"rendered":"<p>Membros da Presid\u00eancia acompanharam a presta\u00e7\u00e3o de contas do Col\u00e9gio e puderam apresentaram \u00e0 comunidade informa\u00e7\u00f5es sobre a Igreja no Brasil, o Fundo Nacional de Solidariedade, o projeto Comunh\u00e3o e Partilha e o processo de revis\u00e3o do documento sobre a forma\u00e7\u00e3o do clero no Brasil <\/p>\n","protected":false},"author":38,"featured_media":993985,"comment_status":"closed","ping_status":"closed","sticky":false,"template":"","format":"standard","meta":{"site-sidebar-layout":"default","site-content-layout":"default","ast-global-header-display":"","ast-banner-title-visibility":"","ast-main-header-display":"","ast-hfb-above-header-display":"","ast-hfb-below-header-display":"","ast-hfb-mobile-header-display":"","site-post-title":"","ast-breadcrumbs-content":"","ast-featured-img":"","footer-sml-layout":"","theme-transparent-header-meta":"default","adv-header-id-meta":"","stick-header-meta":"","header-above-stick-meta":"","header-main-stick-meta":"","header-below-stick-meta":""},"categories":[50,797],"tags":[2262],"acf":[],"_links":{"self":[{"href":"https:\/\/www.cnbb.org.br\/cnbb-app\/wp\/v2\/posts\/993935"}],"collection":[{"href":"https:\/\/www.cnbb.org.br\/cnbb-app\/wp\/v2\/posts"}],"about":[{"href":"https:\/\/www.cnbb.org.br\/cnbb-app\/wp\/v2\/types\/post"}],"author":[{"embeddable":true,"href":"https:\/\/www.cnbb.org.br\/cnbb-app\/wp\/v2\/users\/38"}],"replies":[{"embeddable":true,"href":"https:\/\/www.cnbb.org.br\/cnbb-app\/wp\/v2\/comments?post=993935"}],"version-history":[{"count":4,"href":"https:\/\/www.cnbb.org.br\/cnbb-app\/wp\/v2\/posts\/993935\/revisions"}],"predecessor-version":[{"id":993992,"href":"https:\/\/www.cnbb.org.br\/cnbb-app\/wp\/v2\/posts\/993935\/revisions\/993992"}],"wp:featuredmedia":[{"embeddable":true,"href":"https:\/\/www.cnbb.org.br\/cnbb-app\/wp\/v2\/media\/993985"}],"wp:attachment":[{"href":"https:\/\/www.cnbb.org.br\/cnbb-app\/wp\/v2\/media?parent=993935"}],"wp:term":[{"taxonomy":"category","embeddable":true,"href":"https:\/\/www.cnbb.org.br\/cnbb-app\/wp\/v2\/categories?post=993935"},{"taxonomy":"post_tag","embeddable":true,"href":"https:\/\/www.cnbb.org.br\/cnbb-app\/wp\/v2\/tags?post=993935"}],"curies":[{"name":"wp","href":"https:\/\/api.w.org\/{rel}","templated":true}]}}