{"id":993936,"date":"2026-01-22T09:27:17","date_gmt":"2026-01-22T12:27:17","guid":{"rendered":"https:\/\/www.cnbb.org.br\/?p=993936"},"modified":"2026-01-22T09:27:45","modified_gmt":"2026-01-22T12:27:45","slug":"a-atualidade-da-evangelii-gaudium-e-o-horizonte-missionario-do-pontificado-de-leao-xiv","status":"publish","type":"post","link":"https:\/\/www.cnbb.org.br\/a-atualidade-da-evangelii-gaudium-e-o-horizonte-missionario-do-pontificado-de-leao-xiv\/","title":{"rendered":"A atualidade da\u202fEvangelii\u00a0Gaudium\u202fe o horizonte mission\u00e1rio do pontificado de Le\u00e3o XIV\u00a0"},"content":{"rendered":"<p style=\"text-align: right;\"><strong>Dom Jo\u00e3o Santos Cardoso<br \/>\nArcebispo de Natal (RN)<\/strong><\/p>\n<p style=\"text-align: justify;\"><span data-ccp-props=\"{&quot;134233117&quot;:false,&quot;134233118&quot;:false,&quot;201341983&quot;:0,&quot;335551550&quot;:6,&quot;335551620&quot;:6,&quot;335559731&quot;:567,&quot;335559738&quot;:0,&quot;335559739&quot;:0,&quot;335559740&quot;:240}\">\u00a0<\/span><\/p>\n<p style=\"text-align: justify;\"><span data-contrast=\"none\">A\u202f<\/span><i><span data-contrast=\"none\">Evangelii\u00a0Gaudium<\/span><\/i><span data-contrast=\"none\">\u202fpermanece, mais de uma d\u00e9cada ap\u00f3s sua publica\u00e7\u00e3o, um texto decisivamente atual e prof\u00e9tico. Longe de ser um documento circunstancial de um pontificado anterior, ela se\u00a0afirma\u00a0como chave hermen\u00eautica para compreender o caminho mission\u00e1rio e sinodal que o Papa Le\u00e3o XIV\u00a0pretende assumir e\u00a0aprofundar em seu minist\u00e9rio\u00a0petrino.\u202f<\/span><span data-contrast=\"none\">O primeiro consist\u00f3rio extraordin\u00e1rio do seu pontificado, realizado em 7 de janeiro de 2026, confirmou essa continuidade:<\/span><span data-contrast=\"none\">\u202fo Santo Padre pediu aos cardeais que revisitassem a \u202f<\/span><i><span data-contrast=\"none\">Evangelii\u00a0Gaudium<\/span><\/i><span data-contrast=\"none\">\u202fcomo refer\u00eancia fundamental para discernir\u00a0prioridades e orienta\u00e7\u00f5es para a Igreja no tempo presente.<\/span><span data-ccp-props=\"{&quot;134233117&quot;:false,&quot;134233118&quot;:false,&quot;201341983&quot;:0,&quot;335551550&quot;:6,&quot;335551620&quot;:6,&quot;335559731&quot;:567,&quot;335559738&quot;:0,&quot;335559739&quot;:0,&quot;335559740&quot;:240}\">\u00a0<\/span><\/p>\n<p style=\"text-align: justify;\"><span data-contrast=\"none\">No discurso de abertura do consist\u00f3rio, o Papa Le\u00e3o XIV retomou e enfatizou a grande intui\u00e7\u00e3o conciliar que compreende a Igreja inteiramente contida no mist\u00e9rio de Cristo, entendendo a miss\u00e3o evangelizadora como irradia\u00e7\u00e3o da inesgot\u00e1vel energia emanada do evento central da hist\u00f3ria da salva\u00e7\u00e3o. Evangelizar,\u00a0recordou o Santo Padre,\u00a0n\u00e3o \u00e9 fazer proselitismo, mas permitir que seja o pr\u00f3prio Cristo quem atraia todos a si, por meio da caridade vivida e testemunhada. Nesse sentido, afirmou:\u202f<\/span><i><span data-contrast=\"none\">\u201c<\/span><\/i><span data-contrast=\"none\">A mim mesmo e a v\u00f3s, lan\u00e7o o convite a prestar muita aten\u00e7\u00e3o ao que o Papa Bento XVI indicou como a \u2018for\u00e7a\u2019 que preside a este movimento de atra\u00e7\u00e3o: essa for\u00e7a \u00e9 a<\/span><i><span data-contrast=\"none\">\u202fCharis,\u202f<\/span><\/i><span data-contrast=\"none\">o<\/span><i><span data-contrast=\"none\">\u202fAgape,\u202f<\/span><\/i><span data-contrast=\"none\">o Amor de Deus que se fez carne em Jesus Cristo e que, no Esp\u00edrito Santo, \u00e9 dado \u00e0 Igreja, santificando todas as suas a\u00e7\u00f5es. Na verdade, n\u00e3o \u00e9 a Igreja que atrai, mas Cristo; e, se um crist\u00e3o ou uma comunidade eclesial atrai, \u00e9 porque, atrav\u00e9s desse \u2018canal\u2019, chega\u00a0a\u00a0seiva vital da caridade que brota do Cora\u00e7\u00e3o do Salvador. \u00c9 significativo que o Papa Francisco, tendo iniciado com a<\/span><i><span data-contrast=\"none\">\u202fEvangelii\u00a0gaudium,\u202f<\/span><\/i><span data-contrast=\"none\">\u2018sobre o an\u00fancio do Evangelho no mundo atual\u2019, tenha conclu\u00eddo com a<\/span><i><span data-contrast=\"none\">\u202fDilexit\u00a0nos,\u202f<\/span><\/i><span data-contrast=\"none\">\u2018sobre o amor humano e divino do Cora\u00e7\u00e3o de Cristo\u2019.\u201d<\/span><span data-contrast=\"none\">\u202fEssa perspectiva, amadurecida no magist\u00e9rio recente e assumida por Bento XVI e Francisco, inscreve-se numa compreens\u00e3o profundamente\u00a0cristol\u00f3gica\u00a0da miss\u00e3o da Igreja: \u00e9 o amor de Cristo que a impele, a sustenta e lhe confere credibilidade diante do mundo.<\/span><span data-ccp-props=\"{&quot;134233117&quot;:false,&quot;134233118&quot;:false,&quot;201341983&quot;:0,&quot;335551550&quot;:6,&quot;335551620&quot;:6,&quot;335559731&quot;:567,&quot;335559738&quot;:0,&quot;335559739&quot;:0,&quot;335559740&quot;:240}\">\u00a0<\/span><\/p>\n<p style=\"text-align: justify;\"><span data-contrast=\"none\">\u00c9 nesse horizonte que se insere a interven\u00e7\u00e3o do Cardeal V\u00edctor Manuel Fern\u00e1ndez, Prefeito do Dicast\u00e9rio para a Doutrina da F\u00e9, cuja reflex\u00e3o ajuda a compreender por que a\u202f<\/span><i><span data-contrast=\"none\">Evangelii\u00a0Gaudium<\/span><\/i><span data-contrast=\"none\">\u202fcontinua sendo um texto irrenunci\u00e1vel. Para ele, n\u00e3o se trata de uma op\u00e7\u00e3o pastoral superada ou substitu\u00edvel, mas de um modo de conceber toda a vida da Igreja a partir do\u00a0an\u00fancio. O subt\u00edtulo do documento \u2014 \u201csobre o an\u00fancio do Evangelho no mundo atual\u201d \u2014 revela o seu n\u00facleo: o querigma, isto \u00e9, a proclama\u00e7\u00e3o da beleza do amor salvador de Deus manifestado em Jesus Cristo morto e ressuscitado.<\/span><span data-ccp-props=\"{&quot;134233117&quot;:false,&quot;134233118&quot;:false,&quot;201341983&quot;:0,&quot;335551550&quot;:6,&quot;335551620&quot;:6,&quot;335559731&quot;:567,&quot;335559738&quot;:0,&quot;335559739&quot;:0,&quot;335559740&quot;:240}\">\u00a0<\/span><\/p>\n<p style=\"text-align: justify;\"><span data-contrast=\"none\">Esse retorno ao essencial possui grande relev\u00e2ncia no contexto cultural contempor\u00e2neo, marcado por fragmenta\u00e7\u00e3o, cansa\u00e7o espiritual e perda de sentido. O Cardeal Fern\u00e1ndez insiste que n\u00e3o basta repetir normas, doutrinas ou posi\u00e7\u00f5es morais, ainda que necess\u00e1rias; \u00e9 preciso, antes de tudo, favorecer o encontro com Cristo vivo. Em sintonia com Bento XVI, ele recorda que n\u00e3o se come\u00e7a a ser crist\u00e3o por uma ideia ou um c\u00f3digo \u00e9tico, mas por uma experi\u00eancia de encontro\u00a0com uma pessoa\u00a0que transforma a vida. Por isso, a\u202f<\/span><i><span data-contrast=\"none\">Evangelii\u00a0Gaudium<\/span><\/i><span data-contrast=\"none\">\u202ffala de \u201cbeleza\u201d: o Evangelho deve ser anunciado de modo capaz de atrair, encantar e tocar o cora\u00e7\u00e3o.<\/span><span data-ccp-props=\"{&quot;134233117&quot;:false,&quot;134233118&quot;:false,&quot;201341983&quot;:0,&quot;335551550&quot;:6,&quot;335551620&quot;:6,&quot;335559731&quot;:567,&quot;335559738&quot;:0,&quot;335559739&quot;:0,&quot;335559740&quot;:240}\">\u00a0<\/span><\/p>\n<p style=\"text-align: justify;\"><span data-contrast=\"none\">Da\u00a0centralidade do querigma decorre uma exig\u00eancia de reforma mission\u00e1ria e sinodal\u00a0da Igreja.\u202f<\/span><i><span data-contrast=\"none\">Ecclesia\u00a0semper\u00a0reformanda<\/span><\/i><span data-contrast=\"none\">: a Igreja \u00e9 chamada a rever pr\u00e1ticas, estilos e estruturas, n\u00e3o por gosto de mudan\u00e7a, mas para que nada obscure\u00e7a ou dificulte o\u00a0an\u00fancio fundamental. Tudo o que n\u00e3o serve diretamente a essa proclama\u00e7\u00e3o inicial deve ser\u00a0posto em segundo plano; tudo o que a favorece deve ser colocado em primeiro plano. Trata-se de uma reforma espiritual, pastoral e institucional, vivida em chave sinodal, isto \u00e9, no discernimento comunit\u00e1rio e na escuta do Esp\u00edrito.<\/span><span data-ccp-props=\"{&quot;134233117&quot;:false,&quot;134233118&quot;:false,&quot;201341983&quot;:0,&quot;335551550&quot;:6,&quot;335551620&quot;:6,&quot;335559731&quot;:567,&quot;335559738&quot;:0,&quot;335559739&quot;:0,&quot;335559740&quot;:240}\">\u00a0<\/span><\/p>\n<p style=\"text-align: justify;\"><span data-contrast=\"none\">Por fim, a atualidade da\u202f<\/span><i><span data-contrast=\"none\">Evangelii\u00a0Gaudium<\/span><\/i><span data-contrast=\"none\">\u202fmanifesta-se tamb\u00e9m na insepar\u00e1vel uni\u00e3o entre an\u00fancio, compromisso social e vida espiritual. O\u00a0<\/span><i><span data-contrast=\"none\">querigma<\/span><\/i><span data-contrast=\"none\">\u00a0n\u00e3o aliena da realidade, mas gera paix\u00e3o pelo povo, cuidado com os pobres e esperan\u00e7a ativa na transforma\u00e7\u00e3o do mundo. Assim, ao assumir e aprofundar a proposta evangelizadora de Francisco, o Papa Le\u00e3o XIV aponta para uma Igreja mais simples no essencial, mais bela no an\u00fancio e mais audaz na miss\u00e3o.\u00a0Uma Igreja que, atra\u00edda por Cristo, se torna sinal vivo do Evangelho para o homem e a mulher do nosso tempo.<\/span><span data-ccp-props=\"{&quot;134233117&quot;:false,&quot;134233118&quot;:false,&quot;201341983&quot;:0,&quot;335551550&quot;:6,&quot;335551620&quot;:6,&quot;335559731&quot;:567,&quot;335559738&quot;:0,&quot;335559739&quot;:0,&quot;335559740&quot;:240}\">\u00a0<\/span><\/p>\n<p><span data-ccp-props=\"{}\">\u00a0<\/span><\/p>\n","protected":false},"excerpt":{"rendered":"<p>Dom Jo\u00e3o Santos Cardoso Arcebispo de Natal (RN) \u00a0 A\u202fEvangelii\u00a0Gaudium\u202fpermanece, mais de uma d\u00e9cada ap\u00f3s sua publica\u00e7\u00e3o, um texto decisivamente atual e prof\u00e9tico. Longe de ser um documento circunstancial de um pontificado anterior, ela se\u00a0afirma\u00a0como chave hermen\u00eautica para compreender o caminho mission\u00e1rio e sinodal que o Papa Le\u00e3o XIV\u00a0pretende assumir e\u00a0aprofundar em seu minist\u00e9rio\u00a0petrino.\u202fO primeiro &hellip;<\/p>\n<p class=\"read-more\"> <a class=\"\" href=\"https:\/\/www.cnbb.org.br\/a-atualidade-da-evangelii-gaudium-e-o-horizonte-missionario-do-pontificado-de-leao-xiv\/\"> <span class=\"screen-reader-text\">A atualidade da\u202fEvangelii\u00a0Gaudium\u202fe o horizonte mission\u00e1rio do pontificado de Le\u00e3o XIV\u00a0<\/span> Leia mais &raquo;<\/a><\/p>\n","protected":false},"author":105,"featured_media":0,"comment_status":"closed","ping_status":"closed","sticky":false,"template":"","format":"standard","meta":{"site-sidebar-layout":"default","site-content-layout":"default","ast-global-header-display":"","ast-banner-title-visibility":"","ast-main-header-display":"","ast-hfb-above-header-display":"","ast-hfb-below-header-display":"","ast-hfb-mobile-header-display":"","site-post-title":"","ast-breadcrumbs-content":"","ast-featured-img":"","footer-sml-layout":"","theme-transparent-header-meta":"default","adv-header-id-meta":"","stick-header-meta":"","header-above-stick-meta":"","header-main-stick-meta":"","header-below-stick-meta":""},"categories":[758],"tags":[],"acf":[],"_links":{"self":[{"href":"https:\/\/www.cnbb.org.br\/cnbb-app\/wp\/v2\/posts\/993936"}],"collection":[{"href":"https:\/\/www.cnbb.org.br\/cnbb-app\/wp\/v2\/posts"}],"about":[{"href":"https:\/\/www.cnbb.org.br\/cnbb-app\/wp\/v2\/types\/post"}],"author":[{"embeddable":true,"href":"https:\/\/www.cnbb.org.br\/cnbb-app\/wp\/v2\/users\/105"}],"replies":[{"embeddable":true,"href":"https:\/\/www.cnbb.org.br\/cnbb-app\/wp\/v2\/comments?post=993936"}],"version-history":[{"count":3,"href":"https:\/\/www.cnbb.org.br\/cnbb-app\/wp\/v2\/posts\/993936\/revisions"}],"predecessor-version":[{"id":993939,"href":"https:\/\/www.cnbb.org.br\/cnbb-app\/wp\/v2\/posts\/993936\/revisions\/993939"}],"wp:attachment":[{"href":"https:\/\/www.cnbb.org.br\/cnbb-app\/wp\/v2\/media?parent=993936"}],"wp:term":[{"taxonomy":"category","embeddable":true,"href":"https:\/\/www.cnbb.org.br\/cnbb-app\/wp\/v2\/categories?post=993936"},{"taxonomy":"post_tag","embeddable":true,"href":"https:\/\/www.cnbb.org.br\/cnbb-app\/wp\/v2\/tags?post=993936"}],"curies":[{"name":"wp","href":"https:\/\/api.w.org\/{rel}","templated":true}]}}