{"id":993943,"date":"2026-01-22T10:14:22","date_gmt":"2026-01-22T13:14:22","guid":{"rendered":"https:\/\/www.cnbb.org.br\/?p=993943"},"modified":"2026-01-22T10:14:22","modified_gmt":"2026-01-22T13:14:22","slug":"papa-leao-xiv-autoriza-a-promulgacao-de-novos-descretos-e-reconhece-virtudes-heroicas-de-religiosa-brasileira","status":"publish","type":"post","link":"https:\/\/www.cnbb.org.br\/papa-leao-xiv-autoriza-a-promulgacao-de-novos-descretos-e-reconhece-virtudes-heroicas-de-religiosa-brasileira\/","title":{"rendered":"Papa Le\u00e3o XIV autoriza a promulga\u00e7\u00e3o de novos descretos e reconhece virtudes heroicas de religiosa brasileira"},"content":{"rendered":"<p style=\"text-align: justify;\">O Papa Le\u00e3o XIV autorizou, nesta quinta-feira, 22 de janeiro, a promulga\u00e7\u00e3o de novos decretos do Dicast\u00e9rio para as Causas dos Santos, durante audi\u00eancia concedida ao cardeal Marcello Semeraro, prefeito do Dicast\u00e9rio. Os atos aprovados pelo Pont\u00edfice dizem respeito ao reconhecimento de um milagre, de um mart\u00edrio e das virtudes heroicas de diversos Servos e Servas de Deus, etapas decisivas no caminho rumo \u00e0 beatifica\u00e7\u00e3o ou \u00e0 declara\u00e7\u00e3o de venerabilidade. Entre os decretos promulgados est\u00e1 o reconhecimento das virtudes heroicas da Serva de Deus brasileira irm\u00e3 Maria Imaculada da Sant\u00edssima Trindade, conhecida como \u201cM\u00e3ezinha\u201d, que passa a receber o t\u00edtulo de Vener\u00e1vel.<\/p>\n<p><img decoding=\"async\" loading=\"lazy\" class=\"aligncenter wp-image-993946 size-large\" src=\"https:\/\/www.cnbb.org.br\/wp-content\/uploads\/2026\/01\/cq5dam.thumbnail.cropped.1500.844-44-1024x576.jpeg\" alt=\"\" width=\"1024\" height=\"576\" srcset=\"https:\/\/www.cnbb.org.br\/wp-content\/uploads\/2026\/01\/cq5dam.thumbnail.cropped.1500.844-44-1024x576.jpeg 1024w, https:\/\/www.cnbb.org.br\/wp-content\/uploads\/2026\/01\/cq5dam.thumbnail.cropped.1500.844-44-300x169.jpeg 300w, https:\/\/www.cnbb.org.br\/wp-content\/uploads\/2026\/01\/cq5dam.thumbnail.cropped.1500.844-44-768x432.jpeg 768w, https:\/\/www.cnbb.org.br\/wp-content\/uploads\/2026\/01\/cq5dam.thumbnail.cropped.1500.844-44-500x281.jpeg 500w, https:\/\/www.cnbb.org.br\/wp-content\/uploads\/2026\/01\/cq5dam.thumbnail.cropped.1500.844-44.jpeg 1280w\" sizes=\"(max-width: 1024px) 100vw, 1024px\" \/><\/p>\n<h3 style=\"text-align: justify;\">Uma vida consagrada a Deus no cora\u00e7\u00e3o do Brasil<\/h3>\n<p style=\"text-align: justify;\">Nascida em 12 de janeiro de 1909, em Maria da F\u00e9 (MG), Maria Giselda Villela viveu desde cedo uma profunda experi\u00eancia de f\u00e9, marcada pelo desejo de total consagra\u00e7\u00e3o a Deus. Ao professar os votos como religiosa, assumiu o nome de irm\u00e3 Maria Imaculada da Sant\u00edssima Trindade e destacou-se por uma espiritualidade centrada no mist\u00e9rio trinit\u00e1rio e por uma vida de ora\u00e7\u00e3o intensa, vivida com fidelidade silenciosa e perseverante. Sua voca\u00e7\u00e3o encontrou express\u00e3o plena na funda\u00e7\u00e3o do Carmelo da Sagrada Fam\u00edlia, em Pouso Alegre, onde contribuiu decisivamente para o enraizamento da vida carmelitana na Igreja particular e para a difus\u00e3o de um testemunho contemplativo profundamente unido \u00e0 realidade e \u00e0s necessidades do povo.<\/p>\n<p style=\"text-align: justify;\">A Vener\u00e1vel Maria Imaculada da Sant\u00edssima Trindade faleceu em 20 de janeiro de 1988, em Pouso Alegre, deixando como heran\u00e7a espiritual uma comunidade marcada pela fidelidade ao carisma carmelitano, pela centralidade da ora\u00e7\u00e3o e pela confian\u00e7a filial na a\u00e7\u00e3o de Deus. O decreto promulgado reconhece que a Serva de Deus viveu de modo heroico as virtudes crist\u00e3s \u2014 f\u00e9, esperan\u00e7a e caridade \u2014 bem como as virtudes humanas, de forma constante e exemplar. Para a beatifica\u00e7\u00e3o, ser\u00e1 necess\u00e1rio o reconhecimento de um milagre atribu\u00eddo \u00e0 sua intercess\u00e3o, ocorrido ap\u00f3s sua morte.<\/p>\n<h3 style=\"text-align: justify;\">Novos beatos<\/h3>\n<p style=\"text-align: justify;\">Na mesma ocasi\u00e3o, o Santo Padre autorizou a promulga\u00e7\u00e3o do decreto que reconhece o milagre atribu\u00eddo \u00e0 intercess\u00e3o da Vener\u00e1vel Serva de Deus Maria Ignazia Isacchi, nascida Angela Caterina, fundadora da Congrega\u00e7\u00e3o das Ursulinas do Sagrado Cora\u00e7\u00e3o de Jesus de Asola. Com o reconhecimento do milagre, a religiosa italiana, nascida em 1857 e falecida em 1934, poder\u00e1 ser proclamada beata.<\/p>\n<p style=\"text-align: justify;\">Tamb\u00e9m foi promulgado o decreto que reconhece o mart\u00edrio do Servo de Deus Augusto Rafael Ram\u00edrez Monasterio, sacerdote da Ordem dos Frades Menores, nascido em 5 de novembro de 1937, na Cidade da Guatemala, e assassinado em 7 de novembro de 1983, por \u00f3dio \u00e0 f\u00e9. O reconhecimento do mart\u00edrio dispensa a necessidade de milagre para a beatifica\u00e7\u00e3o.<\/p>\n<h3 style=\"text-align: justify;\">Vener\u00e1veis italianos<\/h3>\n<p style=\"text-align: justify;\">Le\u00e3o XIV tamb\u00e9m autorizou o reconhecimento das virtudes heroicas de Maria Tecla Antonia Relucenti, cofundadora da Congrega\u00e7\u00e3o das Pias Oper\u00e1rias da Imaculada Concei\u00e7\u00e3o, nascida em Ascoli Piceno (It\u00e1lia) em 1704 e falecida em 1769; de Crocifissa Militerni, nome religioso da italiana Teresa, religiosa da Congrega\u00e7\u00e3o de S\u00e3o Jo\u00e3o Batista, nascida em 1874 e falecida em 1925; e de Nerino Cobianchi, fiel leigo, tamb\u00e9m italiano, esposo e pai de fam\u00edlia, nascido em 1945 e falecido em 1998. Com esse reconhecimento, todos passam a receber o t\u00edtulo de Vener\u00e1veis.<\/p>\n<p>&nbsp;<\/p>\n<pre>Por Thulio Fonseca | <a href=\"https:\/\/www.vaticannews.va\/pt\/papa\/news\/2026-01\/papa-leao-xiv-novos-beatos-e-veneraveis-irma-brasileira-22-01-26.html\" target=\"_blank\" rel=\"noopener\">Vatican News<\/a><\/pre>\n","protected":false},"excerpt":{"rendered":"<p>Os atos aprovados pelo Pont\u00edfice dizem respeito ao reconhecimento de um milagre, de um mart\u00edrio e das virtudes heroicas de diversos Servos e Servas de Deus. Entre os decretos promulgados est\u00e1 o reconhecimento das virtudes heroicas da Serva de Deus brasileira irm\u00e3 Maria Imaculada da Sant\u00edssima Trindade, conhecida como \u201cM\u00e3ezinha\u201d<\/p>\n","protected":false},"author":138,"featured_media":993947,"comment_status":"closed","ping_status":"closed","sticky":false,"template":"","format":"standard","meta":{"site-sidebar-layout":"default","site-content-layout":"default","ast-global-header-display":"","ast-banner-title-visibility":"","ast-main-header-display":"","ast-hfb-above-header-display":"","ast-hfb-below-header-display":"","ast-hfb-mobile-header-display":"","site-post-title":"","ast-breadcrumbs-content":"","ast-featured-img":"","footer-sml-layout":"","theme-transparent-header-meta":"default","adv-header-id-meta":"","stick-header-meta":"","header-above-stick-meta":"","header-main-stick-meta":"","header-below-stick-meta":""},"categories":[50,1851],"tags":[6299,6300,4569],"acf":[],"_links":{"self":[{"href":"https:\/\/www.cnbb.org.br\/cnbb-app\/wp\/v2\/posts\/993943"}],"collection":[{"href":"https:\/\/www.cnbb.org.br\/cnbb-app\/wp\/v2\/posts"}],"about":[{"href":"https:\/\/www.cnbb.org.br\/cnbb-app\/wp\/v2\/types\/post"}],"author":[{"embeddable":true,"href":"https:\/\/www.cnbb.org.br\/cnbb-app\/wp\/v2\/users\/138"}],"replies":[{"embeddable":true,"href":"https:\/\/www.cnbb.org.br\/cnbb-app\/wp\/v2\/comments?post=993943"}],"version-history":[{"count":4,"href":"https:\/\/www.cnbb.org.br\/cnbb-app\/wp\/v2\/posts\/993943\/revisions"}],"predecessor-version":[{"id":993953,"href":"https:\/\/www.cnbb.org.br\/cnbb-app\/wp\/v2\/posts\/993943\/revisions\/993953"}],"wp:featuredmedia":[{"embeddable":true,"href":"https:\/\/www.cnbb.org.br\/cnbb-app\/wp\/v2\/media\/993947"}],"wp:attachment":[{"href":"https:\/\/www.cnbb.org.br\/cnbb-app\/wp\/v2\/media?parent=993943"}],"wp:term":[{"taxonomy":"category","embeddable":true,"href":"https:\/\/www.cnbb.org.br\/cnbb-app\/wp\/v2\/categories?post=993943"},{"taxonomy":"post_tag","embeddable":true,"href":"https:\/\/www.cnbb.org.br\/cnbb-app\/wp\/v2\/tags?post=993943"}],"curies":[{"name":"wp","href":"https:\/\/api.w.org\/{rel}","templated":true}]}}