{"id":993955,"date":"2026-01-22T14:18:19","date_gmt":"2026-01-22T17:18:19","guid":{"rendered":"https:\/\/www.cnbb.org.br\/?p=993955"},"modified":"2026-01-22T14:18:19","modified_gmt":"2026-01-22T17:18:19","slug":"dom-benedito-araujo-posse-em-campo-maior","status":"publish","type":"post","link":"https:\/\/www.cnbb.org.br\/dom-benedito-araujo-posse-em-campo-maior\/","title":{"rendered":"Com prop\u00f3sito de escuta, proximidade e esp\u00edrito sinodal, dom Benedito toma posse em Campo Maior"},"content":{"rendered":"<p>A diocese de Campo Maior (PI) celebrou a posse can\u00f4nica de seu quarto bispo diocesano, no dia 17 de janeiro, com celebra\u00e7\u00e3o eucar\u00edstica na Catedral de Santo Ant\u00f4nio. Centenas de fi\u00e9is juntaram-se ao clero e aos religiosos e diversos bispos do Piau\u00ed e de outras partes do pa\u00eds para acolher dom Benedito Ara\u00fajo no in\u00edcio de seu minist\u00e9rio em Campo Maior.<\/p>\n<p>Antes de chegar a Campo Maior, dom Benedito passou pelas cidades de Cabaceiras do Piau\u00ed e Jos\u00e9 de Freitas, ambas pertencentes ao territ\u00f3rio diocesano de Campo Maior. Ele foi recepcionado na entrada da cidade, onde seguiu em carro aberto at\u00e9 a Catedral.<\/p>\n<figure style=\"width: 1600px\" class=\"wp-caption aligncenter\"><img decoding=\"async\" loading=\"lazy\" src=\"https:\/\/cdn.cnbbne4.org.br\/wp-content\/uploads\/2026\/01\/WhatsApp-Image-2026-01-19-at-10.16.28.jpeg\" alt=\"Foto: Marcos Ant\u00f4nio \/ Diocese de Campo Maior\" width=\"1600\" height=\"1068\" \/><figcaption class=\"wp-caption-text\">Foto: Marcos Ant\u00f4nio \/ Diocese de Campo Maior<\/figcaption><\/figure>\n<p>Durante a missa, dom Benedito destacou a import\u00e2ncia da escuta, da proximidade com o povo e do esp\u00edrito sinodal, reafirmando o compromisso de caminhar junto \u00e0s par\u00f3quias, pastorais e movimentos.<\/p>\n<blockquote><p><span class=\"gs_tkn show\">\u201c<\/span>\u00c9 com este prop\u00f3sito que vim armar e alargar minha tenda junto de todos voc\u00eas nesta Terra dos Carnaubais. Os frutos desta caminhada passam pela nossa nobre responsabilidade pastoral enquanto fam\u00edlia diocesana<span class=\"gs_tkn show\">\u201d<\/span>, afirmou.<\/p><\/blockquote>\n<p>&nbsp;<\/p>\n<p><a href=\"https:\/\/cnbbne4.org.br\/posse-canonica-de-dom-benedito-araujo-marca-inicio-do-ministerio-episcopal-em-clima-de-fe-e-esperanca\/\" target=\"_blank\" rel=\"noopener\">Confira a mat\u00e9ria completa.<\/a><\/p>\n","protected":false},"excerpt":{"rendered":"<p>A diocese de Campo Maior (PI) celebrou a posse can\u00f4nica de seu quarto bispo diocesano, no dia 17 de janeiro, com celebra\u00e7\u00e3o eucar\u00edstica na Catedral de Santo Ant\u00f4nio. Centenas de fi\u00e9is juntaram-se ao clero e aos religiosos e diversos bispos do Piau\u00ed e de outras partes do pa\u00eds para acolher dom Benedito Ara\u00fajo no in\u00edcio &hellip;<\/p>\n<p class=\"read-more\"> <a class=\"\" href=\"https:\/\/www.cnbb.org.br\/dom-benedito-araujo-posse-em-campo-maior\/\"> <span class=\"screen-reader-text\">Com prop\u00f3sito de escuta, proximidade e esp\u00edrito sinodal, dom Benedito toma posse em Campo Maior<\/span> Leia mais &raquo;<\/a><\/p>\n","protected":false},"author":38,"featured_media":993956,"comment_status":"closed","ping_status":"closed","sticky":false,"template":"","format":"standard","meta":{"site-sidebar-layout":"default","site-content-layout":"default","ast-global-header-display":"","ast-banner-title-visibility":"","ast-main-header-display":"","ast-hfb-above-header-display":"","ast-hfb-below-header-display":"","ast-hfb-mobile-header-display":"","site-post-title":"","ast-breadcrumbs-content":"","ast-featured-img":"","footer-sml-layout":"","theme-transparent-header-meta":"default","adv-header-id-meta":"","stick-header-meta":"","header-above-stick-meta":"","header-main-stick-meta":"","header-below-stick-meta":""},"categories":[817],"tags":[],"acf":[],"_links":{"self":[{"href":"https:\/\/www.cnbb.org.br\/cnbb-app\/wp\/v2\/posts\/993955"}],"collection":[{"href":"https:\/\/www.cnbb.org.br\/cnbb-app\/wp\/v2\/posts"}],"about":[{"href":"https:\/\/www.cnbb.org.br\/cnbb-app\/wp\/v2\/types\/post"}],"author":[{"embeddable":true,"href":"https:\/\/www.cnbb.org.br\/cnbb-app\/wp\/v2\/users\/38"}],"replies":[{"embeddable":true,"href":"https:\/\/www.cnbb.org.br\/cnbb-app\/wp\/v2\/comments?post=993955"}],"version-history":[{"count":2,"href":"https:\/\/www.cnbb.org.br\/cnbb-app\/wp\/v2\/posts\/993955\/revisions"}],"predecessor-version":[{"id":994030,"href":"https:\/\/www.cnbb.org.br\/cnbb-app\/wp\/v2\/posts\/993955\/revisions\/994030"}],"wp:featuredmedia":[{"embeddable":true,"href":"https:\/\/www.cnbb.org.br\/cnbb-app\/wp\/v2\/media\/993956"}],"wp:attachment":[{"href":"https:\/\/www.cnbb.org.br\/cnbb-app\/wp\/v2\/media?parent=993955"}],"wp:term":[{"taxonomy":"category","embeddable":true,"href":"https:\/\/www.cnbb.org.br\/cnbb-app\/wp\/v2\/categories?post=993955"},{"taxonomy":"post_tag","embeddable":true,"href":"https:\/\/www.cnbb.org.br\/cnbb-app\/wp\/v2\/tags?post=993955"}],"curies":[{"name":"wp","href":"https:\/\/api.w.org\/{rel}","templated":true}]}}