{"id":993957,"date":"2026-01-22T15:40:23","date_gmt":"2026-01-22T18:40:23","guid":{"rendered":"https:\/\/www.cnbb.org.br\/?p=993957"},"modified":"2026-01-23T15:25:39","modified_gmt":"2026-01-23T18:25:39","slug":"dicasterio-para-as-causas-dos-santos-reconhece-as-139-causas-no-brasil-como-frutos-da-acao-pastoral-da-igreja-no-pais","status":"publish","type":"post","link":"https:\/\/www.cnbb.org.br\/dicasterio-para-as-causas-dos-santos-reconhece-as-139-causas-no-brasil-como-frutos-da-acao-pastoral-da-igreja-no-pais\/","title":{"rendered":"Dicast\u00e9rio para as Causas dos Santos reconhece as 139 causas no Brasil como frutos da a\u00e7\u00e3o pastoral da Igreja no pa\u00eds"},"content":{"rendered":"<p style=\"text-align: justify;\">A presid\u00eancia da Confer\u00eancia Nacional dos Bispos do Brasil (CNBB) realizou duas visitas na quinta-feira, 22 de janeiro. Uma delas foi ao Dicast\u00e9rio para as Causas dos Santos. O grupo foi recebido pelo prefeito do Dicast\u00e9rio, cardeal Marcello Semeraro.<\/p>\n<p style=\"text-align: justify;\">Na reuni\u00e3o, a presid\u00eancia da CNBB agradeceu a presen\u00e7a do c\u00f4nego Ant\u00f4nio Saldanha, em julho de 2025, no primeiro Encontro de Postuladores das Causas dos Santos, promovido pela CNBB em Bras\u00edlia. Atualmente, no Brasil est\u00e3o em curso 139 causas do Brasil, sendo 13 beatos. O Dicast\u00e9rio, entregou \u00e0 presid\u00eancia da CNBB uma s\u00edntese sobre a situa\u00e7\u00e3o de cada causa, destacando que a santidade expressa parte da a\u00e7\u00e3o pastoral da Igreja.<\/p>\n<p style=\"text-align: justify;\"><img decoding=\"async\" loading=\"lazy\" class=\"size-medium wp-image-993966 alignright\" src=\"https:\/\/www.cnbb.org.br\/wp-content\/uploads\/2026\/01\/Causa-dos-Santos-mesa-300x169.jpg\" alt=\"\" width=\"300\" height=\"169\" srcset=\"https:\/\/www.cnbb.org.br\/wp-content\/uploads\/2026\/01\/Causa-dos-Santos-mesa-300x169.jpg 300w, https:\/\/www.cnbb.org.br\/wp-content\/uploads\/2026\/01\/Causa-dos-Santos-mesa-1024x576.jpg 1024w, https:\/\/www.cnbb.org.br\/wp-content\/uploads\/2026\/01\/Causa-dos-Santos-mesa-768x432.jpg 768w, https:\/\/www.cnbb.org.br\/wp-content\/uploads\/2026\/01\/Causa-dos-Santos-mesa-1536x864.jpg 1536w, https:\/\/www.cnbb.org.br\/wp-content\/uploads\/2026\/01\/Causa-dos-Santos-mesa-500x281.jpg 500w, https:\/\/www.cnbb.org.br\/wp-content\/uploads\/2026\/01\/Causa-dos-Santos-mesa.jpg 1600w\" sizes=\"(max-width: 300px) 100vw, 300px\" \/>Uma iniciativa apresentada ao Dicast\u00e9rio foi a proposta formativa que a CNBB vai desenvolver, emparceria com a PUC-Rio, com o objetivo de qualificar agentes eclesiais brasileiros para os processos de canoniza\u00e7\u00e3o e valoriza\u00e7\u00e3o do testemunho de santidade.<\/p>\n<p style=\"text-align: justify;\">Na ocasi\u00e3o, a presid\u00eancia da CNBB entregou o Relat\u00f3rio da Presid\u00eancia da CNBB &#8211; Ano 2025 e o texto-base da Campanha da Fraternidade 2026 que tem como tema a quest\u00e3o da moradia digna.<\/p>\n<h3>Tutela de Menores<\/h3>\n<p style=\"text-align: justify;\">Outra agenda do dia foi visita \u00e0 Pontif\u00edcia Comiss\u00e3o para a Tutela dos Menores. Na oportunidade, foi aprofundado, com o presidente da Comiss\u00e3o, dom Thibault Verny, nomeado pelo Papa Le\u00e3o XIV em julho de 2025, o conceito de vulnerabilidade \u00e0 luz da realidade brasileira, considerando crit\u00e9rios objetivos que favore\u00e7am pol\u00edticas eficazes de preven\u00e7\u00e3o, cuidado e responsabiliza\u00e7\u00e3o.<\/p>\n<p style=\"text-align: justify;\">Nesta visita, os representantes da Pontificia Comiss\u00e3o de Tutela confirmaram sua participa\u00e7\u00e3o na 62\u00aa Assembleia Geral dos Bispos do Brasil, em abril, para contribuir com a forma\u00e7\u00e3o dos bispos do Brasil no tema. A presid\u00eancia entregou ao presidente da Comiss\u00e3o\u00a0o relat\u00f3rio da Presid\u00eancia da CNBB \u2013 Ano 2025 e o texto-base da CF 2026.<\/p>\n<p><img decoding=\"async\" loading=\"lazy\" class=\"aligncenter wp-image-993997 size-large\" src=\"https:\/\/www.cnbb.org.br\/wp-content\/uploads\/2026\/01\/Tutela-de-Menores-1024x576.jpg\" alt=\"\" width=\"1024\" height=\"576\" srcset=\"https:\/\/www.cnbb.org.br\/wp-content\/uploads\/2026\/01\/Tutela-de-Menores-1024x576.jpg 1024w, https:\/\/www.cnbb.org.br\/wp-content\/uploads\/2026\/01\/Tutela-de-Menores-300x169.jpg 300w, https:\/\/www.cnbb.org.br\/wp-content\/uploads\/2026\/01\/Tutela-de-Menores-768x432.jpg 768w, https:\/\/www.cnbb.org.br\/wp-content\/uploads\/2026\/01\/Tutela-de-Menores-500x281.jpg 500w, https:\/\/www.cnbb.org.br\/wp-content\/uploads\/2026\/01\/Tutela-de-Menores.jpg 1280w\" sizes=\"(max-width: 1024px) 100vw, 1024px\" \/><\/p>\n<h3>Missa pelo Bicenten\u00e1rio Brasil-Santa S\u00e9<\/h3>\n<p style=\"text-align: justify;\">Amanh\u00e3, 23 de janeiro, \u00e0s 12h (hor\u00e1rio de Bras\u00edlia) e 16h (hor\u00e1rio de Roma), a Presid\u00eancia da CNBB participar\u00e1 da missa solene na Bas\u00edlica de Santa Maria Maior, em Roma. Este momento ser\u00e1 um dos pontos centrais da agenda institucional e celebrativa do Bicenten\u00e1rio das Rela\u00e7\u00f5es Diplom\u00e1ticas entre o Brasil e a Santa S\u00e9. Para a celebra\u00e7\u00e3o est\u00e3o sendo esperadas autoridades religiosas, civis e diplom\u00e1ticas do Brasil e da Santa S\u00e9.<\/p>\n<p style=\"text-align: justify;\">A missa ser\u00e1 presidida\u00a0 pelo cardeal Pietro Parolin, secret\u00e1rio de Estado da Santa S\u00e9, A celebra\u00e7\u00e3o ser\u00e1 presidida pelo cardeal Pietro Parolin, secret\u00e1rio de Estado do Vaticano, com anima\u00e7\u00e3o musical da Camerata Antiqua de Curitiba vai ser transmitida nas redes sociais da Confer\u00eancia, \u00e0s 12h (hor\u00e1rio de Bras\u00edlia), no Youtube (<a href=\"https:\/\/www.youtube.com\/watch?v=FXJLZFHNg5I\" data-rel=\"lightbox-video-0\" target=\"_blank\" rel=\"noopener\">@cnbbnacional<\/a>).<\/p>\n<h3>Agenda de visita aos Papa e aos Dicast\u00e9rios<\/h3>\n<p style=\"text-align: justify;\">Nos dias seguintes, est\u00e3o previstos encontros com o Dicast\u00e9rio para a Doutrina da F\u00e9 e o Dicast\u00e9rio para o Clero, no dia 21; com a Pontif\u00edcia Comiss\u00e3o para a Tutela de Menores e o Dicast\u00e9rio das Causas dos Santos, no dia 22; e, no dia 23, com o Dicast\u00e9rio para os Bispos e o Dicast\u00e9rio para a Cultura e a Educa\u00e7\u00e3o.<\/p>\n<p style=\"text-align: justify;\">Ap\u00f3s o fim de semana, a programa\u00e7\u00e3o segue no dia 26 de janeiro, com a Audi\u00eancia com o Papa Le\u00e3o XIV, seguida de encontro com o Dicast\u00e9rio para a Evangeliza\u00e7\u00e3o. No dia 27, est\u00e3o previstos compromissos com o Dicast\u00e9rio para o Culto Divino e a Disciplina dos Sacramentos e com a Secretaria de Estado. J\u00e1 no dia 28, a Presid\u00eancia se re\u00fane com o Dicast\u00e9rio para os Leigos, a Fam\u00edlia e a Vida. A visita se encerra no dia 29 de janeiro, com encontro no Dicast\u00e9rio para os Institutos de Vida Consagrada e as Sociedades de Vida Apost\u00f3lica.<\/p>\n<p>&nbsp;<\/p>\n","protected":false},"excerpt":{"rendered":"<p>A presid\u00eancia da CNBB realizou duas visitas na quinta-feira, 22 de janeiro. Uma delas foi ao Dicast\u00e9rio para as Causas dos Santos. Atualmente, no Brasil est\u00e3o em curso 139 causas do Brasil, sendo 13 beatos. O Dicast\u00e9rio entregou \u00e0 presid\u00eancia da CNBB uma s\u00edntese sobre a situa\u00e7\u00e3o de cada causa, destacando que a santidade expressa parte da a\u00e7\u00e3o pastoral da Igreja<\/p>\n","protected":false},"author":142,"featured_media":993965,"comment_status":"closed","ping_status":"closed","sticky":false,"template":"","format":"standard","meta":{"site-sidebar-layout":"default","site-content-layout":"default","ast-global-header-display":"","ast-banner-title-visibility":"","ast-main-header-display":"","ast-hfb-above-header-display":"","ast-hfb-below-header-display":"","ast-hfb-mobile-header-display":"","site-post-title":"","ast-breadcrumbs-content":"","ast-featured-img":"","footer-sml-layout":"","theme-transparent-header-meta":"default","adv-header-id-meta":"","stick-header-meta":"","header-above-stick-meta":"","header-main-stick-meta":"","header-below-stick-meta":""},"categories":[50],"tags":[6301,2262],"acf":[],"_links":{"self":[{"href":"https:\/\/www.cnbb.org.br\/cnbb-app\/wp\/v2\/posts\/993957"}],"collection":[{"href":"https:\/\/www.cnbb.org.br\/cnbb-app\/wp\/v2\/posts"}],"about":[{"href":"https:\/\/www.cnbb.org.br\/cnbb-app\/wp\/v2\/types\/post"}],"author":[{"embeddable":true,"href":"https:\/\/www.cnbb.org.br\/cnbb-app\/wp\/v2\/users\/142"}],"replies":[{"embeddable":true,"href":"https:\/\/www.cnbb.org.br\/cnbb-app\/wp\/v2\/comments?post=993957"}],"version-history":[{"count":15,"href":"https:\/\/www.cnbb.org.br\/cnbb-app\/wp\/v2\/posts\/993957\/revisions"}],"predecessor-version":[{"id":994042,"href":"https:\/\/www.cnbb.org.br\/cnbb-app\/wp\/v2\/posts\/993957\/revisions\/994042"}],"wp:featuredmedia":[{"embeddable":true,"href":"https:\/\/www.cnbb.org.br\/cnbb-app\/wp\/v2\/media\/993965"}],"wp:attachment":[{"href":"https:\/\/www.cnbb.org.br\/cnbb-app\/wp\/v2\/media?parent=993957"}],"wp:term":[{"taxonomy":"category","embeddable":true,"href":"https:\/\/www.cnbb.org.br\/cnbb-app\/wp\/v2\/categories?post=993957"},{"taxonomy":"post_tag","embeddable":true,"href":"https:\/\/www.cnbb.org.br\/cnbb-app\/wp\/v2\/tags?post=993957"}],"curies":[{"name":"wp","href":"https:\/\/api.w.org\/{rel}","templated":true}]}}