{"id":993959,"date":"2026-01-22T14:56:32","date_gmt":"2026-01-22T17:56:32","guid":{"rendered":"https:\/\/www.cnbb.org.br\/?p=993959"},"modified":"2026-01-22T15:25:08","modified_gmt":"2026-01-22T18:25:08","slug":"dom-walter-jorge-toma-posse-como-bispo-da-diocese-da-campanha-mg","status":"publish","type":"post","link":"https:\/\/www.cnbb.org.br\/dom-walter-jorge-toma-posse-como-bispo-da-diocese-da-campanha-mg\/","title":{"rendered":"Dom Walter Jorge toma posse como bispo da Diocese da Campanha (MG)"},"content":{"rendered":"<p>A diocese da Campanha (MG) acolheu seu novo bispo e celebrou sua posse can\u00f4nica no \u00faltimo s\u00e1bado, 17 de janeiro. Dom Walter Jorge Pinto foi acolhido na sexta-feira com uma manifesta\u00e7\u00e3o cultural e celebrou a posse na Catedral Santo Ant\u00f4nio, no s\u00e1bado.<\/p>\n<p>A acolhida foi com uma apresenta\u00e7\u00e3o de um grupo de C<span style=\"font-size: 16px;\">ongada, manifesta\u00e7\u00e3o cultural e religiosa tradicional, marcada por cantos, dan\u00e7as e express\u00f5es de f\u00e9, que preserva a identidade hist\u00f3rica e cultural do povo mineiro, especialmente ligada \u00e0 devo\u00e7\u00e3o popular e \u00e0s ra\u00edzes afro-brasileiras. <\/span><\/p>\n<p><span style=\"font-size: 16px;\">Ap\u00f3s a acolhida, dom Walter, juntamente com os visitantes da diocese de Uni\u00e3o da Vit\u00f3ria, sua diocese anterior, e fi\u00e9is da diocese da Campanha, dirigiu-se \u00e0 capela da c\u00faria diocesana de Campanha, onde aconteceu a celebra\u00e7\u00e3o de acolhida e a apresenta\u00e7\u00e3o da diocese. Na ocasi\u00e3o, foi recebido por padres, di\u00e1conos, prefeito, vereadores, funcion\u00e1rios da c\u00faria diocesana, familiares, al\u00e9m de fi\u00e9is e visitantes.\u00a0<\/span><\/p>\n<p>A celebra\u00e7\u00e3o de posse, no s\u00e1bado, teve presen\u00e7a de aproximadamente quatro mil pessoas, que se distribu\u00edram na Catedral e em tendas armadas nos arredores. Em sua homilia, dom Walter falou de seus sonhos para a diocese: uma igreja vibrante; com padres protagonistas de uma igreja toda ministerial; decididamente mission\u00e1ria; da sinodalidade; ministra da esperan\u00e7a .<\/p>\n<blockquote><p>&#8220;Conto com a ajuda e com a ora\u00e7\u00e3o de todos e digo que a partir de agora, a Diocese da Campanha pode contar comigo! Que tudo fa\u00e7amos por Jesus e pelo evangelho&#8221;, motivou o bispo ao final da homilia.<\/p><\/blockquote>\n<p><a href=\"https:\/\/diocesedacampanha.org.br\/homilia-de-dom-walter-jorge-na-missa-de-posse-em-nossa-diocese\/\" target=\"_blank\" rel=\"noopener\">Leia na \u00edntegra aqui.<\/a><\/p>\n<p>&nbsp;<\/p>\n<pre>Com informa\u00e7\u00f5es e foto da diocese da Campanha<\/pre>\n<p>&nbsp;<\/p>\n","protected":false},"excerpt":{"rendered":"<p>A diocese da Campanha (MG) acolheu seu novo bispo e celebrou sua posse can\u00f4nica no \u00faltimo s\u00e1bado, 17 de janeiro. Dom Walter Jorge Pinto foi acolhido na sexta-feira com uma manifesta\u00e7\u00e3o cultural e celebrou a posse na Catedral Santo Ant\u00f4nio, no s\u00e1bado. A acolhida foi com uma apresenta\u00e7\u00e3o de um grupo de Congada, manifesta\u00e7\u00e3o cultural &hellip;<\/p>\n<p class=\"read-more\"> <a class=\"\" href=\"https:\/\/www.cnbb.org.br\/dom-walter-jorge-toma-posse-como-bispo-da-diocese-da-campanha-mg\/\"> <span class=\"screen-reader-text\">Dom Walter Jorge toma posse como bispo da Diocese da Campanha (MG)<\/span> Leia mais &raquo;<\/a><\/p>\n","protected":false},"author":38,"featured_media":993961,"comment_status":"closed","ping_status":"closed","sticky":false,"template":"","format":"standard","meta":{"site-sidebar-layout":"default","site-content-layout":"default","ast-global-header-display":"","ast-banner-title-visibility":"","ast-main-header-display":"","ast-hfb-above-header-display":"","ast-hfb-below-header-display":"","ast-hfb-mobile-header-display":"","site-post-title":"","ast-breadcrumbs-content":"","ast-featured-img":"","footer-sml-layout":"","theme-transparent-header-meta":"default","adv-header-id-meta":"","stick-header-meta":"","header-above-stick-meta":"","header-main-stick-meta":"","header-below-stick-meta":""},"categories":[778],"tags":[],"acf":[],"_links":{"self":[{"href":"https:\/\/www.cnbb.org.br\/cnbb-app\/wp\/v2\/posts\/993959"}],"collection":[{"href":"https:\/\/www.cnbb.org.br\/cnbb-app\/wp\/v2\/posts"}],"about":[{"href":"https:\/\/www.cnbb.org.br\/cnbb-app\/wp\/v2\/types\/post"}],"author":[{"embeddable":true,"href":"https:\/\/www.cnbb.org.br\/cnbb-app\/wp\/v2\/users\/38"}],"replies":[{"embeddable":true,"href":"https:\/\/www.cnbb.org.br\/cnbb-app\/wp\/v2\/comments?post=993959"}],"version-history":[{"count":2,"href":"https:\/\/www.cnbb.org.br\/cnbb-app\/wp\/v2\/posts\/993959\/revisions"}],"predecessor-version":[{"id":993964,"href":"https:\/\/www.cnbb.org.br\/cnbb-app\/wp\/v2\/posts\/993959\/revisions\/993964"}],"wp:featuredmedia":[{"embeddable":true,"href":"https:\/\/www.cnbb.org.br\/cnbb-app\/wp\/v2\/media\/993961"}],"wp:attachment":[{"href":"https:\/\/www.cnbb.org.br\/cnbb-app\/wp\/v2\/media?parent=993959"}],"wp:term":[{"taxonomy":"category","embeddable":true,"href":"https:\/\/www.cnbb.org.br\/cnbb-app\/wp\/v2\/categories?post=993959"},{"taxonomy":"post_tag","embeddable":true,"href":"https:\/\/www.cnbb.org.br\/cnbb-app\/wp\/v2\/tags?post=993959"}],"curies":[{"name":"wp","href":"https:\/\/api.w.org\/{rel}","templated":true}]}}