{"id":993977,"date":"2026-01-22T15:37:24","date_gmt":"2026-01-22T18:37:24","guid":{"rendered":"https:\/\/www.cnbb.org.br\/?p=993977"},"modified":"2026-01-22T16:47:24","modified_gmt":"2026-01-22T19:47:24","slug":"missa-celebra-o-bicentenario-de-relacoes-diplomaticas-brasil-santa-se","status":"publish","type":"post","link":"https:\/\/www.cnbb.org.br\/missa-celebra-o-bicentenario-de-relacoes-diplomaticas-brasil-santa-se\/","title":{"rendered":"Missa, a ser presidida pelo cardeal Pietro Parolin, celebra o Bicenten\u00e1rio de rela\u00e7\u00f5es Diplom\u00e1ticas Brasil-Santa S\u00e9"},"content":{"rendered":"<p style=\"text-align: justify;\">Amanh\u00e3, 23 de janeiro, \u00e0s 15h (hor\u00e1rio do Vaticano), a Presid\u00eancia da CNBB participar\u00e1 da missa solene na Bas\u00edlica de Santa Maria Maior, em Roma. Este momento ser\u00e1 um dos pontos centrais da agenda institucional e celebrativa do Bicenten\u00e1rio das Rela\u00e7\u00f5es Diplom\u00e1ticas entre o Brasil e a Santa S\u00e9. Para a celebra\u00e7\u00e3o est\u00e3o sendo esperadas autoridades religiosas, civis e diplom\u00e1ticas do Brasil e da Santa S\u00e9.<\/p>\n<p style=\"text-align: justify;\">A missa ser\u00e1 presidida\u00a0 pelo cardeal Pietro Parolin, secret\u00e1rio de Estado da Santa S\u00e9, com anima\u00e7\u00e3o musical da Camerata Antiqua de Curitiba e vai ser transmitida nas redes sociais da Confer\u00eancia, \u00e0s 12h (hor\u00e1rio de Bras\u00edlia), no Youtube (@cnbbnacional).<\/p>\n<p><strong>Assista aqui:<\/strong><\/p>\n<div class=\"ast-oembed-container\" style=\"height: 100%;\"><iframe loading=\"lazy\" title=\"Missa pelo bicenten\u00e1rio das rela\u00e7\u00f5es diplom\u00e1ticas Brasil - Santa S\u00e9\" width=\"500\" height=\"281\" src=\"https:\/\/www.youtube.com\/embed\/FXJLZFHNg5I?feature=oembed\" frameborder=\"0\" allow=\"accelerometer; autoplay; clipboard-write; encrypted-media; gyroscope; picture-in-picture; web-share\" referrerpolicy=\"strict-origin-when-cross-origin\" allowfullscreen><\/iframe><\/div>\n<p>&nbsp;<\/p>\n","protected":false},"excerpt":{"rendered":"<p>Amanh\u00e3, 23 de janeiro, \u00e0s 15h (hor\u00e1rio do Vaticano), a Presid\u00eancia da CNBB participar\u00e1 da missa solene na Bas\u00edlica de Santa Maria Maior, em Roma. Este momento ser\u00e1 um dos pontos centrais da agenda institucional e celebrativa do Bicenten\u00e1rio das Rela\u00e7\u00f5es Diplom\u00e1ticas entre o Brasil e a Santa S\u00e9. Para a celebra\u00e7\u00e3o est\u00e3o sendo esperadas &hellip;<\/p>\n<p class=\"read-more\"> <a class=\"\" href=\"https:\/\/www.cnbb.org.br\/missa-celebra-o-bicentenario-de-relacoes-diplomaticas-brasil-santa-se\/\"> <span class=\"screen-reader-text\">Missa, a ser presidida pelo cardeal Pietro Parolin, celebra o Bicenten\u00e1rio de rela\u00e7\u00f5es Diplom\u00e1ticas Brasil-Santa S\u00e9<\/span> Leia mais &raquo;<\/a><\/p>\n","protected":false},"author":142,"featured_media":993978,"comment_status":"closed","ping_status":"closed","sticky":false,"template":"","format":"standard","meta":{"site-sidebar-layout":"default","site-content-layout":"default","ast-global-header-display":"","ast-banner-title-visibility":"","ast-main-header-display":"","ast-hfb-above-header-display":"","ast-hfb-below-header-display":"","ast-hfb-mobile-header-display":"","site-post-title":"","ast-breadcrumbs-content":"","ast-featured-img":"","footer-sml-layout":"","theme-transparent-header-meta":"default","adv-header-id-meta":"","stick-header-meta":"","header-above-stick-meta":"","header-main-stick-meta":"","header-below-stick-meta":""},"categories":[1840,784],"tags":[6294],"acf":[],"_links":{"self":[{"href":"https:\/\/www.cnbb.org.br\/cnbb-app\/wp\/v2\/posts\/993977"}],"collection":[{"href":"https:\/\/www.cnbb.org.br\/cnbb-app\/wp\/v2\/posts"}],"about":[{"href":"https:\/\/www.cnbb.org.br\/cnbb-app\/wp\/v2\/types\/post"}],"author":[{"embeddable":true,"href":"https:\/\/www.cnbb.org.br\/cnbb-app\/wp\/v2\/users\/142"}],"replies":[{"embeddable":true,"href":"https:\/\/www.cnbb.org.br\/cnbb-app\/wp\/v2\/comments?post=993977"}],"version-history":[{"count":4,"href":"https:\/\/www.cnbb.org.br\/cnbb-app\/wp\/v2\/posts\/993977\/revisions"}],"predecessor-version":[{"id":993999,"href":"https:\/\/www.cnbb.org.br\/cnbb-app\/wp\/v2\/posts\/993977\/revisions\/993999"}],"wp:featuredmedia":[{"embeddable":true,"href":"https:\/\/www.cnbb.org.br\/cnbb-app\/wp\/v2\/media\/993978"}],"wp:attachment":[{"href":"https:\/\/www.cnbb.org.br\/cnbb-app\/wp\/v2\/media?parent=993977"}],"wp:term":[{"taxonomy":"category","embeddable":true,"href":"https:\/\/www.cnbb.org.br\/cnbb-app\/wp\/v2\/categories?post=993977"},{"taxonomy":"post_tag","embeddable":true,"href":"https:\/\/www.cnbb.org.br\/cnbb-app\/wp\/v2\/tags?post=993977"}],"curies":[{"name":"wp","href":"https:\/\/api.w.org\/{rel}","templated":true}]}}