{"id":994009,"date":"2026-01-23T08:34:31","date_gmt":"2026-01-23T11:34:31","guid":{"rendered":"https:\/\/www.cnbb.org.br\/?p=994009"},"modified":"2026-01-23T10:43:26","modified_gmt":"2026-01-23T13:43:26","slug":"realmar","status":"publish","type":"post","link":"https:\/\/www.cnbb.org.br\/realmar\/","title":{"rendered":"Realmar"},"content":{"rendered":"<p style=\"text-align: right;\"><strong>Dom Walmor Oliveira de Azevedo<br \/>\nArcebispo de Belo Horizonte (MG)<\/strong><\/p>\n<p style=\"text-align: justify;\"><span data-ccp-props=\"{&quot;201341983&quot;:0,&quot;335551550&quot;:2,&quot;335551620&quot;:2,&quot;335559739&quot;:160,&quot;335559740&quot;:259}\">\u00a0<\/span><\/p>\n<p style=\"text-align: justify;\"><span data-contrast=\"auto\">Realmar\u00a0\u00e9 a magn\u00edfica e interpelante provoca\u00e7\u00e3o feita pelo Papa Francisco,\u00a0na Exorta\u00e7\u00e3o Apost\u00f3lica Evangelho da\u00a0Alegria:\u00a0\u201cEnquanto n\u00e3o forem radicalmente solucionados os problemas dos pobres, renunciando \u00e0 autonomia absoluta dos mercados e da especula\u00e7\u00e3o financeira e atacando as causas estruturais da desigualdade social, n\u00e3o se\u00a0resolver\u00e3o\u00a0os problemas do mundo, e, em definitivo, problema algum. A desigualdade \u00e9 a raiz dos males sociais\u201d.\u00a0O\u00a0desafio \u00e9\u00a0realmar\u00a0a economia, o que significa tamb\u00e9m corrigir descompassos no cora\u00e7\u00e3o\u00a0humano. \u00c9 preciso\u00a0buscar uma\u00a0nova sensibilidade social e cultural,\u00a0com for\u00e7a para\u00a0fazer surgir uma\u00a0civiliza\u00e7\u00e3o\u00a0melhor, a partir das\u00a0mudan\u00e7as em curso na contemporaneidade.\u00a0<\/span><span data-ccp-props=\"{&quot;201341983&quot;:0,&quot;335551550&quot;:6,&quot;335551620&quot;:6,&quot;335559739&quot;:160,&quot;335559740&quot;:259}\">\u00a0<\/span><\/p>\n<p style=\"text-align: justify;\"><span data-contrast=\"auto\">Os cen\u00e1rios\u00a0da geopol\u00edtica atual\u00a0exigem\u00a0novas compreens\u00f5es e\u00a0respostas que, para serem alcan\u00e7adas,\u00a0pedem\u00a0um\u00a0realmar,\u00a0ou corre-se o risco de colapsar a possibilidade de avan\u00e7os e de conquistas significativas, com preju\u00edzos ao compromisso comunit\u00e1rio que \u00e9 determinante para se alcan\u00e7ar a paz no planeta.\u00a0Do lado oposto ao compromisso comunit\u00e1rio est\u00e1 a hegemonia\u00a0de nacionalismos e autoritarismos individualistas\u00a0que imp\u00f5em\u00a0uma desordem, fonte de\u00a0conflitos e desrespeitos a soberanias essenciais.\u00a0Realmar-se\u00a0\u00e9, pois,\u00a0uma condi\u00e7\u00e3o imprescind\u00edvel para incentivar o di\u00e1logo social, que qualifica escolhas, a gest\u00e3o de recursos\u00a0pecuni\u00e1rios e ambientais,\u00a0permitindo construir relevantes patrim\u00f4nios para a sociedade e uma heran\u00e7a\u00a0para o futuro.\u00a0<\/span><span data-ccp-props=\"{&quot;201341983&quot;:0,&quot;335551550&quot;:6,&quot;335551620&quot;:6,&quot;335559739&quot;:160,&quot;335559740&quot;:259}\">\u00a0<\/span><\/p>\n<p style=\"text-align: justify;\"><span data-contrast=\"auto\">A perspectiva que busca\u00a0realmar\u00a0a civiliza\u00e7\u00e3o contempor\u00e2nea \u00e9\u00a0relevante\u00a0quando se considera este tempo de\u00a0viragem hist\u00f3rica.\u00a0S\u00e3o muitos os progressos e avan\u00e7os,\u00a0em diversos campos, que\u00a0contribuem para o bem-estar das pessoas. Ainda assim, a maioria dos seres humanos vive em\u00a0situa\u00e7\u00e3o\u00a0prec\u00e1ria.\u00a0A civiliza\u00e7\u00e3o contempor\u00e2nea poderia garantir dignidade a todas as pessoas, mas convive com a prolifera\u00e7\u00e3o de crises,\u00a0medos, desesperos, doen\u00e7as, de modo que ningu\u00e9m est\u00e1 imune \u00e0s amea\u00e7as deste tempo.\u00a0A inimizade e o individualismo enjaulam as pessoas e culturas,\u00a0efetivando\u00a0escolhas\u00a0equivocadas e contraproducentes.\u00a0Realmar\u00a0a vida\u00a0\u00e9 uma resposta generosa e eficaz. Parta-se\u00a0da meta apontada pelo Papa Francisco:\u00a0de\u00a0se buscar\u00a0uma\u00a0economia\u00a0diferente. Vale ter presente as admoesta\u00e7\u00f5es encontradas na Exorta\u00e7\u00e3o\u00a0Apost\u00f3lica\u00a0Evangelho da Alegria: n\u00e3o a uma economia de exclus\u00e3o, n\u00e3o \u00e0 nova idolatria do dinheiro, n\u00e3o a um dinheiro que governa em vez de servir.\u00a0<\/span><span data-ccp-props=\"{&quot;201341983&quot;:0,&quot;335551550&quot;:6,&quot;335551620&quot;:6,&quot;335559739&quot;:160,&quot;335559740&quot;:259}\">\u00a0<\/span><\/p>\n<p style=\"text-align: justify;\"><span data-contrast=\"auto\">Sabe-se\u00a0que uma reforma financeira, em par\u00e2metros \u00e9ticos robustos, exigir\u00e1 dos dirigentes pol\u00edticos uma vigorosa mudan\u00e7a de atitudes.\u00a0Aqueles que s\u00e3o l\u00edderes t\u00eam, particularmente, a tarefa\u00a0de\u00a0fazer com que o dinheiro sirva,\u00a0e n\u00e3o governe.\u00a0Trata-se de fundamento para\u00a0sempre oferecer\u00a0respostas\u00a0solid\u00e1rias\u00a0aos anseios dos\u00a0mais pobres, de modo sens\u00edvel ao\u00a0bem comum, com aten\u00e7\u00e3o aos\u00a0projetos\u00a0capazes de promover o\u00a0desenvolvimento integral\u00a0&#8211; voltado ao\u00a0bem de todos.\u00a0\u00c9 o\u00a0caminho para se alcan\u00e7ar uma solidariedade desinteressada e uma\u00a0economia\u00a0fiel a princ\u00edpios\u00a0\u00e9ticos essenciais para a harmonia na civiliza\u00e7\u00e3o contempor\u00e2nea.\u00a0Realmar-se\u00a0\u00e9,\u00a0assim,\u00a0uma resposta \u00e0 desigualdade que gera viol\u00eancias,\u00a0oferecendo caminhos para superar tudo que amea\u00e7a\u00a0a\u00a0dignidade humana.\u00a0Um movimento que contempla a\u00a0assimila\u00e7\u00e3o de princ\u00edpios \u00e9ticos com propriedades para superar a corrup\u00e7\u00e3o end\u00eamica e as\u00a0facilidades\u00a0para\u00a0manipular\u00a0o poder\u00a0a partir de\u00a0interesses partid\u00e1rios e particulares, com sacrif\u00edcios \u00e0 popula\u00e7\u00e3o.<\/span><span data-ccp-props=\"{&quot;201341983&quot;:0,&quot;335551550&quot;:6,&quot;335551620&quot;:6,&quot;335559739&quot;:160,&quot;335559740&quot;:259}\">\u00a0<\/span><\/p>\n<p style=\"text-align: justify;\"><span data-contrast=\"auto\">\u00a0A idolatria do dinheiro tem gerado descompassos\u00a0&#8211;\u00a0ganhos exorbitantes\u00a0e desperd\u00edcios de recursos, empregados de modo ego\u00edsta e sem prop\u00f3sitos, de modo irracional e esbanjador.\u00a0Urgente, pois, \u00e9 a supera\u00e7\u00e3o de uma economia\u00a0que gera exclus\u00f5es. H\u00e1 de se recuperar ou efetivar\u00a0no mundo contempor\u00e2neo um s\u00f3lido sentido\u00a0social, inspirando-se nas primeiras\u00a0comunidades crist\u00e3s onde, por compromisso de f\u00e9,\u00a0n\u00e3o havia necessitados, pois a solidariedade era princ\u00edpio que norteava a vida de todos.\u00a0Trata-se de um grande ideal capaz de projetar\u00a0luzes para o caminho\u00a0da humanidade. Uma luminosidade que dissipa feridas do mundo, provocadas pelo pecado, e que se expressam nas muitas formas de exclus\u00e3o e de discrimina\u00e7\u00e3o. Na atualidade, os exclu\u00eddos n\u00e3o s\u00e3o apenas explorados:\u00a0s\u00e3o tratados como sobra.\u00a0\u00a0A\u00a0dor\u00a0dos exclu\u00eddos e dos muitos desfavorecidos deve\u00a0gerar inquieta\u00e7\u00e3o\u00a0em\u00a0todos, para\u00a0realmar\u00a0cora\u00e7\u00f5es e a economia, oferecendo um rem\u00e9dio para acabar com a\u00a0globaliza\u00e7\u00e3o da indiferen\u00e7a, perigosa e\u00a0perversa.\u00a0\u00c9 hora de revisitar\u00a0li\u00e7\u00f5es capazes de ajudar o ser humano a\u00a0realmar-se, a\u00a0realmar, especialmente, a economia,\u00a0para o nascimento de uma nova ordem social.<\/span><span data-ccp-props=\"{&quot;201341983&quot;:0,&quot;335551550&quot;:6,&quot;335551620&quot;:6,&quot;335559739&quot;:160,&quot;335559740&quot;:259}\">\u00a0<\/span><\/p>\n<p>&nbsp;<\/p>\n","protected":false},"excerpt":{"rendered":"<p>Dom Walmor Oliveira de Azevedo Arcebispo de Belo Horizonte (MG) \u00a0 Realmar\u00a0\u00e9 a magn\u00edfica e interpelante provoca\u00e7\u00e3o feita pelo Papa Francisco,\u00a0na Exorta\u00e7\u00e3o Apost\u00f3lica Evangelho da\u00a0Alegria:\u00a0\u201cEnquanto n\u00e3o forem radicalmente solucionados os problemas dos pobres, renunciando \u00e0 autonomia absoluta dos mercados e da especula\u00e7\u00e3o financeira e atacando as causas estruturais da desigualdade social, n\u00e3o se\u00a0resolver\u00e3o\u00a0os problemas do &hellip;<\/p>\n<p class=\"read-more\"> <a class=\"\" href=\"https:\/\/www.cnbb.org.br\/realmar\/\"> <span class=\"screen-reader-text\">Realmar<\/span> Leia mais &raquo;<\/a><\/p>\n","protected":false},"author":8,"featured_media":0,"comment_status":"closed","ping_status":"closed","sticky":false,"template":"","format":"standard","meta":{"site-sidebar-layout":"default","site-content-layout":"default","ast-global-header-display":"","ast-banner-title-visibility":"","ast-main-header-display":"","ast-hfb-above-header-display":"","ast-hfb-below-header-display":"","ast-hfb-mobile-header-display":"","site-post-title":"","ast-breadcrumbs-content":"","ast-featured-img":"","footer-sml-layout":"","theme-transparent-header-meta":"default","adv-header-id-meta":"","stick-header-meta":"","header-above-stick-meta":"","header-main-stick-meta":"","header-below-stick-meta":""},"categories":[758,1837],"tags":[],"acf":[],"_links":{"self":[{"href":"https:\/\/www.cnbb.org.br\/cnbb-app\/wp\/v2\/posts\/994009"}],"collection":[{"href":"https:\/\/www.cnbb.org.br\/cnbb-app\/wp\/v2\/posts"}],"about":[{"href":"https:\/\/www.cnbb.org.br\/cnbb-app\/wp\/v2\/types\/post"}],"author":[{"embeddable":true,"href":"https:\/\/www.cnbb.org.br\/cnbb-app\/wp\/v2\/users\/8"}],"replies":[{"embeddable":true,"href":"https:\/\/www.cnbb.org.br\/cnbb-app\/wp\/v2\/comments?post=994009"}],"version-history":[{"count":2,"href":"https:\/\/www.cnbb.org.br\/cnbb-app\/wp\/v2\/posts\/994009\/revisions"}],"predecessor-version":[{"id":994011,"href":"https:\/\/www.cnbb.org.br\/cnbb-app\/wp\/v2\/posts\/994009\/revisions\/994011"}],"wp:attachment":[{"href":"https:\/\/www.cnbb.org.br\/cnbb-app\/wp\/v2\/media?parent=994009"}],"wp:term":[{"taxonomy":"category","embeddable":true,"href":"https:\/\/www.cnbb.org.br\/cnbb-app\/wp\/v2\/categories?post=994009"},{"taxonomy":"post_tag","embeddable":true,"href":"https:\/\/www.cnbb.org.br\/cnbb-app\/wp\/v2\/tags?post=994009"}],"curies":[{"name":"wp","href":"https:\/\/api.w.org\/{rel}","templated":true}]}}