{"id":994012,"date":"2026-01-23T08:36:06","date_gmt":"2026-01-23T11:36:06","guid":{"rendered":"https:\/\/www.cnbb.org.br\/?p=994012"},"modified":"2026-01-23T08:36:39","modified_gmt":"2026-01-23T11:36:39","slug":"jesus-a-luz-do-mundo-nos-chama-a-conversao-e-ao-arrependimento","status":"publish","type":"post","link":"https:\/\/www.cnbb.org.br\/jesus-a-luz-do-mundo-nos-chama-a-conversao-e-ao-arrependimento\/","title":{"rendered":"Jesus, a luz do mundo, nos chama a convers\u00e3o e ao arrependimento!\u00a0"},"content":{"rendered":"<p style=\"text-align: right;\"><b><span data-contrast=\"auto\">Dom Anuar Battisti<\/span><\/b><span data-ccp-props=\"{&quot;201341983&quot;:0,&quot;335551550&quot;:2,&quot;335551620&quot;:2,&quot;335559731&quot;:708,&quot;335559739&quot;:160,&quot;335559740&quot;:278}\"><br \/>\n<\/span><b><span data-contrast=\"auto\">Arcebispo Em\u00e9rito de Maring\u00e1 (PR)<\/span><\/b><span data-ccp-props=\"{&quot;201341983&quot;:0,&quot;335551550&quot;:2,&quot;335551620&quot;:2,&quot;335559731&quot;:708,&quot;335559739&quot;:160,&quot;335559740&quot;:278}\">\u00a0<\/span><\/p>\n<p style=\"text-align: justify;\"><span data-ccp-props=\"{&quot;201341983&quot;:0,&quot;335551550&quot;:6,&quot;335551620&quot;:6,&quot;335559731&quot;:708,&quot;335559739&quot;:160,&quot;335559740&quot;:278}\">\u00a0<\/span><\/p>\n<p style=\"text-align: justify;\"><span data-contrast=\"auto\">A liturgia do Terceiro Domingo do Tempo Comum desvela-nos o projeto de salva\u00e7\u00e3o e de vida plena que Deus tem para oferecer ao mundo e aos homens. Ele visita-nos, toma conhecimento das nossas dificuldades, cuida das nossas feridas, mostra-nos em que dire\u00e7\u00e3o caminhar para chegarmos \u00e0 vida, fica \u00e0 nossa espera para nos acolher e abra\u00e7ar no final do caminho. A sua salva\u00e7\u00e3o ilumina cada um dos nossos passos.<\/span><span data-ccp-props=\"{&quot;134233117&quot;:true,&quot;134233118&quot;:true,&quot;201341983&quot;:0,&quot;335551550&quot;:6,&quot;335551620&quot;:6,&quot;335559731&quot;:708,&quot;335559739&quot;:160,&quot;335559740&quot;:240}\">\u00a0<\/span><\/p>\n<p style=\"text-align: justify;\"><span data-contrast=\"auto\">Na primeira leitura \u2013 Is 8,23\u20139,3 \u2013, o profeta-poeta Isa\u00edas, que fala aos habitantes de Jud\u00e1 num tempo hist\u00f3rico marcado pelo imperialismo da Ass\u00edria, anuncia uma luz que Deus far\u00e1 brilhar sobre as terras da Galileia e que por\u00e1 fim \u00e0s trevas que se abateram sobre aquela regi\u00e3o. Talvez as interven\u00e7\u00f5es de Deus n\u00e3o estejam sincronizadas com a nossa impaci\u00eancia e pressa; mas Ele nunca deixa de vir em socorro dos seus filhos que caminham no mundo. Ao povo oprimido pelos inimigos, o profeta anuncia a restaura\u00e7\u00e3o da independ\u00eancia e da liberdade. Sua miss\u00e3o \u00e9 denunciar tudo o que oprime e empobrece as pessoas e anunciar o Deus libertador e Senhor da hist\u00f3ria, que jamais abandona o seu povo.<\/span><span data-ccp-props=\"{&quot;134233117&quot;:true,&quot;134233118&quot;:true,&quot;201341983&quot;:0,&quot;335551550&quot;:6,&quot;335551620&quot;:6,&quot;335559731&quot;:708,&quot;335559739&quot;:160,&quot;335559740&quot;:240}\">\u00a0<\/span><\/p>\n<p style=\"text-align: justify;\"><span data-contrast=\"auto\">O Evangelho \u2013 Mt 4,12-23 \u2013 mostra-nos a concretiza\u00e7\u00e3o da promessa feita por Deus atrav\u00e9s do profeta Isa\u00edas: Jesus \u00e9 a luz que come\u00e7a a brilhar na Galileia para iluminar os caminhos e as vidas de todos aqueles que habitam \u201cna sombria regi\u00e3o da morte\u201d. Ele anuncia a chegada de Deus para fazer nascer um mundo novo, mais justo, mais fraterno e mais humano. Jesus n\u00e3o est\u00e1 sozinho neste projeto: re\u00fane \u00e0 sua volta alguns disc\u00edpulos e convida-os a colaborar com Ele na constru\u00e7\u00e3o do Reino de Deus. Ap\u00f3s a pris\u00e3o de Jo\u00e3o Batista, Jesus entra em a\u00e7\u00e3o, apresentando-se como luz para o povo que vive na incerteza e anunciando a chegada do Reino, com sua proposta de vida digna para todos. Em seguida, chama pessoas generosas para dar continuidade ao seu projeto. Todos somos convidados a colaborar com o Reino de Deus.<\/span><span data-ccp-props=\"{&quot;134233117&quot;:true,&quot;134233118&quot;:true,&quot;201341983&quot;:0,&quot;335551550&quot;:6,&quot;335551620&quot;:6,&quot;335559731&quot;:708,&quot;335559739&quot;:160,&quot;335559740&quot;:240}\">\u00a0<\/span><\/p>\n<p style=\"text-align: justify;\"><span data-contrast=\"auto\">Jesus continua a nos chamar \u00e0 convers\u00e3o. Ele conclama: \u201cconvertei-vos\u201d, \u201carrependei-vos\u201d. O motivo \u00e9 a proximidade do Reino dos C\u00e9us. A chegada desse Reino significa que Deus vem ao mundo com a sua a\u00e7\u00e3o salvadora. Converter-se \u00e9 reconhecer que a Luz surgiu num mundo de escurid\u00e3o. Converter-se \u00e9 escolher essa Luz, isto \u00e9, optar pelo Reinado resplandecente de Deus, em vez do dom\u00ednio obscuro dos poderosos deste mundo, como aconteceu com Herodes\u00a0Antipas, governante da Galileia, que mandara degolar Jo\u00e3o Batista.<\/span><span data-ccp-props=\"{&quot;134233117&quot;:true,&quot;134233118&quot;:true,&quot;201341983&quot;:0,&quot;335551550&quot;:6,&quot;335551620&quot;:6,&quot;335559731&quot;:708,&quot;335559739&quot;:160,&quot;335559740&quot;:240}\">\u00a0<\/span><\/p>\n<p style=\"text-align: justify;\"><span data-contrast=\"auto\">Em segundo lugar, Jesus chama as pessoas para segui-lo, pois o Reinado de Deus cria na sociedade uma comunidade diferente: uma comunidade de pessoas unidas pelo mesmo Mestre, comprometidas com a mesma miss\u00e3o daquele que chama. \u00c9 assim que duas duplas de irm\u00e3os de sangue se tornam irm\u00e3os na f\u00e9 e na miss\u00e3o. O seguimento de Jesus exige coragem e prontid\u00e3o para mudar de vida. No reinado da Luz, a nova fam\u00edlia define-se pelos la\u00e7os da f\u00e9, e o novo trabalho consiste em \u201cpescar homens\u201d, ou seja, promover a dignidade do ser humano.<\/span><span data-ccp-props=\"{&quot;134233117&quot;:true,&quot;134233118&quot;:true,&quot;201341983&quot;:0,&quot;335551550&quot;:6,&quot;335551620&quot;:6,&quot;335559731&quot;:708,&quot;335559739&quot;:160,&quot;335559740&quot;:240}\">\u00a0<\/span><\/p>\n<p style=\"text-align: justify;\"><span data-contrast=\"auto\">Por fim, Jesus mostra que o Reinado de Deus \u00e9 transformador. Num mundo dominado pelo poder de Roma, Ele vem afirmar a soberania do Reinado de Deus. E o faz ensinando a todos, proclamando que vivemos um tempo privilegiado, no qual Deus age para curar as doen\u00e7as do corpo e da alma, para sanar os males pessoais e sociais. A a\u00e7\u00e3o de Jesus \u00e9 a pr\u00f3pria a\u00e7\u00e3o de Deus: o Reinado de Deus j\u00e1 acontece em nosso meio. A a\u00e7\u00e3o dos seguidores continua, hoje, esse mesmo Reinado nas comunidades atentas \u00e0 Luz que persiste em brilhar em meio \u00e0 escurid\u00e3o. \u00c9 sempre tempo de nos convertermos ao Deus dos pequenos e simples e de trabalhar para que a luz da bondade divina brilhe e torne o mundo mais humano.<\/span><span data-ccp-props=\"{&quot;134233117&quot;:true,&quot;134233118&quot;:true,&quot;201341983&quot;:0,&quot;335551550&quot;:6,&quot;335551620&quot;:6,&quot;335559731&quot;:708,&quot;335559739&quot;:160,&quot;335559740&quot;:240}\">\u00a0<\/span><\/p>\n<p style=\"text-align: justify;\"><span data-contrast=\"auto\">Na segunda leitura \u2013 1Cor 1,10-13.17 \u2013, o ap\u00f3stolo Paulo pede aos crist\u00e3os de Corinto que n\u00e3o se esque\u00e7am do compromisso assumido ao decidirem seguir Jesus e acolher a Boa-Nova da salva\u00e7\u00e3o. Como membros do \u201cCorpo de Cristo\u201d, os crist\u00e3os n\u00e3o podem viver em meio a disputas, conflitos e divis\u00f5es. Compete-lhes anunciar, com a pr\u00f3pria vida, esse mundo novo de fraternidade, comunh\u00e3o e paz que Cristo veio propor. S\u00e3o Paulo denuncia as divis\u00f5es e disc\u00f3rdias presentes na comunidade e convida os cor\u00edntios a viverem na unidade e na harmonia. A comunidade n\u00e3o vive do carisma deste ou daquele pregador, mas do poder da cruz de Cristo. Jesus de Nazar\u00e9 deve ser o centro da prega\u00e7\u00e3o de todo evangelizador.<\/span><span data-ccp-props=\"{&quot;134233117&quot;:true,&quot;134233118&quot;:true,&quot;201341983&quot;:0,&quot;335551550&quot;:6,&quot;335551620&quot;:6,&quot;335559731&quot;:708,&quot;335559739&quot;:160,&quot;335559740&quot;:240}\">\u00a0<\/span><\/p>\n<p style=\"text-align: justify;\"><span data-contrast=\"auto\">\u00a0O caminho para realizar-se esta passagem \u2013 \u201cdas trevas \u00e0 luz\u201d \u2013 \u00e9 indicado pela prega\u00e7\u00e3o de Jesus: \u201cconvertei-vos, porque o Reino dos C\u00e9us est\u00e1 pr\u00f3ximo\u201d (Mt\u00a04, 17b). O texto culmina no chamamento dos primeiros disc\u00edpulos: o an\u00fancio do Mestre, que ressoa em seus cora\u00e7\u00f5es, implica, necessariamente, um movimento de disponibilidade \u2013 deixar tudo para seguir: \u201celes imediatamente deixaram a barca e o pai, e seguiram a Jesus\u201d (Mt\u00a04, 22).<\/span><span data-ccp-props=\"{&quot;201341983&quot;:0,&quot;335551550&quot;:6,&quot;335551620&quot;:6,&quot;335559731&quot;:708,&quot;335559739&quot;:160,&quot;335559740&quot;:278}\">\u00a0<\/span><\/p>\n<p style=\"text-align: justify;\">\n","protected":false},"excerpt":{"rendered":"<p>Dom Anuar Battisti Arcebispo Em\u00e9rito de Maring\u00e1 (PR)\u00a0 \u00a0 A liturgia do Terceiro Domingo do Tempo Comum desvela-nos o projeto de salva\u00e7\u00e3o e de vida plena que Deus tem para oferecer ao mundo e aos homens. Ele visita-nos, toma conhecimento das nossas dificuldades, cuida das nossas feridas, mostra-nos em que dire\u00e7\u00e3o caminhar para chegarmos \u00e0 &hellip;<\/p>\n<p class=\"read-more\"> <a class=\"\" href=\"https:\/\/www.cnbb.org.br\/jesus-a-luz-do-mundo-nos-chama-a-conversao-e-ao-arrependimento\/\"> <span class=\"screen-reader-text\">Jesus, a luz do mundo, nos chama a convers\u00e3o e ao arrependimento!\u00a0<\/span> Leia mais &raquo;<\/a><\/p>\n","protected":false},"author":41,"featured_media":0,"comment_status":"closed","ping_status":"closed","sticky":false,"template":"","format":"standard","meta":{"site-sidebar-layout":"default","site-content-layout":"default","ast-global-header-display":"","ast-banner-title-visibility":"","ast-main-header-display":"","ast-hfb-above-header-display":"","ast-hfb-below-header-display":"","ast-hfb-mobile-header-display":"","site-post-title":"","ast-breadcrumbs-content":"","ast-featured-img":"","footer-sml-layout":"","theme-transparent-header-meta":"default","adv-header-id-meta":"","stick-header-meta":"","header-above-stick-meta":"","header-main-stick-meta":"","header-below-stick-meta":""},"categories":[758],"tags":[],"acf":[],"_links":{"self":[{"href":"https:\/\/www.cnbb.org.br\/cnbb-app\/wp\/v2\/posts\/994012"}],"collection":[{"href":"https:\/\/www.cnbb.org.br\/cnbb-app\/wp\/v2\/posts"}],"about":[{"href":"https:\/\/www.cnbb.org.br\/cnbb-app\/wp\/v2\/types\/post"}],"author":[{"embeddable":true,"href":"https:\/\/www.cnbb.org.br\/cnbb-app\/wp\/v2\/users\/41"}],"replies":[{"embeddable":true,"href":"https:\/\/www.cnbb.org.br\/cnbb-app\/wp\/v2\/comments?post=994012"}],"version-history":[{"count":2,"href":"https:\/\/www.cnbb.org.br\/cnbb-app\/wp\/v2\/posts\/994012\/revisions"}],"predecessor-version":[{"id":994014,"href":"https:\/\/www.cnbb.org.br\/cnbb-app\/wp\/v2\/posts\/994012\/revisions\/994014"}],"wp:attachment":[{"href":"https:\/\/www.cnbb.org.br\/cnbb-app\/wp\/v2\/media?parent=994012"}],"wp:term":[{"taxonomy":"category","embeddable":true,"href":"https:\/\/www.cnbb.org.br\/cnbb-app\/wp\/v2\/categories?post=994012"},{"taxonomy":"post_tag","embeddable":true,"href":"https:\/\/www.cnbb.org.br\/cnbb-app\/wp\/v2\/tags?post=994012"}],"curies":[{"name":"wp","href":"https:\/\/api.w.org\/{rel}","templated":true}]}}