{"id":994017,"date":"2026-01-23T09:55:13","date_gmt":"2026-01-23T12:55:13","guid":{"rendered":"https:\/\/www.cnbb.org.br\/?p=994017"},"modified":"2026-01-23T15:25:15","modified_gmt":"2026-01-23T18:25:15","slug":"cnbb-apresenta-prioridades-da-igreja-no-brasil-aos-dicasterios-para-os-bispos-e-para-a-cultura-e-a-educacao","status":"publish","type":"post","link":"https:\/\/www.cnbb.org.br\/cnbb-apresenta-prioridades-da-igreja-no-brasil-aos-dicasterios-para-os-bispos-e-para-a-cultura-e-a-educacao\/","title":{"rendered":"CNBB apresenta prioridades da Igreja no Brasil aos Dicast\u00e9rios para os Bispos e para a Cultura e a Educa\u00e7\u00e3o"},"content":{"rendered":"<p style=\"text-align: justify;\">Nesta sexta-feira, 23, dando continuidade \u00e0 agenda de visitas institucionais aos Dicast\u00e9rios da C\u00faria Romana, a Presid\u00eancia da Confer\u00eancia Nacional dos Bispos do Brasil (CNBB) esteve no Dicast\u00e9rio para os Bispos e no Dicast\u00e9rio para a Cultura e a Educa\u00e7\u00e3o, no Vaticano.<\/p>\n<p style=\"text-align: justify;\">No Dicast\u00e9rio para os Bispos, a Presid\u00eancia da CNBB realizou o primeiro encontro com o novo prefeito, o arcebispo Filippo Iannone. Na ocasi\u00e3o, os bispos brasileiros apresentaram um panorama dos trabalhos pastorais e institucionais desenvolvidos pela Igreja no Brasil, destacando desafios e perspectivas da a\u00e7\u00e3o evangelizadora no pa\u00eds.<\/p>\n<p style=\"text-align: justify;\">Durante a visita, foram entregues ao Dicast\u00e9rio os seguintes documentos:<\/p>\n<ul>\n<li style=\"text-align: justify;\">Relat\u00f3rio da Presid\u00eancia da CNBB &#8211; Ano 2025;<br \/>\nTexto-Base da Campanha da Fraternidade 2026;<br \/>\nDiret\u00f3rio da Liturgia e da Organiza\u00e7\u00e3o da Igreja no Brasil;<br \/>\nEstatuto Can\u00f4nico e Regimento Interno da CNBB;<br \/>\nAcordo Brasil\u2013Santa S\u00e9.<\/li>\n<\/ul>\n<p><img decoding=\"async\" loading=\"lazy\" class=\"aligncenter wp-image-994021 \" src=\"https:\/\/www.cnbb.org.br\/wp-content\/uploads\/2026\/01\/WhatsApp-Image-2026-01-23-at-09.25.35-1024x768.jpeg\" alt=\"\" width=\"561\" height=\"421\" \/><\/p>\n<h3 style=\"text-align: justify;\">Cultura, educa\u00e7\u00e3o e patrim\u00f4nio sacro<\/h3>\n<p style=\"text-align: justify;\">A segunda visita do dia foi ao Dicast\u00e9rio para a Cultura e a Educa\u00e7\u00e3o, cujo prefeito \u00e9 o cardeal Jos\u00e9 Tolentino de Mendon\u00e7a. O encontro foi marcado pela partilha de diversos temas ligados \u00e0 forma\u00e7\u00e3o, \u00e0 educa\u00e7\u00e3o, \u00e0 cultura e \u00e0 preserva\u00e7\u00e3o do patrim\u00f4nio da Igreja.<\/p>\n<p style=\"text-align: justify;\">Entre os assuntos apresentados, destacou-se o Instituto de Direito Can\u00f4nico de Goi\u00e2nia. A Presid\u00eancia manifestou gratid\u00e3o pelo apoio do Dicast\u00e9rio \u00e0 cria\u00e7\u00e3o do Instituto e apresentou os avan\u00e7os no processo de reconhecimento do curso, ressaltando sua import\u00e2ncia para a forma\u00e7\u00e3o can\u00f4nica e o servi\u00e7o pastoral no Brasil.<\/p>\n<p style=\"text-align: justify;\">Tamb\u00e9m foram abordados temas relacionados \u00e0 promo\u00e7\u00e3o de escolas verdadeiramente cat\u00f3licas e \u00e0s parcerias com o Instituto do Patrim\u00f4nio Hist\u00f3rico e Art\u00edstico Nacional (IPHAN). Nesse contexto, foi comunicada a renova\u00e7\u00e3o do conv\u00eanio entre a CNBB e o IPHAN, com o objetivo de desenvolver iniciativas conjuntas voltadas \u00e0 preserva\u00e7\u00e3o, valoriza\u00e7\u00e3o e gest\u00e3o do patrim\u00f4nio cultural e religioso da Igreja no pa\u00eds.<\/p>\n<p style=\"text-align: justify;\">Outro ponto de destaque foi a sustentabilidade da manuten\u00e7\u00e3o do patrim\u00f4nio sacro. A Presid\u00eancia partilhou a resposta institucional encaminhada ao Minist\u00e9rio P\u00fablico Federal e informou sobre a realiza\u00e7\u00e3o de um semin\u00e1rio na PUC-Rio, que reuniu representantes do IPHAN, do Minist\u00e9rio P\u00fablico e de institui\u00e7\u00f5es especializadas para o discernimento de uma proposta de cria\u00e7\u00e3o de um fundo gestor do patrim\u00f4nio sacro no Brasil.<\/p>\n<p style=\"text-align: justify;\">No campo educacional, foi informado que j\u00e1 est\u00e1 conclu\u00eddo um material que se encontra em fase de formaliza\u00e7\u00e3o como documento da CNBB, destinado a servir como refer\u00eancia nacional para o ensino religioso.<\/p>\n<p><img decoding=\"async\" loading=\"lazy\" class=\"aligncenter wp-image-994022 size-large\" src=\"https:\/\/www.cnbb.org.br\/wp-content\/uploads\/2026\/01\/WhatsApp-Image-2026-01-23-at-09.41.58-1024x576.jpeg\" alt=\"\" width=\"1024\" height=\"576\" srcset=\"https:\/\/www.cnbb.org.br\/wp-content\/uploads\/2026\/01\/WhatsApp-Image-2026-01-23-at-09.41.58-1024x576.jpeg 1024w, https:\/\/www.cnbb.org.br\/wp-content\/uploads\/2026\/01\/WhatsApp-Image-2026-01-23-at-09.41.58-300x169.jpeg 300w, https:\/\/www.cnbb.org.br\/wp-content\/uploads\/2026\/01\/WhatsApp-Image-2026-01-23-at-09.41.58-768x432.jpeg 768w, https:\/\/www.cnbb.org.br\/wp-content\/uploads\/2026\/01\/WhatsApp-Image-2026-01-23-at-09.41.58-500x281.jpeg 500w, https:\/\/www.cnbb.org.br\/wp-content\/uploads\/2026\/01\/WhatsApp-Image-2026-01-23-at-09.41.58.jpeg 1280w\" sizes=\"(max-width: 1024px) 100vw, 1024px\" \/><\/p>\n<h3 style=\"text-align: justify;\">Pastoral do Esporte e Congresso internacional<\/h3>\n<p style=\"text-align: justify;\">A reuni\u00e3o tamb\u00e9m abordou a C\u00e1tedra Guido Sch\u00e4ffer e a Pastoral do Esporte. A Comiss\u00e3o Episcopal para a Cultura e a Educa\u00e7\u00e3o da CNBB apresentou um levantamento nacional, realizado junto \u00e0s dioceses, sobre essas iniciativas, com o objetivo de fortalecer sua articula\u00e7\u00e3o pastoral e evangelizadora. Foi anunciado ainda que o Brasil sediar\u00e1, em julho de 2027, um Congresso Internacional de Esportes, em sintonia com a realiza\u00e7\u00e3o da Copa do Mundo Feminina no pa\u00eds.<\/p>\n<p style=\"text-align: justify;\">O cardeal Tolentino de Mendon\u00e7a ressaltou que o Papa \u00e9 um grande entusiasta do esporte e manifesta o desejo de dar maior import\u00e2ncia \u00e0 pastoral esportiva no contexto da miss\u00e3o da Igreja.<\/p>\n<p style=\"text-align: justify;\">Al\u00e9m disso, dom Justino presenteou o cardeal Tolentino com um exemplar do mais recente livro da poeta Ad\u00e9lia Prado, como gesto de apre\u00e7o e di\u00e1logo entre f\u00e9 e cultura.<\/p>\n<p style=\"text-align: justify;\">Ao final do encontro, foram entregues ao Dicast\u00e9rio os seguintes materiais:<\/p>\n<ul>\n<li style=\"text-align: justify;\">Relat\u00f3rio da Presid\u00eancia da CNBB \u2013 Ano 2025;<br \/>\nTexto-Base da Campanha da Fraternidade 2026;<br \/>\nAcordo Brasil\u2013Santa S\u00e9.<\/li>\n<\/ul>\n<p><img decoding=\"async\" loading=\"lazy\" class=\"aligncenter wp-image-994020 \" src=\"https:\/\/www.cnbb.org.br\/wp-content\/uploads\/2026\/01\/WhatsApp-Image-2026-01-23-at-09.25.36-1-1024x576.jpeg\" alt=\"\" width=\"588\" height=\"331\" srcset=\"https:\/\/www.cnbb.org.br\/wp-content\/uploads\/2026\/01\/WhatsApp-Image-2026-01-23-at-09.25.36-1-1024x576.jpeg 1024w, https:\/\/www.cnbb.org.br\/wp-content\/uploads\/2026\/01\/WhatsApp-Image-2026-01-23-at-09.25.36-1-300x169.jpeg 300w, https:\/\/www.cnbb.org.br\/wp-content\/uploads\/2026\/01\/WhatsApp-Image-2026-01-23-at-09.25.36-1-768x432.jpeg 768w, https:\/\/www.cnbb.org.br\/wp-content\/uploads\/2026\/01\/WhatsApp-Image-2026-01-23-at-09.25.36-1-1536x864.jpeg 1536w, https:\/\/www.cnbb.org.br\/wp-content\/uploads\/2026\/01\/WhatsApp-Image-2026-01-23-at-09.25.36-1-500x281.jpeg 500w, https:\/\/www.cnbb.org.br\/wp-content\/uploads\/2026\/01\/WhatsApp-Image-2026-01-23-at-09.25.36-1.jpeg 1600w\" sizes=\"(max-width: 588px) 100vw, 588px\" \/><\/p>\n<p>&nbsp;<\/p>\n<pre>Com informa\u00e7\u00f5es do padre Leandro Megeto | subsecretaria geral da CNBB<\/pre>\n<p style=\"text-align: justify;\">\n","protected":false},"excerpt":{"rendered":"<p>No Dicast\u00e9rio para os Bispos, a Presid\u00eancia da CNBB realizou o primeiro encontro com o novo prefeito, o arcebispo Filippo Iannone. A segunda visita do dia foi ao Dicast\u00e9rio para a Cultura e a Educa\u00e7\u00e3o, cujo prefeito \u00e9 o cardeal Jos\u00e9 Tolentino de Mendon\u00e7a; o encontro foi marcado pela partilha de temas ligados \u00e0 forma\u00e7\u00e3o, educa\u00e7\u00e3o, cultura e \u00e0 preserva\u00e7\u00e3o do patrim\u00f4nio da Igreja<\/p>\n","protected":false},"author":138,"featured_media":994021,"comment_status":"closed","ping_status":"closed","sticky":false,"template":"","format":"standard","meta":{"site-sidebar-layout":"default","site-content-layout":"default","ast-global-header-display":"","ast-banner-title-visibility":"","ast-main-header-display":"","ast-hfb-above-header-display":"","ast-hfb-below-header-display":"","ast-hfb-mobile-header-display":"","site-post-title":"","ast-breadcrumbs-content":"","ast-featured-img":"","footer-sml-layout":"","theme-transparent-header-meta":"default","adv-header-id-meta":"","stick-header-meta":"","header-above-stick-meta":"","header-main-stick-meta":"","header-below-stick-meta":""},"categories":[1841,1851],"tags":[6303,6302,2262],"acf":[],"_links":{"self":[{"href":"https:\/\/www.cnbb.org.br\/cnbb-app\/wp\/v2\/posts\/994017"}],"collection":[{"href":"https:\/\/www.cnbb.org.br\/cnbb-app\/wp\/v2\/posts"}],"about":[{"href":"https:\/\/www.cnbb.org.br\/cnbb-app\/wp\/v2\/types\/post"}],"author":[{"embeddable":true,"href":"https:\/\/www.cnbb.org.br\/cnbb-app\/wp\/v2\/users\/138"}],"replies":[{"embeddable":true,"href":"https:\/\/www.cnbb.org.br\/cnbb-app\/wp\/v2\/comments?post=994017"}],"version-history":[{"count":8,"href":"https:\/\/www.cnbb.org.br\/cnbb-app\/wp\/v2\/posts\/994017\/revisions"}],"predecessor-version":[{"id":994029,"href":"https:\/\/www.cnbb.org.br\/cnbb-app\/wp\/v2\/posts\/994017\/revisions\/994029"}],"wp:featuredmedia":[{"embeddable":true,"href":"https:\/\/www.cnbb.org.br\/cnbb-app\/wp\/v2\/media\/994021"}],"wp:attachment":[{"href":"https:\/\/www.cnbb.org.br\/cnbb-app\/wp\/v2\/media?parent=994017"}],"wp:term":[{"taxonomy":"category","embeddable":true,"href":"https:\/\/www.cnbb.org.br\/cnbb-app\/wp\/v2\/categories?post=994017"},{"taxonomy":"post_tag","embeddable":true,"href":"https:\/\/www.cnbb.org.br\/cnbb-app\/wp\/v2\/tags?post=994017"}],"curies":[{"name":"wp","href":"https:\/\/api.w.org\/{rel}","templated":true}]}}