{"id":994044,"date":"2026-01-23T14:30:57","date_gmt":"2026-01-23T17:30:57","guid":{"rendered":"https:\/\/www.cnbb.org.br\/?p=994044"},"modified":"2026-01-23T15:24:51","modified_gmt":"2026-01-23T18:24:51","slug":"em-missa-do-bicentenario-parolin-diz-que-igreja-e-companheira-do-brasil","status":"publish","type":"post","link":"https:\/\/www.cnbb.org.br\/em-missa-do-bicentenario-parolin-diz-que-igreja-e-companheira-do-brasil\/","title":{"rendered":"Em missa do bicenten\u00e1rio, Parolin diz que Igreja \u00e9 companheira do Brasil, n\u00e3o pot\u00eancia estrangeira"},"content":{"rendered":"<p style=\"text-align: justify;\"><img decoding=\"async\" loading=\"lazy\" class=\"size-medium wp-image-994046 alignright\" src=\"https:\/\/www.cnbb.org.br\/wp-content\/uploads\/2026\/01\/Paraolin-Bicentenario-300x169.jpeg\" alt=\"\" width=\"300\" height=\"169\" srcset=\"https:\/\/www.cnbb.org.br\/wp-content\/uploads\/2026\/01\/Paraolin-Bicentenario-300x169.jpeg 300w, https:\/\/www.cnbb.org.br\/wp-content\/uploads\/2026\/01\/Paraolin-Bicentenario-768x432.jpeg 768w, https:\/\/www.cnbb.org.br\/wp-content\/uploads\/2026\/01\/Paraolin-Bicentenario-500x282.jpeg 500w, https:\/\/www.cnbb.org.br\/wp-content\/uploads\/2026\/01\/Paraolin-Bicentenario.jpeg 1000w\" sizes=\"(max-width: 300px) 100vw, 300px\" \/>Duzentos anos n\u00e3o apenas de hist\u00f3ria, mas de um caminho espiritual e humano &#8220;registrado na carne viva de um povo que cr\u00ea&#8221;: assim o secret\u00e1rio de Estado, card.<\/p>\n<p style=\"text-align: justify;\">O secret\u00e1rio de Estado, cardeal Pietro Parolin, que presidiu a missa, definiu as rela\u00e7\u00f5es diplom\u00e1ticas entre Brasil e Santa S\u00e9, cujo bicenten\u00e1rio foi celebrado na tarde desta sexta-feira, 23 de janeiro, com uma missa de a\u00e7\u00e3o de gra\u00e7as na Bas\u00edlica de Santa Maria Maior.<\/p>\n<h3 style=\"text-align: justify;\">Construir pontes onde o mundo ergue muros<\/h3>\n<p style=\"text-align: justify;\">Diante de autoridades civis e eclesi\u00e1sticas, o cardeal recordou as principais etapas deste elo, que come\u00e7ou com o reconhecimento por parte da Santa S\u00e9 do Imp\u00e9rio do Brasil exatamente dois s\u00e9culos atr\u00e1s.<\/p>\n<p style=\"text-align: justify;\">O primeiro Plenipotenci\u00e1rio do Imperador Pedro I em Roma foi Monsenhor Francisco Corr\u00eaa Vidigal. Em fevereiro daquele mesmo ano, o Papa Le\u00e3o XII prop\u00f4s a S\u00e3o Gaspar del Bufalo o cargo de Representante Pontif\u00edcio no Brasil, mas ele pediu e obteve do Papa a licen\u00e7a para n\u00e3o aceitar. Somente em julho de 1829 foi enviado ao Brasil Mons. Pietro Ostini, primeiro Intern\u00fancio Apost\u00f3lico e Delegado Apost\u00f3lico para toda a Am\u00e9rica Latina. Desde ent\u00e3o, at\u00e9 os dias atuais, 34 Intern\u00fancios e N\u00fancios Apost\u00f3licos se sucederam no Brasil.<\/p>\n<p style=\"text-align: justify;\">&#8220;Duzentos anos n\u00e3o s\u00e3o apenas uma medida cronol\u00f3gica, mas uma trama de encontros, de palavras pronunciadas e, \u00e0s vezes, silenciadas, de gestos discretos e decis\u00f5es corajosas que contribu\u00edram para construir pontes onde o mundo frequentemente ergue muros&#8221;, afirmou o Secret\u00e1rio de Estado, que acrescentou.<\/p>\n<p>\u201cDesejamos, portanto, agradecer por estes dois s\u00e9culos de di\u00e1logo, respeito m\u00fatuo, coopera\u00e7\u00e3o paciente e fecunda, n\u00e3o apenas registrados nos documentos da hist\u00f3ria, mas sobretudo na carne viva de um povo que cr\u00ea, na sua cultura, nas suas esperan\u00e7as e nas suas prova\u00e7\u00f5es.\u201d<\/p>\n<figure id=\"attachment_994048\" aria-describedby=\"caption-attachment-994048\" style=\"width: 1000px\" class=\"wp-caption aligncenter\"><img decoding=\"async\" loading=\"lazy\" class=\"wp-image-994048 size-full\" src=\"https:\/\/www.cnbb.org.br\/wp-content\/uploads\/2026\/01\/Missa-Bicentenario-1.jpeg\" alt=\"\" width=\"1000\" height=\"563\" srcset=\"https:\/\/www.cnbb.org.br\/wp-content\/uploads\/2026\/01\/Missa-Bicentenario-1.jpeg 1000w, https:\/\/www.cnbb.org.br\/wp-content\/uploads\/2026\/01\/Missa-Bicentenario-1-300x169.jpeg 300w, https:\/\/www.cnbb.org.br\/wp-content\/uploads\/2026\/01\/Missa-Bicentenario-1-768x432.jpeg 768w, https:\/\/www.cnbb.org.br\/wp-content\/uploads\/2026\/01\/Missa-Bicentenario-1-500x282.jpeg 500w\" sizes=\"(max-width: 1000px) 100vw, 1000px\" \/><figcaption id=\"caption-attachment-994048\" class=\"wp-caption-text\">No foto, os membros da presid\u00eancia da CNBB participam da missa do bicenten\u00e1rio. | Fotos: VaticanMedia<\/figcaption><\/figure>\n<h3 style=\"text-align: justify;\">A diplomacia da Igreja n\u00e3o busca vantagens pol\u00edticas<\/h3>\n<p style=\"text-align: justify;\">Inspirando-se nas leituras do dia, o card. Parolin analisou a ess\u00eancia da diplomacia, citando tamb\u00e9m o recente discurso do Papa Le\u00e3o XIV ao Corpo Diplom\u00e1tico. Na ocasi\u00e3o, o Pont\u00edfice falou da diplomacia pontif\u00edcia como &#8220;express\u00e3o da pr\u00f3pria catolicidade da Igreja&#8221;, &#8220;animada por uma urg\u00eancia pastoral que a impele a intensificar a sua miss\u00e3o evang\u00e9lica ao servi\u00e7o da humanidade, n\u00e3o a procurar privil\u00e9gios&#8221;.<\/p>\n<p style=\"text-align: justify;\">Assim, acrescentou o cardeal italiano, &#8220;a diplomacia da Igreja n\u00e3o nasce da busca de vantagens pol\u00edticas, mas de uma vis\u00e3o moral e espiritual da hist\u00f3ria, na qual o di\u00e1logo prevalece sobre o conflito, a paci\u00eancia sobre a opress\u00e3o e a consci\u00eancia sobre o interesse imediato&#8221;. Como Davi na gruta, afirmou, &#8220;a Santa S\u00e9 muitas vezes escolheu o caminho silencioso e humilde da palavra, mesmo quando poderia reivindicar outra coisa, confiando no fato de que a verdade possui uma for\u00e7a pr\u00f3pria capaz de agir ao longo do tempo&#8221;.<\/p>\n<p style=\"text-align: justify;\">\u201cEm dois s\u00e9culos de rela\u00e7\u00f5es com a Santa S\u00e9, o Brasil n\u00e3o encontrou na Igreja uma pot\u00eancia estrangeira, mas uma companheira de viagem que se mostrou atenta \u00e0s feridas sociais, aos desafios educativos e \u00e0 promo\u00e7\u00e3o da justi\u00e7a e da paz.\u201d<\/p>\n<figure id=\"attachment_994047\" aria-describedby=\"caption-attachment-994047\" style=\"width: 1024px\" class=\"wp-caption aligncenter\"><img decoding=\"async\" loading=\"lazy\" class=\"wp-image-994047 size-large\" src=\"https:\/\/www.cnbb.org.br\/wp-content\/uploads\/2026\/01\/Embaixador-na-Santa-Se-1024x675.jpeg\" alt=\"\" width=\"1024\" height=\"675\" srcset=\"https:\/\/www.cnbb.org.br\/wp-content\/uploads\/2026\/01\/Embaixador-na-Santa-Se-1024x675.jpeg 1024w, https:\/\/www.cnbb.org.br\/wp-content\/uploads\/2026\/01\/Embaixador-na-Santa-Se-300x198.jpeg 300w, https:\/\/www.cnbb.org.br\/wp-content\/uploads\/2026\/01\/Embaixador-na-Santa-Se-768x506.jpeg 768w, https:\/\/www.cnbb.org.br\/wp-content\/uploads\/2026\/01\/Embaixador-na-Santa-Se-500x330.jpeg 500w, https:\/\/www.cnbb.org.br\/wp-content\/uploads\/2026\/01\/Embaixador-na-Santa-Se.jpeg 1280w\" sizes=\"(max-width: 1024px) 100vw, 1024px\" \/><figcaption id=\"caption-attachment-994047\" class=\"wp-caption-text\">Embaixador brasileiro junto \u00e0 Santa S\u00e9, Everton Vieira Vargas. Fotos: VaticanMedia<\/figcaption><\/figure>\n<h3 style=\"text-align: justify;\">N\u00e3o um ponto de chegada, mas um limiar<\/h3>\n<p style=\"text-align: justify;\">O secret\u00e1rio de Estado dedicou algumas palavras ao povo brasileiro, segundo ele &#8220;profundamente marcado pela f\u00e9 crist\u00e3, pela devo\u00e7\u00e3o mariana e pela capacidade de enfrentar as prova\u00e7\u00f5es hist\u00f3ricas sem perder o sentido da alegria e da solidariedade&#8221;. Ao longo de duzentos anos, os brasileiros passaram por mudan\u00e7as pol\u00edticas, transforma\u00e7\u00f5es sociais, crises e renova\u00e7\u00f5es, mas as rela\u00e7\u00f5es com a Santa S\u00e9 permaneceram ancoradas num princ\u00edpio essencial: a centralidade da pessoa humana, criada \u00e0 imagem de Deus e chamada a uma vida de dignidade, liberdade e responsabilidade.<\/p>\n<p style=\"text-align: justify;\">Por fim, o card. Parolin mencionou a import\u00e2ncia de celebrar este bicenten\u00e1rio em uma bas\u00edlica dedicada \u00e0 M\u00e3e de Deus: &#8220;Sob o seu olhar maternal, a diplomacia torna-se um exerc\u00edcio de escuta, de cust\u00f3dia e de paciente tecelagem de la\u00e7os. O Brasil, que tem uma profunda devo\u00e7\u00e3o a Nossa Senhora Aparecida, encontra em Maria uma ponte espiritual privilegiada com a S\u00e9 de Pedro&#8221;. E citou os tr\u00eas Papas que peregrinaram em territ\u00f3rio brasileiro: S\u00e3o Jo\u00e3o Paulo II, Bento XVI e Francisco.<\/p>\n<p style=\"text-align: justify;\">O convite do purpurado italiano \u00e9 &#8220;olhar para o passado com gratid\u00e3o, para o presente com responsabilidade e para o futuro com esperan\u00e7a. Como Davi, somos chamados a escolher o caminho da mansid\u00e3o, que n\u00e3o \u00e9 fraqueza, e da justi\u00e7a, que n\u00e3o \u00e9 vingan\u00e7a.&#8221; E afirmou:<\/p>\n<p style=\"text-align: justify;\">\u201cEm um mundo marcado por tens\u00f5es, conflitos e novas formas de pobreza, a miss\u00e3o da Igreja e o servi\u00e7o da diplomacia n\u00e3o podem prescindir da busca sincera da paz, dom de Deus e fruto da justi\u00e7a. Portanto, que estes duzentos anos n\u00e3o sejam um ponto de chegada, mas um limiar, o in\u00edcio renovado de um compromisso comum em favor do homem e da sua voca\u00e7\u00e3o transcendente.\u201d<\/p>\n<p style=\"text-align: justify;\">O secret\u00e1rio de Estado concluiu confiando este caminho a Salus Populi Romani e Nossa Senhora Aparecida, &#8220;para que conserve em seu cora\u00e7\u00e3o materno a Santa S\u00e9 e o povo brasileiro e os conduza, atrav\u00e9s dos caminhos por vezes obscuros da hist\u00f3ria, para a luz que nunca se p\u00f5e: o Senhor Jesus Cristo&#8221;.<\/p>\n<p><strong>Confira abaixo a missa na \u00edntegra:<\/strong><\/p>\n<div class=\"ast-oembed-container\" style=\"height: 100%;\"><iframe loading=\"lazy\" title=\"Missa pelo bicenten\u00e1rio das rela\u00e7\u00f5es diplom\u00e1ticas Brasil - Santa S\u00e9\" width=\"500\" height=\"281\" src=\"https:\/\/www.youtube.com\/embed\/FXJLZFHNg5I?feature=oembed\" frameborder=\"0\" allow=\"accelerometer; autoplay; clipboard-write; encrypted-media; gyroscope; picture-in-picture; web-share\" referrerpolicy=\"strict-origin-when-cross-origin\" allowfullscreen><\/iframe><\/div>\n<p>&nbsp;<\/p>\n<pre>Com informa\u00e7\u00f5es do <a href=\"https:\/\/www.vaticannews.va\/pt\/vaticano\/news\/2026-01\/cardeal-parolin-homilia-200-anos-brasil-santa-se.html\" target=\"_blank\" rel=\"noopener\">VaticanNews<\/a><\/pre>\n","protected":false},"excerpt":{"rendered":"<p>O secret\u00e1rio de Estado, cardeal Pietro Parolin, que presidiu a missa, definiu as rela\u00e7\u00f5es diplom\u00e1ticas entre Brasil e Santa S\u00e9, cujo bicenten\u00e1rio foi celebrado na tarde desta sexta-feira, 23 de janeiro, com uma missa de a\u00e7\u00e3o de gra\u00e7as na Bas\u00edlica de Santa Maria Maior<\/p>\n","protected":false},"author":142,"featured_media":994045,"comment_status":"closed","ping_status":"closed","sticky":false,"template":"","format":"standard","meta":{"site-sidebar-layout":"default","site-content-layout":"default","ast-global-header-display":"","ast-banner-title-visibility":"","ast-main-header-display":"","ast-hfb-above-header-display":"","ast-hfb-below-header-display":"","ast-hfb-mobile-header-display":"","site-post-title":"","ast-breadcrumbs-content":"","ast-featured-img":"","footer-sml-layout":"","theme-transparent-header-meta":"default","adv-header-id-meta":"","stick-header-meta":"","header-above-stick-meta":"","header-main-stick-meta":"","header-below-stick-meta":""},"categories":[1840,797,784],"tags":[6140,6294,6305,2262],"acf":[],"_links":{"self":[{"href":"https:\/\/www.cnbb.org.br\/cnbb-app\/wp\/v2\/posts\/994044"}],"collection":[{"href":"https:\/\/www.cnbb.org.br\/cnbb-app\/wp\/v2\/posts"}],"about":[{"href":"https:\/\/www.cnbb.org.br\/cnbb-app\/wp\/v2\/types\/post"}],"author":[{"embeddable":true,"href":"https:\/\/www.cnbb.org.br\/cnbb-app\/wp\/v2\/users\/142"}],"replies":[{"embeddable":true,"href":"https:\/\/www.cnbb.org.br\/cnbb-app\/wp\/v2\/comments?post=994044"}],"version-history":[{"count":6,"href":"https:\/\/www.cnbb.org.br\/cnbb-app\/wp\/v2\/posts\/994044\/revisions"}],"predecessor-version":[{"id":994054,"href":"https:\/\/www.cnbb.org.br\/cnbb-app\/wp\/v2\/posts\/994044\/revisions\/994054"}],"wp:featuredmedia":[{"embeddable":true,"href":"https:\/\/www.cnbb.org.br\/cnbb-app\/wp\/v2\/media\/994045"}],"wp:attachment":[{"href":"https:\/\/www.cnbb.org.br\/cnbb-app\/wp\/v2\/media?parent=994044"}],"wp:term":[{"taxonomy":"category","embeddable":true,"href":"https:\/\/www.cnbb.org.br\/cnbb-app\/wp\/v2\/categories?post=994044"},{"taxonomy":"post_tag","embeddable":true,"href":"https:\/\/www.cnbb.org.br\/cnbb-app\/wp\/v2\/tags?post=994044"}],"curies":[{"name":"wp","href":"https:\/\/api.w.org\/{rel}","templated":true}]}}